{"id":46731,"date":"2023-01-10T23:02:25","date_gmt":"2023-01-11T02:02:25","guid":{"rendered":"https:\/\/www.portalalerta.com.br\/?p=46731"},"modified":"2023-01-10T23:02:27","modified_gmt":"2023-01-11T02:02:27","slug":"jovem-e-apreendido-por-trafico-de-drogas-em-ribeira-do-pombal-ba","status":"publish","type":"post","link":"https:\/\/www.portalalerta.com.br\/index.php\/2023\/01\/10\/jovem-e-apreendido-por-trafico-de-drogas-em-ribeira-do-pombal-ba\/","title":{"rendered":"Jovem \u00e9 apreendido por tr\u00e1fico de drogas em Ribeira do Pombal-BA"},"content":{"rendered":"\n<p>Por volta das 23h da \u00faltima segunda-feira (09), policiais militares do 2\u00ba Pelot\u00e3o\/ Ribeira do Pombal-BA foram at\u00e9 as proximidades do a\u00e7ude da cidade, com a finalidade de apurarem uma den\u00fancia de tr\u00e1fico de drogas.<\/p>\n\n\n\n<!--more-->\n\n\n\n<p>No local, os militares visualizaram um jovem trajando roupas semelhantes \u00e0s descritas na den\u00fancia que caracterizava o traficante. Ao perceber a presen\u00e7a policial, o suspeito tentou fugir, por\u00e9m sem sucesso. Durante uma busca pessoal, foram encontradas 34 pedras de crack, que estavam no bolso da bermuda do mesmo.<\/p>\n\n\n\n<p>O jovem alegou ser menor de idade, e por conta disso os policiais foram at\u00e9 a sua resid\u00eancia, onde solicitaram a presen\u00e7a do pai, que o acompanhou at\u00e9 a Central de Flagrantes em Euclides da Cunha-BA, onde todos foram apresentados para a ado\u00e7\u00e3o das medidas cab\u00edveis.<\/p>\n\n\n\n<p><em>Reda\u00e7\u00e3o: Portal Alerta<\/em><\/p>\n","protected":false},"excerpt":{"rendered":"<p>Por volta das 23h da \u00faltima segunda-feira (09), policiais militares do 2\u00ba Pelot\u00e3o\/ Ribeira do Pombal-BA foram at\u00e9 as proximidades do a\u00e7ude da cidade, com a finalidade de apurarem uma den\u00fancia de tr\u00e1fico de drogas.<\/p>\n","protected":false},"author":2,"featured_media":46732,"comment_status":"open","ping_status":"open","sticky":false,"template":"","format":"standard","meta":{"om_disable_all_campaigns":false,"_monsterinsights_skip_tracking":false,"_monsterinsights_sitenote_active":false,"_monsterinsights_sitenote_note":"","_monsterinsights_sitenote_category":0,"footnotes":""},"categories":[70,69,32,3,22],"tags":[100,71,143,48,4179,75,4178,4180,129,107,4181,132,230,57,3385,3828,106,203,120,51,109,88,47,111,76],"class_list":["post-46731","post","type-post","status-publish","format-standard","has-post-thumbnail","hentry","category-destaques","category-noticias2","category-regiao","category-ribeira-do-pombal","category-seguranca","tag-adustina","tag-antas","tag-apreensao","tag-araci","tag-banzae-2","tag-cicero-dantas","tag-cipo-2","tag-crisopolis-2","tag-euclides-da-cunha","tag-fatima","tag-heliopolis-2","tag-itapicuru","tag-jeremoabo","tag-menor","tag-menor-infrator","tag-noticias","tag-nova-soure","tag-novo-triunfo","tag-olindina","tag-paripiranga","tag-quijingue","tag-ribeira-do-amparo","tag-ribeira-do-pombal","tag-sitio-do-quinto","tag-trafico-de-drogas"],"aioseo_notices":[],"_links":{"self":[{"href":"https:\/\/www.portalalerta.com.br\/index.php\/wp-json\/wp\/v2\/posts\/46731","targetHints":{"allow":["GET"]}}],"collection":[{"href":"https:\/\/www.portalalerta.com.br\/index.php\/wp-json\/wp\/v2\/posts"}],"about":[{"href":"https:\/\/www.portalalerta.com.br\/index.php\/wp-json\/wp\/v2\/types\/post"}],"author":[{"embeddable":true,"href":"https:\/\/www.portalalerta.com.br\/index.php\/wp-json\/wp\/v2\/users\/2"}],"replies":[{"embeddable":true,"href":"https:\/\/www.portalalerta.com.br\/index.php\/wp-json\/wp\/v2\/comments?post=46731"}],"version-history":[{"count":1,"href":"https:\/\/www.portalalerta.com.br\/index.php\/wp-json\/wp\/v2\/posts\/46731\/revisions"}],"predecessor-version":[{"id":46733,"href":"https:\/\/www.portalalerta.com.br\/index.php\/wp-json\/wp\/v2\/posts\/46731\/revisions\/46733"}],"wp:featuredmedia":[{"embeddable":true,"href":"https:\/\/www.portalalerta.com.br\/index.php\/wp-json\/wp\/v2\/media\/46732"}],"wp:attachment":[{"href":"https:\/\/www.portalalerta.com.br\/index.php\/wp-json\/wp\/v2\/media?parent=46731"}],"wp:term":[{"taxonomy":"category","embeddable":true,"href":"https:\/\/www.portalalerta.com.br\/index.php\/wp-json\/wp\/v2\/categories?post=46731"},{"taxonomy":"post_tag","embeddable":true,"href":"https:\/\/www.portalalerta.com.br\/index.php\/wp-json\/wp\/v2\/tags?post=46731"}],"curies":[{"name":"wp","href":"https:\/\/api.w.org\/{rel}","templated":true}]}}