{"id":46787,"date":"2023-01-12T21:50:37","date_gmt":"2023-01-13T00:50:37","guid":{"rendered":"https:\/\/www.portalalerta.com.br\/?p=46787"},"modified":"2023-01-12T21:50:39","modified_gmt":"2023-01-13T00:50:39","slug":"euclides-da-cunha-reduz-em-63-o-numero-de-homicidios-em-2022-em-relacao-a-2021-confira-a-mancha-criminal","status":"publish","type":"post","link":"https:\/\/www.portalalerta.com.br\/index.php\/2023\/01\/12\/euclides-da-cunha-reduz-em-63-o-numero-de-homicidios-em-2022-em-relacao-a-2021-confira-a-mancha-criminal\/","title":{"rendered":"Euclides da Cunha reduz em 63% o n\u00famero de homic\u00eddios em 2022, em rela\u00e7\u00e3o \u00e0 2021. Confira a Mancha Criminal!"},"content":{"rendered":"\n<p>Em 2022, Euclides da Cunha-BA registrou tr\u00eas homic\u00eddios, cinco a menos que em 2021, uma redu\u00e7\u00e3o de 63% em compara\u00e7\u00e3o a 2021. Atualmente Euclides da Cunha \u00e9 habitada por 60.585 pessoas, de acordo com a \u00faltima estimativa do IBGE. Desta forma, analisando em propor\u00e7\u00e3o, ficou com uma m\u00e9dia de 13 homic\u00eddios para cada 100.000 habitantes.<\/p>\n\n\n\n<!--more-->\n\n\n\n<p>Por fim, se concluiu que janeiro foi o m\u00eas mais violento do ano, registrando tr\u00eas homic\u00eddios.&nbsp; 75% destes crimes foram cometidos com arma de fogo.<\/p>\n\n\n\n<p>Vale ressaltar que estes dados s\u00e3o baseados em mat\u00e9rias jornal\u00edsticas do site PORTAL ALERTA, n\u00e3o incluindo mortes por interven\u00e7\u00f5es policiais e tentativas de homic\u00eddios que evolu\u00edram a \u00f3bito, o que podem ser contestadas pelas autoridades policiais.<\/p>\n\n\n\n<p><strong>Confira o Mapa:<\/strong><\/p>\n\n\n<div class=\"wp-block-image\">\n<figure class=\"aligncenter size-full\"><img fetchpriority=\"high\" decoding=\"async\" width=\"700\" height=\"500\" src=\"https:\/\/www.portalalerta.com.br\/wp-content\/uploads\/2023\/01\/Mancha-Criminal-Homicidios-Euclides-da-Cunha-2022.jpg\" alt=\"\" class=\"wp-image-46788\" srcset=\"https:\/\/www.portalalerta.com.br\/wp-content\/uploads\/2023\/01\/Mancha-Criminal-Homicidios-Euclides-da-Cunha-2022.jpg 700w, https:\/\/www.portalalerta.com.br\/wp-content\/uploads\/2023\/01\/Mancha-Criminal-Homicidios-Euclides-da-Cunha-2022-336x240.jpg 336w\" sizes=\"(max-width: 700px) 100vw, 700px\" \/><\/figure><\/div>\n\n\n<p><a href=\"https:\/\/www.portalalerta.com.br\/index.php\/2022\/01\/25\/mulher-e-encontrada-morta-com-sinais-de-violencia-em-euclides-da-cunha-ba-ex-e-suspeito\/\"><strong>1 \u2013 Silvania da Concei\u00e7\u00e3o, 36 anos, em 22\/01\/2022<\/strong><\/a><\/p>\n\n\n\n<p><strong>Local: <\/strong>Bairro Bela Vista<\/p>\n\n\n\n<p><strong>Meio Utilizado:<\/strong> Estrangulamento<\/p>\n\n\n\n<p><strong>Motiva\u00e7\u00e3o: <\/strong>Passional<\/p>\n\n\n\n<p><a href=\"https:\/\/www.portalalerta.com.br\/index.php\/2022\/03\/25\/menor-e-apreendido-logo-apos-cometer-homicidio-em-euclides-da-cunha-ba\/\"><strong>2 \u2013 Vinicius, em 24\/03\/2022<\/strong><\/a><\/p>\n\n\n\n<p><strong>Local: <\/strong>Bairro Duda Mac\u00e1rio<\/p>\n\n\n\n<p><strong>Meio Utilizado:<\/strong> Faca<\/p>\n\n\n\n<p><strong>Poss\u00edvel Motiva\u00e7\u00e3o:<\/strong> Passional<\/p>\n\n\n\n<p><a href=\"https:\/\/www.portalalerta.com.br\/index.php\/2022\/10\/10\/dono-de-bar-e-morto-a-tiros-no-distrito-de-aribice-em-euclides-da-cunha-ba\/\"><strong>3 \u2013 Alex Saad (Xiru), em 07\/10;2022<\/strong><\/a><\/p>\n\n\n\n<p><strong>Local: <\/strong>Distrito de Aribic\u00e9<\/p>\n\n\n\n<p><strong>Meio Utilizado: <\/strong>Arma de fogo<\/p>\n\n\n\n<p><strong>Poss\u00edvel Motiva\u00e7\u00e3o: <\/strong>Desconhecida<\/p>\n\n\n\n<p><strong>Confira o gr\u00e1fico comparativo entre os anos 2021 e 2022: <\/strong><\/p>\n\n\n<div class=\"wp-block-image\">\n<figure class=\"aligncenter size-full\"><img decoding=\"async\" width=\"550\" height=\"330\" src=\"https:\/\/www.portalalerta.com.br\/wp-content\/uploads\/2023\/01\/Comparativo-Mensal-de-Homicidios-em-Euclides-da-Cunha-2021-e-2022.jpg\" alt=\"\" class=\"wp-image-46789\" srcset=\"https:\/\/www.portalalerta.com.br\/wp-content\/uploads\/2023\/01\/Comparativo-Mensal-de-Homicidios-em-Euclides-da-Cunha-2021-e-2022.jpg 550w, https:\/\/www.portalalerta.com.br\/wp-content\/uploads\/2023\/01\/Comparativo-Mensal-de-Homicidios-em-Euclides-da-Cunha-2021-e-2022-400x240.jpg 400w\" sizes=\"(max-width: 550px) 100vw, 550px\" \/><\/figure><\/div>\n\n\n<p><em>Reda\u00e7\u00e3o: Portal Alerta<\/em><\/p>\n","protected":false},"excerpt":{"rendered":"<p>Em 2022, Euclides da Cunha-BA registrou tr\u00eas homic\u00eddios, cinco a menos que em 2021, uma redu\u00e7\u00e3o de 63% em compara\u00e7\u00e3o a 2021. Atualmente Euclides da Cunha \u00e9 habitada por 60.585 pessoas, de acordo com a \u00faltima estimativa do IBGE. Desta forma, analisando em propor\u00e7\u00e3o, ficou com uma m\u00e9dia de 13 homic\u00eddios para cada 100.000 habitantes.<\/p>\n","protected":false},"author":2,"featured_media":13327,"comment_status":"open","ping_status":"open","sticky":false,"template":"","format":"standard","meta":{"om_disable_all_campaigns":false,"_monsterinsights_skip_tracking":false,"_monsterinsights_sitenote_active":false,"_monsterinsights_sitenote_note":"","_monsterinsights_sitenote_category":0,"footnotes":""},"categories":[70,17,69,32,22],"tags":[100,71,48,4179,75,4178,4180,129,107,4181,2074,132,230,500,439,3828,106,203,120,51,109,88,47,111],"class_list":["post-46787","post","type-post","status-publish","format-standard","has-post-thumbnail","hentry","category-destaques","category-euclides-da-cunha","category-noticias2","category-regiao","category-seguranca","tag-adustina","tag-antas","tag-araci","tag-banzae-2","tag-cicero-dantas","tag-cipo-2","tag-crisopolis-2","tag-euclides-da-cunha","tag-fatima","tag-heliopolis-2","tag-homicidios","tag-itapicuru","tag-jeremoabo","tag-mancha-criminal","tag-mortes","tag-noticias","tag-nova-soure","tag-novo-triunfo","tag-olindina","tag-paripiranga","tag-quijingue","tag-ribeira-do-amparo","tag-ribeira-do-pombal","tag-sitio-do-quinto"],"aioseo_notices":[],"_links":{"self":[{"href":"https:\/\/www.portalalerta.com.br\/index.php\/wp-json\/wp\/v2\/posts\/46787","targetHints":{"allow":["GET"]}}],"collection":[{"href":"https:\/\/www.portalalerta.com.br\/index.php\/wp-json\/wp\/v2\/posts"}],"about":[{"href":"https:\/\/www.portalalerta.com.br\/index.php\/wp-json\/wp\/v2\/types\/post"}],"author":[{"embeddable":true,"href":"https:\/\/www.portalalerta.com.br\/index.php\/wp-json\/wp\/v2\/users\/2"}],"replies":[{"embeddable":true,"href":"https:\/\/www.portalalerta.com.br\/index.php\/wp-json\/wp\/v2\/comments?post=46787"}],"version-history":[{"count":1,"href":"https:\/\/www.portalalerta.com.br\/index.php\/wp-json\/wp\/v2\/posts\/46787\/revisions"}],"predecessor-version":[{"id":46790,"href":"https:\/\/www.portalalerta.com.br\/index.php\/wp-json\/wp\/v2\/posts\/46787\/revisions\/46790"}],"wp:featuredmedia":[{"embeddable":true,"href":"https:\/\/www.portalalerta.com.br\/index.php\/wp-json\/wp\/v2\/media\/13327"}],"wp:attachment":[{"href":"https:\/\/www.portalalerta.com.br\/index.php\/wp-json\/wp\/v2\/media?parent=46787"}],"wp:term":[{"taxonomy":"category","embeddable":true,"href":"https:\/\/www.portalalerta.com.br\/index.php\/wp-json\/wp\/v2\/categories?post=46787"},{"taxonomy":"post_tag","embeddable":true,"href":"https:\/\/www.portalalerta.com.br\/index.php\/wp-json\/wp\/v2\/tags?post=46787"}],"curies":[{"name":"wp","href":"https:\/\/api.w.org\/{rel}","templated":true}]}}