{"id":46799,"date":"2023-01-13T01:54:40","date_gmt":"2023-01-13T04:54:40","guid":{"rendered":"https:\/\/www.portalalerta.com.br\/?p=46799"},"modified":"2023-01-13T01:54:41","modified_gmt":"2023-01-13T04:54:41","slug":"exemplar-da-constituicao-roubado-em-ato-terrorista-no-df-e-recuperado","status":"publish","type":"post","link":"https:\/\/www.portalalerta.com.br\/index.php\/2023\/01\/13\/exemplar-da-constituicao-roubado-em-ato-terrorista-no-df-e-recuperado\/","title":{"rendered":"Exemplar da Constitui\u00e7\u00e3o roubado em ato terrorista no DF \u00e9 recuperado"},"content":{"rendered":"\n<p>Informa\u00e7\u00e3o foi compartilhada pelo ministro da Justi\u00e7a, Fl\u00e1vio Dino<\/p>\n\n\n\n<!--more-->\n\n\n\n<p>O ministro da Justi\u00e7a, Fl\u00e1vio Dino, informou nesta quinta-feira (12) que o\u00a0exemplar da Constitui\u00e7\u00e3o de 1988 roubado pelos extremistas\u00a0que invadiram o Supremo Tribunal Federal (STF) no \u00faltimo domingo (8) foi apreendido e recuperado.<\/p>\n\n\n\n<p><strong>&#8220;Viva a Constitui\u00e7\u00e3o! Ela venceu e sempre vencer\u00e1&#8221;<\/strong><em>, celebrou Dino em publica\u00e7\u00e3o nas redes sociais.<\/em><\/p>\n\n\n\n<p>A Constitui\u00e7\u00e3o que os terroristas roubaram no STF foi apreendida e recuperada.<br><br>Viva a Constitui\u00e7\u00e3o! Ela venceu e sempre vencer\u00e1.&nbsp;<a href=\"https:\/\/t.co\/qH5Pwr1Y0N\" target=\"_blank\" rel=\"noreferrer noopener\">pic.twitter.com\/qH5Pwr1Y0N<\/a><\/p>\n\n\n\n<p>\u2014 Fl\u00e1vio Dino \ud83c\udde7\ud83c\uddf7 (@FlavioDino)&nbsp;<a href=\"https:\/\/twitter.com\/FlavioDino\/status\/1613581303017869332?ref_src=twsrc%5Etfw\" target=\"_blank\" rel=\"noreferrer noopener\">January 12, 2023<\/a><\/p>\n\n\n\n<p>Apesar do boato que circulava na internet, a Constitui\u00e7\u00e3o roubada n\u00e3o \u00e9 a original. A primeira edi\u00e7\u00e3o da Carta Magna se encontra no museu do STF, localizado no subsolo da Corte, e est\u00e1 intacta. O local n\u00e3o foi atingido pelos terroristas.<\/p>\n\n\n\n<p><strong>Uma outra vers\u00e3o original fica no Arquivo Nacional, no Rio de Janeiro.<\/strong><\/p>\n\n\n<div class=\"wp-block-image\">\n<figure class=\"alignleft size-full is-resized\"><img fetchpriority=\"high\" decoding=\"async\" src=\"https:\/\/www.portalalerta.com.br\/wp-content\/uploads\/2021\/04\/ELAB.jpg\" alt=\"\" class=\"wp-image-34795\" width=\"383\" height=\"306\" srcset=\"https:\/\/www.portalalerta.com.br\/wp-content\/uploads\/2021\/04\/ELAB.jpg 1000w, https:\/\/www.portalalerta.com.br\/wp-content\/uploads\/2021\/04\/ELAB-300x240.jpg 300w, https:\/\/www.portalalerta.com.br\/wp-content\/uploads\/2021\/04\/ELAB-768x614.jpg 768w, https:\/\/www.portalalerta.com.br\/wp-content\/uploads\/2021\/04\/ELAB-183x146.jpg 183w, https:\/\/www.portalalerta.com.br\/wp-content\/uploads\/2021\/04\/ELAB-50x40.jpg 50w, https:\/\/www.portalalerta.com.br\/wp-content\/uploads\/2021\/04\/ELAB-94x75.jpg 94w\" sizes=\"(max-width: 383px) 100vw, 383px\" \/><\/figure><\/div>\n\n\n<p>A r\u00e9plica que foi retirada pelos v\u00e2ndalos e levada para a pra\u00e7a dos Tr\u00eas Poderes estava no edif\u00edcio sede do STF. V\u00eddeos exibem o momento em que um extremista apoiador de Jair Bolsonaro (PL) sobe na escultura &#8220;A Justi\u00e7a&#8221;, de Alberto Ceschiatti, e abre o exemplar da Constitui\u00e7\u00e3o. A obra foi pichada com a frase \u201cperdeu, man\u00e9\u201d.<\/p>\n\n\n\n<p><strong>O que mais foi roubado?<\/strong><\/p>\n\n\n\n<p>Apesar de ainda n\u00e3o haver um invent\u00e1rio oficial com tudo o que foi saqueado das sedes dos Tr\u00eas Poderes \u2013 STF, Congresso Nacional e Pal\u00e1cio do Planalto \u2013 informa\u00e7\u00f5es iniciais apontam que os seguintes itens foram levados:<\/p>\n\n\n\n<ul class=\"wp-block-list\">\n<li>Uma\u00a0bola de futebol autografada por Neymar, atacante da Sele\u00e7\u00e3o Brasileira;<\/li>\n\n\n\n<li>Presentes de autoridades estrangeiras, entregues em visita ao parlamento;<\/li>\n\n\n\n<li>Mob\u00edlia;<\/li>\n\n\n\n<li>Documentos sigilosos;<\/li>\n\n\n\n<li>Armas letais, como pistolas e muni\u00e7\u00f5es;<\/li>\n\n\n\n<li>Equipamentos eletr\u00f4nicos;<\/li>\n\n\n\n<li>Obras de arte.<\/li>\n<\/ul>\n\n\n\n<p>Al\u00e9m dos roubos, <strong><em>\u201cparte importante do acervo art\u00edstico e arquitet\u00f4nico\u201d<\/em><\/strong> do Pal\u00e1cio do Planalto foi vandalizado, segundo nota da sede do Executivo.\u00a0A lista preliminar foi dividida por andares\u00a0e, entre as pe\u00e7as, est\u00e3o:<\/p>\n\n\n\n<ul class=\"wp-block-list\">\n<li>Obra \u201cAs mulatas\u201d, de Di Cavalcanti, cujo valor estimado \u00e9 de R$ 8 milh\u00f5es;<\/li>\n\n\n\n<li>Galeria dos ex-presidentes \u2014 totalmente destru\u00edda, com todas as fotografias retiradas da parede, jogadas ao ch\u00e3o e quebradas;<\/li>\n\n\n\n<li>Escultura \u201cO Flautista\u201d, de Bruno Jorge, avaliada em R$ 250 mil;<\/li>\n\n\n\n<li>Mesa de trabalho de Juscelino Kubitscheck, exposta no sal\u00e3o;<\/li>\n\n\n\n<li>Rel\u00f3gio de Balthazar Martinot, presente da Corte Francesa para Dom Jo\u00e3o VI que data do s\u00e9culo XVII.<\/li>\n<\/ul>\n\n\n\n<p><em>Fonte: Yahoo Not\u00edcias<\/em><\/p>\n","protected":false},"excerpt":{"rendered":"<p>Informa\u00e7\u00e3o foi compartilhada pelo ministro da Justi\u00e7a, Fl\u00e1vio Dino<\/p>\n","protected":false},"author":2,"featured_media":46800,"comment_status":"open","ping_status":"open","sticky":false,"template":"","format":"standard","meta":{"om_disable_all_campaigns":false,"_monsterinsights_skip_tracking":false,"_monsterinsights_sitenote_active":false,"_monsterinsights_sitenote_note":"","_monsterinsights_sitenote_category":0,"footnotes":""},"categories":[34,70,69,21,22],"tags":[100,71,48,4179,93,786,75,4178,4180,129,107,4181,132,230,475,3828,106,203,120,51,109,3770,88,47,111,190],"class_list":["post-46799","post","type-post","status-publish","format-standard","has-post-thumbnail","hentry","category-brasil","category-destaques","category-noticias2","category-politica","category-seguranca","tag-adustina","tag-antas","tag-araci","tag-banzae-2","tag-brasil","tag-brasilia","tag-cicero-dantas","tag-cipo-2","tag-crisopolis-2","tag-euclides-da-cunha","tag-fatima","tag-heliopolis-2","tag-itapicuru","tag-jeremoabo","tag-manifestacao","tag-noticias","tag-nova-soure","tag-novo-triunfo","tag-olindina","tag-paripiranga","tag-quijingue","tag-reconstituicao","tag-ribeira-do-amparo","tag-ribeira-do-pombal","tag-sitio-do-quinto","tag-tucano"],"aioseo_notices":[],"_links":{"self":[{"href":"https:\/\/www.portalalerta.com.br\/index.php\/wp-json\/wp\/v2\/posts\/46799","targetHints":{"allow":["GET"]}}],"collection":[{"href":"https:\/\/www.portalalerta.com.br\/index.php\/wp-json\/wp\/v2\/posts"}],"about":[{"href":"https:\/\/www.portalalerta.com.br\/index.php\/wp-json\/wp\/v2\/types\/post"}],"author":[{"embeddable":true,"href":"https:\/\/www.portalalerta.com.br\/index.php\/wp-json\/wp\/v2\/users\/2"}],"replies":[{"embeddable":true,"href":"https:\/\/www.portalalerta.com.br\/index.php\/wp-json\/wp\/v2\/comments?post=46799"}],"version-history":[{"count":1,"href":"https:\/\/www.portalalerta.com.br\/index.php\/wp-json\/wp\/v2\/posts\/46799\/revisions"}],"predecessor-version":[{"id":46801,"href":"https:\/\/www.portalalerta.com.br\/index.php\/wp-json\/wp\/v2\/posts\/46799\/revisions\/46801"}],"wp:featuredmedia":[{"embeddable":true,"href":"https:\/\/www.portalalerta.com.br\/index.php\/wp-json\/wp\/v2\/media\/46800"}],"wp:attachment":[{"href":"https:\/\/www.portalalerta.com.br\/index.php\/wp-json\/wp\/v2\/media?parent=46799"}],"wp:term":[{"taxonomy":"category","embeddable":true,"href":"https:\/\/www.portalalerta.com.br\/index.php\/wp-json\/wp\/v2\/categories?post=46799"},{"taxonomy":"post_tag","embeddable":true,"href":"https:\/\/www.portalalerta.com.br\/index.php\/wp-json\/wp\/v2\/tags?post=46799"}],"curies":[{"name":"wp","href":"https:\/\/api.w.org\/{rel}","templated":true}]}}