{"id":46811,"date":"2023-01-13T02:35:30","date_gmt":"2023-01-13T05:35:30","guid":{"rendered":"https:\/\/www.portalalerta.com.br\/?p=46811"},"modified":"2023-01-13T02:35:31","modified_gmt":"2023-01-13T05:35:31","slug":"audiencia-pela-universidade-federal-do-nordeste-da-bahia-e-realizada-em-ribeira-do-pombal-ba","status":"publish","type":"post","link":"https:\/\/www.portalalerta.com.br\/index.php\/2023\/01\/13\/audiencia-pela-universidade-federal-do-nordeste-da-bahia-e-realizada-em-ribeira-do-pombal-ba\/","title":{"rendered":"Audi\u00eancia pela Universidade Federal do Nordeste da Bahia \u00e9 realizada em Ribeira do Pombal-BA"},"content":{"rendered":"\n<p>Ribeira do Pombal-BA sediou, nesta quinta-feira, (12), a reuni\u00e3o com representantes dos territ\u00f3rios Litoral Norte, Sisal, Bacia do Jacu\u00edpe e Semi\u00e1rido Nordeste II, abrangidos pelo projeto de cria\u00e7\u00e3o da UFNB \u2013 Universidade Federal do Nordeste da Bahia. O evento significou a retomada dos debates e articula\u00e7\u00f5es em vista do projeto que foi suspenso em 2014, quando do impeachment da presidenta Dilma e que agora com o novo Governo Federal poder ser reativado gra\u00e7as ao empenho dos agentes sociais e pol\u00edticos dos territ\u00f3rios envolvidos, uma que agora acreditam ser poss\u00edvel transformar esse sonho em realidade.<\/p>\n\n\n\n<!--more-->\n\n\n\n<p>O Projeto re\u00fane 74 munic\u00edpios, 1,8 milh\u00f5es de habitantes, cria\u00e7\u00e3o de 1.600 cargos e tem por objetivo ministrar ensino superior, desenvolver pesquisa nas diversas \u00e1reas do conhecimento e promover a extens\u00e3o universit\u00e1ria, caracterizando sua inser\u00e7\u00e3o regional mediante atua\u00e7\u00e3o multicampi.<\/p>\n\n\n\n<p>A proposta ainda compreende em oferecer aos acad\u00eamicos trajet\u00f3rias compostas por m\u00f3dulos e fases sucessivas e articuladas, com certifica\u00e7\u00e3o intermedi\u00e1ria que abrangem Bacharelado Interdisciplinar, Licenciatura Interdisciplinar, Gradua\u00e7\u00e3o, Resid\u00eancias Profissionais, Mestrados Profissionais e Acad\u00eamicos e Doutorados. A Partir do evento realizado em Ribeira do Pombal o grupo, vai se organizar para promover uma agenda de debates, mobiliza\u00e7\u00f5es e a\u00e7\u00f5es pol\u00edticas institucionais assumidas na oportunidade.<\/p>\n\n\n\n<p><em>Fonte: SECOM\/ Ribeira do Pombal<\/em><\/p>\n","protected":false},"excerpt":{"rendered":"<p>Ribeira do Pombal-BA sediou, nesta quinta-feira, (12), a reuni\u00e3o com representantes dos territ\u00f3rios Litoral Norte, Sisal, Bacia do Jacu\u00edpe e Semi\u00e1rido Nordeste II, abrangidos pelo projeto de cria\u00e7\u00e3o da UFNB \u2013 Universidade Federal do Nordeste da Bahia. O evento significou a retomada dos debates e articula\u00e7\u00f5es em vista do projeto que foi suspenso em 2014, &hellip;<\/p>\n","protected":false},"author":2,"featured_media":46812,"comment_status":"open","ping_status":"open","sticky":false,"template":"","format":"standard","meta":{"om_disable_all_campaigns":false,"_monsterinsights_skip_tracking":false,"_monsterinsights_sitenote_active":false,"_monsterinsights_sitenote_note":"","_monsterinsights_sitenote_category":0,"footnotes":""},"categories":[70,20,69,32,3],"tags":[100,71,48,5846,4179,75,4178,4180,140,129,107,4181,132,230,3828,106,203,120,51,109,88,47,111,190,5845,5844],"class_list":["post-46811","post","type-post","status-publish","format-standard","has-post-thumbnail","hentry","category-destaques","category-educacao","category-noticias2","category-regiao","category-ribeira-do-pombal","tag-adustina","tag-antas","tag-araci","tag-audiencia-publica-2","tag-banzae-2","tag-cicero-dantas","tag-cipo-2","tag-crisopolis-2","tag-educacao","tag-euclides-da-cunha","tag-fatima","tag-heliopolis-2","tag-itapicuru","tag-jeremoabo","tag-noticias","tag-nova-soure","tag-novo-triunfo","tag-olindina","tag-paripiranga","tag-quijingue","tag-ribeira-do-amparo","tag-ribeira-do-pombal","tag-sitio-do-quinto","tag-tucano","tag-ufnb","tag-universidade-federal"],"aioseo_notices":[],"_links":{"self":[{"href":"https:\/\/www.portalalerta.com.br\/index.php\/wp-json\/wp\/v2\/posts\/46811","targetHints":{"allow":["GET"]}}],"collection":[{"href":"https:\/\/www.portalalerta.com.br\/index.php\/wp-json\/wp\/v2\/posts"}],"about":[{"href":"https:\/\/www.portalalerta.com.br\/index.php\/wp-json\/wp\/v2\/types\/post"}],"author":[{"embeddable":true,"href":"https:\/\/www.portalalerta.com.br\/index.php\/wp-json\/wp\/v2\/users\/2"}],"replies":[{"embeddable":true,"href":"https:\/\/www.portalalerta.com.br\/index.php\/wp-json\/wp\/v2\/comments?post=46811"}],"version-history":[{"count":1,"href":"https:\/\/www.portalalerta.com.br\/index.php\/wp-json\/wp\/v2\/posts\/46811\/revisions"}],"predecessor-version":[{"id":46813,"href":"https:\/\/www.portalalerta.com.br\/index.php\/wp-json\/wp\/v2\/posts\/46811\/revisions\/46813"}],"wp:featuredmedia":[{"embeddable":true,"href":"https:\/\/www.portalalerta.com.br\/index.php\/wp-json\/wp\/v2\/media\/46812"}],"wp:attachment":[{"href":"https:\/\/www.portalalerta.com.br\/index.php\/wp-json\/wp\/v2\/media?parent=46811"}],"wp:term":[{"taxonomy":"category","embeddable":true,"href":"https:\/\/www.portalalerta.com.br\/index.php\/wp-json\/wp\/v2\/categories?post=46811"},{"taxonomy":"post_tag","embeddable":true,"href":"https:\/\/www.portalalerta.com.br\/index.php\/wp-json\/wp\/v2\/tags?post=46811"}],"curies":[{"name":"wp","href":"https:\/\/api.w.org\/{rel}","templated":true}]}}