{"id":46816,"date":"2023-01-13T11:24:32","date_gmt":"2023-01-13T14:24:32","guid":{"rendered":"https:\/\/www.portalalerta.com.br\/?p=46816"},"modified":"2023-01-13T11:24:33","modified_gmt":"2023-01-13T14:24:33","slug":"anonymous-divulga-lista-de-responsaveis-por-financiar-atos-terroristas","status":"publish","type":"post","link":"https:\/\/www.portalalerta.com.br\/index.php\/2023\/01\/13\/anonymous-divulga-lista-de-responsaveis-por-financiar-atos-terroristas\/","title":{"rendered":"Anonymous divulga lista de respons\u00e1veis por financiar atos terroristas"},"content":{"rendered":"\n<p>Grupo publicou nomes de pessoas supostamente envolvidas com a organiza\u00e7\u00e3o dos ataques em Bras\u00edlia<\/p>\n\n\n\n<!--more-->\n\n\n\n<p>O grupo brasileiro de\u00a0hackers\u00a0Eter Sec, conhecido como uma c\u00e9lula do\u00a0Anonymous, divulgou os poss\u00edveis respons\u00e1veis por organizar e financiar os atos terroristas que ocorreram em\u00a0Bras\u00edlia\u00a0no \u00faltimo domingo (8).<\/p>\n\n\n\n<p>Ao todo s\u00e3o 50 nomes que o grupo de hackers brasileiros alega terem financiado ou organizado os atos golpistas. Entre eles est\u00e3o figuras pol\u00edticas como Magno Pereira Malta (ex- senador do Esp\u00edrito Santo), Vanirto Jose Conrad (vereador de S\u00e3o Miguel do Oeste) Luciano Zucco (deputado federal do Rio Grande do Sul), Erica Clarissa Borva Cordeiro (Deputada estadual de Pernambuco) e mais.<\/p>\n\n\n<div class=\"wp-block-image\">\n<figure class=\"alignleft size-full is-resized\"><img fetchpriority=\"high\" decoding=\"async\" src=\"https:\/\/www.portalalerta.com.br\/wp-content\/uploads\/2023\/01\/auto-escola-Feliz-Ano-Novo-2022.jpeg\" alt=\"\" class=\"wp-image-46694\" width=\"349\" height=\"349\" srcset=\"https:\/\/www.portalalerta.com.br\/wp-content\/uploads\/2023\/01\/auto-escola-Feliz-Ano-Novo-2022.jpeg 875w, https:\/\/www.portalalerta.com.br\/wp-content\/uploads\/2023\/01\/auto-escola-Feliz-Ano-Novo-2022-240x240.jpeg 240w, https:\/\/www.portalalerta.com.br\/wp-content\/uploads\/2023\/01\/auto-escola-Feliz-Ano-Novo-2022-768x768.jpeg 768w\" sizes=\"(max-width: 349px) 100vw, 349px\" \/><\/figure><\/div>\n\n\n<p>A lista completa tamb\u00e9m conta com diversos empres\u00e1rios e figuras ligadas a pol\u00edcias de todo o Brasil.<\/p>\n\n\n\n<p><strong><em>\u201cDentre as in\u00fameras lideran\u00e7as identificadas, h\u00e1 tamb\u00e9m aqueles envolvidos n\u00e3o somente nos atos terroristas, mas com extenso hist\u00f3rico de outros crimes e transgress\u00f5es\u201d,<\/em><\/strong> diz a Eter Sec em comunicado.<\/p>\n\n\n\n<p>A lista conta diversas informa\u00e7\u00f5es sobre as pessoas que est\u00e3o supostamente ligadas aos atos, como nome, CPF, contas em redes sociais, data de nascimento, empresas e muito mais.<\/p>\n\n\n\n<p><strong><em>\u201cComo vimos nos exposeds passados, \u00e9 extensa a lista de empres\u00e1rios e outras personalidades patrocinando e manipulando tais atos golpistas. O que ainda n\u00e3o foi exposto ao povo \u00e9 o que est\u00e1 atr\u00e1s da cortina. Figuras da elite gerenciando e financiando atos antidemocr\u00e1ticos. \u00d4nibus e viagens para Bras\u00edlia, bancadas por dirigentes e chefes de estados. Pessoas usando de suas finan\u00e7as para insuflar algo que apenas incita \u00f3dio e imp\u00f5e movimentos contra a democracia\u201d <\/em><\/strong>diz o grupo.<\/p>\n\n\n\n<p>O\u00a0<strong>Olhar Digital\u00a0<\/strong>entrou em contato com o Eter Sec para obter mais informa\u00e7\u00f5es sobre a lista divulgada, mas at\u00e9 o momento n\u00e3o obteve retorno.<\/p>\n\n\n\n<p><em>Fonte: Yahoo Not\u00edcias<\/em><\/p>\n","protected":false},"excerpt":{"rendered":"<p>Grupo publicou nomes de pessoas supostamente envolvidas com a organiza\u00e7\u00e3o dos ataques em Bras\u00edlia<\/p>\n","protected":false},"author":2,"featured_media":46818,"comment_status":"open","ping_status":"open","sticky":false,"template":"","format":"standard","meta":{"om_disable_all_campaigns":false,"_monsterinsights_skip_tracking":false,"_monsterinsights_sitenote_active":false,"_monsterinsights_sitenote_note":"","_monsterinsights_sitenote_category":0,"footnotes":""},"categories":[34,70,69,21],"tags":[100,71,48,374,4179,93,786,75,4178,4180,539,129,107,4181,132,230,3828,106,203,120,51,199,109,88,47,111],"class_list":["post-46816","post","type-post","status-publish","format-standard","has-post-thumbnail","hentry","category-brasil","category-destaques","category-noticias2","category-politica","tag-adustina","tag-antas","tag-araci","tag-atentado","tag-banzae-2","tag-brasil","tag-brasilia","tag-cicero-dantas","tag-cipo-2","tag-crisopolis-2","tag-distrito-federal","tag-euclides-da-cunha","tag-fatima","tag-heliopolis-2","tag-itapicuru","tag-jeremoabo","tag-noticias","tag-nova-soure","tag-novo-triunfo","tag-olindina","tag-paripiranga","tag-politica","tag-quijingue","tag-ribeira-do-amparo","tag-ribeira-do-pombal","tag-sitio-do-quinto"],"aioseo_notices":[],"_links":{"self":[{"href":"https:\/\/www.portalalerta.com.br\/index.php\/wp-json\/wp\/v2\/posts\/46816","targetHints":{"allow":["GET"]}}],"collection":[{"href":"https:\/\/www.portalalerta.com.br\/index.php\/wp-json\/wp\/v2\/posts"}],"about":[{"href":"https:\/\/www.portalalerta.com.br\/index.php\/wp-json\/wp\/v2\/types\/post"}],"author":[{"embeddable":true,"href":"https:\/\/www.portalalerta.com.br\/index.php\/wp-json\/wp\/v2\/users\/2"}],"replies":[{"embeddable":true,"href":"https:\/\/www.portalalerta.com.br\/index.php\/wp-json\/wp\/v2\/comments?post=46816"}],"version-history":[{"count":1,"href":"https:\/\/www.portalalerta.com.br\/index.php\/wp-json\/wp\/v2\/posts\/46816\/revisions"}],"predecessor-version":[{"id":46819,"href":"https:\/\/www.portalalerta.com.br\/index.php\/wp-json\/wp\/v2\/posts\/46816\/revisions\/46819"}],"wp:featuredmedia":[{"embeddable":true,"href":"https:\/\/www.portalalerta.com.br\/index.php\/wp-json\/wp\/v2\/media\/46818"}],"wp:attachment":[{"href":"https:\/\/www.portalalerta.com.br\/index.php\/wp-json\/wp\/v2\/media?parent=46816"}],"wp:term":[{"taxonomy":"category","embeddable":true,"href":"https:\/\/www.portalalerta.com.br\/index.php\/wp-json\/wp\/v2\/categories?post=46816"},{"taxonomy":"post_tag","embeddable":true,"href":"https:\/\/www.portalalerta.com.br\/index.php\/wp-json\/wp\/v2\/tags?post=46816"}],"curies":[{"name":"wp","href":"https:\/\/api.w.org\/{rel}","templated":true}]}}