{"id":46833,"date":"2023-01-14T13:03:53","date_gmt":"2023-01-14T16:03:53","guid":{"rendered":"https:\/\/www.portalalerta.com.br\/?p=46833"},"modified":"2023-01-14T13:03:54","modified_gmt":"2023-01-14T16:03:54","slug":"mp-ba-abre-inquerito-para-investigar-baianos-que-financiaram-invasao-as-sedes-dos-tres-poderes","status":"publish","type":"post","link":"https:\/\/www.portalalerta.com.br\/index.php\/2023\/01\/14\/mp-ba-abre-inquerito-para-investigar-baianos-que-financiaram-invasao-as-sedes-dos-tres-poderes\/","title":{"rendered":"MP-BA abre inqu\u00e9rito para investigar baianos que financiaram invas\u00e3o \u00e0s sedes dos Tr\u00eas Poderes"},"content":{"rendered":"\n<p>Judici\u00e1rio baiano se reuniu em ato de rep\u00fadio aos atos antidemocr\u00e1ticos nesta sexta-feira<\/p>\n\n\n\n<!--more-->\n\n\n\n<p>A procuradora-geral de Justi\u00e7a da Bahia, Norma Cavalcanti, anunciou nesta sexta-feira (13) que o Minist\u00e9rio P\u00fablico abriu um inqu\u00e9rito especial para investigar financiadores e colaboradores baianos que apoiaram os atos antidemocr\u00e1ticos do dia 8 de janeiro, em Bras\u00edlia. A declara\u00e7\u00e3o foi feita no ato de rep\u00fadio \u00e0 invas\u00e3o das sedes dos Tr\u00eas Poderes, na manh\u00e3 desta sexta.&nbsp;<\/p>\n\n\n<div class=\"wp-block-image\">\n<figure class=\"alignleft size-full is-resized\"><img fetchpriority=\"high\" decoding=\"async\" src=\"https:\/\/www.portalalerta.com.br\/wp-content\/uploads\/2021\/04\/ELAB.jpg\" alt=\"\" class=\"wp-image-34795\" width=\"401\" height=\"320\" srcset=\"https:\/\/www.portalalerta.com.br\/wp-content\/uploads\/2021\/04\/ELAB.jpg 1000w, https:\/\/www.portalalerta.com.br\/wp-content\/uploads\/2021\/04\/ELAB-300x240.jpg 300w, https:\/\/www.portalalerta.com.br\/wp-content\/uploads\/2021\/04\/ELAB-768x614.jpg 768w, https:\/\/www.portalalerta.com.br\/wp-content\/uploads\/2021\/04\/ELAB-183x146.jpg 183w, https:\/\/www.portalalerta.com.br\/wp-content\/uploads\/2021\/04\/ELAB-50x40.jpg 50w, https:\/\/www.portalalerta.com.br\/wp-content\/uploads\/2021\/04\/ELAB-94x75.jpg 94w\" sizes=\"(max-width: 401px) 100vw, 401px\" \/><\/figure><\/div>\n\n\n<p>O evento, no Sal\u00e3o Nobre da Reitoria da Ufba, no bairro do Canela, em Salvador, foi promovido pela OAB e pela Faculdade de Direito da Universidade Federal da Bahia (Ufba), mas contou tamb\u00e9m com a presen\u00e7a de representantes do Minist\u00e9rio P\u00fablico, Tribunal de Justi\u00e7a e Defensoria P\u00fablica, entre outros \u00f3rg\u00e3os do direito.&nbsp;<\/p>\n\n\n\n<p>Daniela Borges, presidente da OAB na Bahia, tamb\u00e9m afirmou que o \u00f3rg\u00e3o j\u00e1 est\u00e1 atuando para identificar pessoas que participaram em rela\u00e7\u00e3o a apoio ou financiamento aos atos golpistas.<\/p>\n\n\n\n<p><strong><em>&#8220;A gente vive um momento muito fr\u00e1gil na nossa hist\u00f3ria. A redemocratiza\u00e7\u00e3o, a forma como ela aconteceu e a anistia fizeram com que cheg\u00e1ssemos aqui hoje. Por isso \u00e9 t\u00e3o importante que nesse momento da hist\u00f3ria n\u00f3s fa\u00e7amos diferente. \u00c9 importante que a linha divis\u00f3ria esteja muito clara do que \u00e9 poss\u00edvel na democracia e o que n\u00e3o \u00e9 poss\u00edvel&#8221;<\/em><\/strong>, afirma a presidente da OAB na Bahia.&nbsp;<\/p>\n\n\n\n<p><em>Fonte: Metro1<\/em><\/p>\n","protected":false},"excerpt":{"rendered":"<p>Judici\u00e1rio baiano se reuniu em ato de rep\u00fadio aos atos antidemocr\u00e1ticos nesta sexta-feira<\/p>\n","protected":false},"author":2,"featured_media":46834,"comment_status":"open","ping_status":"open","sticky":false,"template":"","format":"standard","meta":{"om_disable_all_campaigns":false,"_monsterinsights_skip_tracking":false,"_monsterinsights_sitenote_active":false,"_monsterinsights_sitenote_note":"","_monsterinsights_sitenote_category":0,"footnotes":""},"categories":[33,70,69,21],"tags":[100,71,48,54,4179,75,4178,4180,129,107,1633,4181,132,230,270,352,3828,106,203,120,51,109,88,47,111,2610,190],"class_list":["post-46833","post","type-post","status-publish","format-standard","has-post-thumbnail","hentry","category-bahia","category-destaques","category-noticias2","category-politica","tag-adustina","tag-antas","tag-araci","tag-bahia","tag-banzae-2","tag-cicero-dantas","tag-cipo-2","tag-crisopolis-2","tag-euclides-da-cunha","tag-fatima","tag-financiamento","tag-heliopolis-2","tag-itapicuru","tag-jeremoabo","tag-justica","tag-ministerio-publico","tag-noticias","tag-nova-soure","tag-novo-triunfo","tag-olindina","tag-paripiranga","tag-quijingue","tag-ribeira-do-amparo","tag-ribeira-do-pombal","tag-sitio-do-quinto","tag-terrorismo","tag-tucano"],"aioseo_notices":[],"_links":{"self":[{"href":"https:\/\/www.portalalerta.com.br\/index.php\/wp-json\/wp\/v2\/posts\/46833","targetHints":{"allow":["GET"]}}],"collection":[{"href":"https:\/\/www.portalalerta.com.br\/index.php\/wp-json\/wp\/v2\/posts"}],"about":[{"href":"https:\/\/www.portalalerta.com.br\/index.php\/wp-json\/wp\/v2\/types\/post"}],"author":[{"embeddable":true,"href":"https:\/\/www.portalalerta.com.br\/index.php\/wp-json\/wp\/v2\/users\/2"}],"replies":[{"embeddable":true,"href":"https:\/\/www.portalalerta.com.br\/index.php\/wp-json\/wp\/v2\/comments?post=46833"}],"version-history":[{"count":1,"href":"https:\/\/www.portalalerta.com.br\/index.php\/wp-json\/wp\/v2\/posts\/46833\/revisions"}],"predecessor-version":[{"id":46835,"href":"https:\/\/www.portalalerta.com.br\/index.php\/wp-json\/wp\/v2\/posts\/46833\/revisions\/46835"}],"wp:featuredmedia":[{"embeddable":true,"href":"https:\/\/www.portalalerta.com.br\/index.php\/wp-json\/wp\/v2\/media\/46834"}],"wp:attachment":[{"href":"https:\/\/www.portalalerta.com.br\/index.php\/wp-json\/wp\/v2\/media?parent=46833"}],"wp:term":[{"taxonomy":"category","embeddable":true,"href":"https:\/\/www.portalalerta.com.br\/index.php\/wp-json\/wp\/v2\/categories?post=46833"},{"taxonomy":"post_tag","embeddable":true,"href":"https:\/\/www.portalalerta.com.br\/index.php\/wp-json\/wp\/v2\/tags?post=46833"}],"curies":[{"name":"wp","href":"https:\/\/api.w.org\/{rel}","templated":true}]}}