{"id":46836,"date":"2023-01-14T13:14:56","date_gmt":"2023-01-14T16:14:56","guid":{"rendered":"https:\/\/www.portalalerta.com.br\/?p=46836"},"modified":"2023-01-14T13:14:57","modified_gmt":"2023-01-14T16:14:57","slug":"vereadora-denuncia-falta-de-coleta-de-lixo-na-cidade-de-antas-ba","status":"publish","type":"post","link":"https:\/\/www.portalalerta.com.br\/index.php\/2023\/01\/14\/vereadora-denuncia-falta-de-coleta-de-lixo-na-cidade-de-antas-ba\/","title":{"rendered":"Vereadora denuncia falta de coleta de lixo na cidade de Antas-BA"},"content":{"rendered":"\n<p>A vereadora Marilia Zotareli (PSD) usou suas redes socias na \u00faltima segunda-feira (09) para denunciar a falta de regularidade na coleta de lixo em diversas ruas e bairros de Antas. A parlamentar publicou um v\u00eddeo e v\u00e1rias fotos com lixos amontoados em diferentes locais do munic\u00edpio.<\/p>\n\n\n\n<!--more-->\n\n\n<div class=\"wp-block-image\">\n<figure class=\"alignleft size-full is-resized\"><img fetchpriority=\"high\" decoding=\"async\" src=\"https:\/\/www.portalalerta.com.br\/wp-content\/uploads\/2023\/01\/auto-escola-Feliz-Ano-Novo-2022.jpeg\" alt=\"\" class=\"wp-image-46694\" width=\"427\" height=\"427\" srcset=\"https:\/\/www.portalalerta.com.br\/wp-content\/uploads\/2023\/01\/auto-escola-Feliz-Ano-Novo-2022.jpeg 875w, https:\/\/www.portalalerta.com.br\/wp-content\/uploads\/2023\/01\/auto-escola-Feliz-Ano-Novo-2022-240x240.jpeg 240w, https:\/\/www.portalalerta.com.br\/wp-content\/uploads\/2023\/01\/auto-escola-Feliz-Ano-Novo-2022-768x768.jpeg 768w\" sizes=\"(max-width: 427px) 100vw, 427px\" \/><\/figure><\/div>\n\n\n<p><strong><em>&#8220;A falta de coleta de lixo se deu por conta do recesso do final de ano da empresa respons\u00e1vel com anu\u00eancia da prefeitura e com isso a popula\u00e7\u00e3o est\u00e1 sofrendo com acumulo de lixo que est\u00e1 chegando nas portas das pessoas e inclusive na rodovia conforme fotos enviadas ao site. \u2018essa situa\u00e7\u00e3o est\u00e1 trazendo desconforto a muitas pessoas, pois o lixo amontoado em frente de casas facilita para animas rasgarem as embalagens, espalhando lixo pelas cal\u00e7adas, provocando forte odor e o risco de cont\u00e1gios de doen\u00e7as\u2019\u201d<\/em><\/strong>, disse a vereadora.<\/p>\n\n\n\n<p><em>Fonte: Rodrygo Ferraz<\/em><\/p>\n\n\n\n<p><em>Com informa\u00e7\u00f5es do JR Not\u00edcias.<\/em><\/p>\n","protected":false},"excerpt":{"rendered":"<p>A vereadora Marilia Zotareli (PSD) usou suas redes socias na \u00faltima segunda-feira (09) para denunciar a falta de regularidade na coleta de lixo em diversas ruas e bairros de Antas. A parlamentar publicou um v\u00eddeo e v\u00e1rias fotos com lixos amontoados em diferentes locais do munic\u00edpio.<\/p>\n","protected":false},"author":2,"featured_media":46837,"comment_status":"open","ping_status":"open","sticky":false,"template":"","format":"standard","meta":{"om_disable_all_campaigns":false,"_monsterinsights_skip_tracking":false,"_monsterinsights_sitenote_active":false,"_monsterinsights_sitenote_note":"","_monsterinsights_sitenote_category":0,"footnotes":""},"categories":[5,70,69,21,32],"tags":[100,71,48,4179,75,4178,4090,4180,129,107,4181,132,230,3828,106,203,120,51,198,109,88,47,111,190,772],"class_list":["post-46836","post","type-post","status-publish","format-standard","has-post-thumbnail","hentry","category-antas","category-destaques","category-noticias2","category-politica","category-regiao","tag-adustina","tag-antas","tag-araci","tag-banzae-2","tag-cicero-dantas","tag-cipo-2","tag-coleta-de-lixo","tag-crisopolis-2","tag-euclides-da-cunha","tag-fatima","tag-heliopolis-2","tag-itapicuru","tag-jeremoabo","tag-noticias","tag-nova-soure","tag-novo-triunfo","tag-olindina","tag-paripiranga","tag-prefeito","tag-quijingue","tag-ribeira-do-amparo","tag-ribeira-do-pombal","tag-sitio-do-quinto","tag-tucano","tag-vereadora"],"aioseo_notices":[],"_links":{"self":[{"href":"https:\/\/www.portalalerta.com.br\/index.php\/wp-json\/wp\/v2\/posts\/46836","targetHints":{"allow":["GET"]}}],"collection":[{"href":"https:\/\/www.portalalerta.com.br\/index.php\/wp-json\/wp\/v2\/posts"}],"about":[{"href":"https:\/\/www.portalalerta.com.br\/index.php\/wp-json\/wp\/v2\/types\/post"}],"author":[{"embeddable":true,"href":"https:\/\/www.portalalerta.com.br\/index.php\/wp-json\/wp\/v2\/users\/2"}],"replies":[{"embeddable":true,"href":"https:\/\/www.portalalerta.com.br\/index.php\/wp-json\/wp\/v2\/comments?post=46836"}],"version-history":[{"count":1,"href":"https:\/\/www.portalalerta.com.br\/index.php\/wp-json\/wp\/v2\/posts\/46836\/revisions"}],"predecessor-version":[{"id":46838,"href":"https:\/\/www.portalalerta.com.br\/index.php\/wp-json\/wp\/v2\/posts\/46836\/revisions\/46838"}],"wp:featuredmedia":[{"embeddable":true,"href":"https:\/\/www.portalalerta.com.br\/index.php\/wp-json\/wp\/v2\/media\/46837"}],"wp:attachment":[{"href":"https:\/\/www.portalalerta.com.br\/index.php\/wp-json\/wp\/v2\/media?parent=46836"}],"wp:term":[{"taxonomy":"category","embeddable":true,"href":"https:\/\/www.portalalerta.com.br\/index.php\/wp-json\/wp\/v2\/categories?post=46836"},{"taxonomy":"post_tag","embeddable":true,"href":"https:\/\/www.portalalerta.com.br\/index.php\/wp-json\/wp\/v2\/tags?post=46836"}],"curies":[{"name":"wp","href":"https:\/\/api.w.org\/{rel}","templated":true}]}}