{"id":46839,"date":"2023-01-14T13:26:01","date_gmt":"2023-01-14T16:26:01","guid":{"rendered":"https:\/\/www.portalalerta.com.br\/?p=46839"},"modified":"2023-01-14T13:26:03","modified_gmt":"2023-01-14T16:26:03","slug":"moraes-aceita-pedido-da-pgr-e-inclui-bolsonaro-em-inquerito-sobre-ataques-antidemocraticos","status":"publish","type":"post","link":"https:\/\/www.portalalerta.com.br\/index.php\/2023\/01\/14\/moraes-aceita-pedido-da-pgr-e-inclui-bolsonaro-em-inquerito-sobre-ataques-antidemocraticos\/","title":{"rendered":"Moraes aceita pedido da PGR e inclui Bolsonaro em inqu\u00e9rito sobre ataques antidemocr\u00e1ticos"},"content":{"rendered":"\n<p>O ministro do Supremo Tribunal Federal (STF) Alexandre de Moraes aceitou na noite desta sexta-feira (13) o pedido da Procuradoria-Geral da Rep\u00fablica (PGR) para incluir o ex-presidente Jair Bolsonaro no inqu\u00e9rito que apura a autoria intelectual dos atos antidemocr\u00e1ticos realizados no domingo (8) e que resultaram na invas\u00e3o e depreda\u00e7\u00e3o nos pr\u00e9dios do Pal\u00e1cio do Planalto, do Supremo Tribunal Federal e do Congresso Nacional em Bras\u00edlia.<\/p>\n\n\n\n<!--more-->\n\n\n\n<p>Na decis\u00e3o, Moraes entendeu que h\u00e1 ind\u00edcios para abertura da investiga\u00e7\u00e3o contra o ex-presidente.<\/p>\n\n\n\n<p><strong><em>\u201cO pronunciamento do ex-presidente da Rep\u00fablica Jair Messias Bolsonaro se revelou como mais uma das ocasi\u00f5es em que o ent\u00e3o mandat\u00e1rio se posicionou de forma, em tese, criminosa e atentat\u00f3ria \u00e0s Institui\u00e7\u00f5es, em especial o STF \u2013 imputando aos seus ministros a fraude das elei\u00e7\u00f5es para favorecer eventual candidato \u2013 e o TSE\u2013, sustentando, sem quaisquer ind\u00edcios, que o resultado das Elei\u00e7\u00f5es foi fraudado\u201d<\/em><\/strong>, escreveu o ministro.<\/p>\n\n\n\n<p><strong>Defesa<\/strong><\/p>\n\n\n\n<p>Em nota, o advogado Frederick Wassef declarou que Bolsonaro n\u00e3o tem rela\u00e7\u00e3o com as manifesta\u00e7\u00f5es e que repudia veementemente os atos de vandalismo.<\/p>\n\n\n\n<p><strong><em>\u201cO presidente Jair Bolsonaro sempre repudiou todos os atos ilegais e criminosos, e sempre falou publicamente ser contra tais condutas il\u00edcitas, assim como sempre foi um defensor da Constitui\u00e7\u00e3o e da democracia. Em todo o seu governo, sempre atuou dentro das quatro linhas da Constitui\u00e7\u00e3o\u201d<\/em><\/strong>, declarou a defesa.<\/p>\n\n\n\n<p><strong>PGR<\/strong><\/p>\n\n\n\n<p>Mais cedo, a procuradoria pediu a abertura de investiga\u00e7\u00e3o e argumentou que Bolsonaro teria feito a incita\u00e7\u00e3o p\u00fablica ao crime ao publicar um v\u00eddeo nas redes sociais, no dia 10 de janeiro, que tinha como tema o questionamento da regularidade das elei\u00e7\u00f5es de 2022.<\/p>\n\n\n\n<p>Na peti\u00e7\u00e3o, a procuradoria argumenta que Bolsonaro teria feito a incita\u00e7\u00e3o p\u00fablica ao crime ao publicar um v\u00eddeo nas redes sociais, no dia 10 de janeiro, que tinha como tema o questionamento da regularidade das elei\u00e7\u00f5es de 2022.<\/p>\n\n\n\n<p>No entendimento do subprocurador-geral da Rep\u00fablica Carlos Frederico Santos, a conduta deve ser apurada por ter ocorrido ap\u00f3s os atos contra a sede dos Tr\u00eas Poderes.<\/p>\n\n\n\n<p><em>Fonte: Web R\u00e1dio Di\u00e1rio<\/em><\/p>\n","protected":false},"excerpt":{"rendered":"<p>O ministro do Supremo Tribunal Federal (STF) Alexandre de Moraes aceitou na noite desta sexta-feira (13) o pedido da Procuradoria-Geral da Rep\u00fablica (PGR) para incluir o ex-presidente Jair Bolsonaro no inqu\u00e9rito que apura a autoria intelectual dos atos antidemocr\u00e1ticos realizados no domingo (8) e que resultaram na invas\u00e3o e depreda\u00e7\u00e3o nos pr\u00e9dios do Pal\u00e1cio do &hellip;<\/p>\n","protected":false},"author":2,"featured_media":42744,"comment_status":"open","ping_status":"open","sticky":false,"template":"","format":"standard","meta":{"om_disable_all_campaigns":false,"_monsterinsights_skip_tracking":false,"_monsterinsights_sitenote_active":false,"_monsterinsights_sitenote_note":"","_monsterinsights_sitenote_category":0,"footnotes":""},"categories":[34,70,69,21],"tags":[100,1173,71,48,4179,93,75,4178,4180,129,874,107,4181,132,1395,230,3828,106,203,120,51,411,109,88,47,111,216],"class_list":["post-46839","post","type-post","status-publish","format-standard","has-post-thumbnail","hentry","category-brasil","category-destaques","category-noticias2","category-politica","tag-adustina","tag-alexandre-de-moraes","tag-antas","tag-araci","tag-banzae-2","tag-brasil","tag-cicero-dantas","tag-cipo-2","tag-crisopolis-2","tag-euclides-da-cunha","tag-ex-presidente","tag-fatima","tag-heliopolis-2","tag-itapicuru","tag-jair-bolsonaro","tag-jeremoabo","tag-noticias","tag-nova-soure","tag-novo-triunfo","tag-olindina","tag-paripiranga","tag-pgr","tag-quijingue","tag-ribeira-do-amparo","tag-ribeira-do-pombal","tag-sitio-do-quinto","tag-stf"],"aioseo_notices":[],"_links":{"self":[{"href":"https:\/\/www.portalalerta.com.br\/index.php\/wp-json\/wp\/v2\/posts\/46839","targetHints":{"allow":["GET"]}}],"collection":[{"href":"https:\/\/www.portalalerta.com.br\/index.php\/wp-json\/wp\/v2\/posts"}],"about":[{"href":"https:\/\/www.portalalerta.com.br\/index.php\/wp-json\/wp\/v2\/types\/post"}],"author":[{"embeddable":true,"href":"https:\/\/www.portalalerta.com.br\/index.php\/wp-json\/wp\/v2\/users\/2"}],"replies":[{"embeddable":true,"href":"https:\/\/www.portalalerta.com.br\/index.php\/wp-json\/wp\/v2\/comments?post=46839"}],"version-history":[{"count":1,"href":"https:\/\/www.portalalerta.com.br\/index.php\/wp-json\/wp\/v2\/posts\/46839\/revisions"}],"predecessor-version":[{"id":46840,"href":"https:\/\/www.portalalerta.com.br\/index.php\/wp-json\/wp\/v2\/posts\/46839\/revisions\/46840"}],"wp:featuredmedia":[{"embeddable":true,"href":"https:\/\/www.portalalerta.com.br\/index.php\/wp-json\/wp\/v2\/media\/42744"}],"wp:attachment":[{"href":"https:\/\/www.portalalerta.com.br\/index.php\/wp-json\/wp\/v2\/media?parent=46839"}],"wp:term":[{"taxonomy":"category","embeddable":true,"href":"https:\/\/www.portalalerta.com.br\/index.php\/wp-json\/wp\/v2\/categories?post=46839"},{"taxonomy":"post_tag","embeddable":true,"href":"https:\/\/www.portalalerta.com.br\/index.php\/wp-json\/wp\/v2\/tags?post=46839"}],"curies":[{"name":"wp","href":"https:\/\/api.w.org\/{rel}","templated":true}]}}