{"id":46844,"date":"2023-01-14T13:49:00","date_gmt":"2023-01-14T16:49:00","guid":{"rendered":"https:\/\/www.portalalerta.com.br\/?p=46844"},"modified":"2023-01-14T13:49:01","modified_gmt":"2023-01-14T16:49:01","slug":"preso-anderson-torres-tem-direito-a-prisao-especial-antes-de-eventual-condenacao","status":"publish","type":"post","link":"https:\/\/www.portalalerta.com.br\/index.php\/2023\/01\/14\/preso-anderson-torres-tem-direito-a-prisao-especial-antes-de-eventual-condenacao\/","title":{"rendered":"Preso, Anderson Torres tem direito a &#8216;pris\u00e3o especial&#8217; antes de eventual condena\u00e7\u00e3o"},"content":{"rendered":"\n<p>Anderson Torres, ex-ministro da Justi\u00e7a do governo de Jair Bolsonaro e ex-secret\u00e1rio de Seguran\u00e7a P\u00fablica do Distrito Federal, foi levado ao 4\u00b0 Batalh\u00e3o da Pol\u00edcia Militar, localizado no Guar\u00e1 (DF), ap\u00f3s ser preso nesta manh\u00e3 ao desembarcar em Bras\u00edlia de um voo vindo de Miami, nos Estados Unidos. Este Batalh\u00e3o fica a cerca de 15 quil\u00f4metros de Bras\u00edlia.<\/p>\n\n\n\n<!--more-->\n\n\n\n<p>De acordo com pessoas envolvidas na opera\u00e7\u00e3o, Torres ficar\u00e1 no batalh\u00e3o provisoriamente. Por ser delegado da Pol\u00edcia Federal, o ex-ministro tem direito a ficar recolhido em quartel ou pris\u00e3o especial antes de uma eventual condena\u00e7\u00e3o definitiva.<\/p>\n\n\n<div class=\"wp-block-image\">\n<figure class=\"alignleft size-full is-resized\"><img fetchpriority=\"high\" decoding=\"async\" src=\"https:\/\/www.portalalerta.com.br\/wp-content\/uploads\/2021\/04\/ELAB.jpg\" alt=\"\" class=\"wp-image-34795\" width=\"390\" height=\"311\" srcset=\"https:\/\/www.portalalerta.com.br\/wp-content\/uploads\/2021\/04\/ELAB.jpg 1000w, https:\/\/www.portalalerta.com.br\/wp-content\/uploads\/2021\/04\/ELAB-300x240.jpg 300w, https:\/\/www.portalalerta.com.br\/wp-content\/uploads\/2021\/04\/ELAB-768x614.jpg 768w, https:\/\/www.portalalerta.com.br\/wp-content\/uploads\/2021\/04\/ELAB-183x146.jpg 183w, https:\/\/www.portalalerta.com.br\/wp-content\/uploads\/2021\/04\/ELAB-50x40.jpg 50w, https:\/\/www.portalalerta.com.br\/wp-content\/uploads\/2021\/04\/ELAB-94x75.jpg 94w\" sizes=\"(max-width: 390px) 100vw, 390px\" \/><\/figure><\/div>\n\n\n<p>A audi\u00eancia de cust\u00f3dia ser\u00e1 \u00e0s 12h30 por videoconfer\u00eancia. O ex-ministro ser\u00e1 ouvido pelo desembargador Airton Vieira. Segundo a defini\u00e7\u00e3o do Conselho Nacional de Justi\u00e7a (CNJ), <strong>\u02dclan\u00e7adas em 2015, as audi\u00eancias de cust\u00f3dia consistem na r\u00e1pida apresenta\u00e7\u00e3o da pessoa que foi presa a um juiz, em uma audi\u00eancia onde tamb\u00e9m s\u00e3o ouvidos Minist\u00e9rio P\u00fablico, Defensoria P\u00fablica ou advogado do preso. O juiz analisa a pris\u00e3o sob o aspecto da legalidade e a regularidade\u02dc<\/strong>, da pris\u00e3o. <strong><em>&#8220;A an\u00e1lise avalia, ainda, eventuais ocorr\u00eancias de tortura ou de maus-tratos, entre outras irregularidades&#8221;<\/em><\/strong>.<\/p>\n\n\n\n<p>Em nota, a PF se limitou a confirmar o cumprimento do mandado de pris\u00e3o preventiva, ou seja por tempo indeterminado. A defesa de Anderson Torres ainda n\u00e3o se manifestou.<\/p>\n\n\n\n<p>Torres estava de f\u00e9rias com a fam\u00edlia nos EUA e foi exonerado do posto de Secret\u00e1rio de Seguran\u00e7a do DF, logo ap\u00f3s o atentado golpista na sede dos Tr\u00eas Poderes, no \u00faltimo domingo. De acordo com informa\u00e7\u00f5es de Fl\u00e1vio Dino, ministro da Justi\u00e7a, o plano para a prote\u00e7\u00e3o de Bras\u00edlia foi alterado horas antes dos protestos, com uma forte redu\u00e7\u00e3o do esquema de seguran\u00e7a e n\u00fameros de policiais que vigiariam a Esplanada dos Minist\u00e9rio.<\/p>\n\n\n\n<p>Al\u00e9m disso, a Pol\u00edcia Federal apreendeu na quinta-feira na resid\u00eancia de Torres uma minuta de decreto presidencial que visava a interfer\u00eancia federal no Tribunal Superior Eleitoral (TSE), para abrir caminho \u00e0 altera\u00e7\u00e3o do resultado das elei\u00e7\u00f5es de 2022. O documento est\u00e1 sendo chamado de &#8220;minuta do golpe&#8221; e \u00e9 considerado inconstitucional por juristas. Em uma rede social, Torres afirmou que &#8220;provavelmente&#8221; o documento estava na pilha de pap\u00e9is que seriam descartados.<\/p>\n\n\n\n<p><strong>Pris\u00e3o<\/strong><\/p>\n\n\n\n<p>Na \u00faltima ter\u00e7a-feira, Alexandre de Moraes, ministro do STF, determinou a pris\u00e3o preventiva de Anderson Torres, bem como a deten\u00e7\u00e3o do coronel ex-comandante da Pol\u00edcia Militar do DF, F\u00e1bio Vieira. Por 9 votos a 2, a determina\u00e7\u00e3o de ambos foi referendada pelo plen\u00e1rio do Supremo.<\/p>\n\n\n\n<p>Mores argumentou em sua decis\u00e3o que o conjunto de crimes praticados durante a invas\u00e3o dos pr\u00e9dios do Pal\u00e1cio do Planalto, do STF e do Congresso Nacional s\u00f3 poderiam ocorrer \u201ccom a anu\u00eancia, e at\u00e9 participa\u00e7\u00e3o efetiva, das autoridades competentes pela seguran\u00e7a p\u00fablica e intelig\u00eancia, uma vez que a organiza\u00e7\u00e3o das supostas manifesta\u00e7\u00f5es era fato not\u00f3rio e sabido, que foi divulgado pela m\u00eddia brasileira\u201d, como cita na decis\u00e3o.<\/p>\n\n\n\n<p><strong>Acusado de favorecer Bolsonaro<\/strong><\/p>\n\n\n\n<p>No governo Bolsonaro, Anderson Torres se tornou uma esp\u00e9cie de bra\u00e7o-direito do ent\u00e3o presidente em epis\u00f3dios controversos. Em julho de 2021, pouco ap\u00f3s assumir como ministro, Torres participou com Bolsonaro de uma live na qual o ex-presidente atacou o sistema eleitoral com dados falsos e distorcidos.<\/p>\n\n\n\n<p>Na ocasi\u00e3o, o ent\u00e3o ministro endossou as suspeitas infundadas levantadas por Bolsonaro sobre o sistema eletr\u00f4nico ao citar um relat\u00f3rio da PF sobre as elei\u00e7\u00f5es municipais de 2016 que, sem apontar fraudes na vota\u00e7\u00e3o, teria sugerido um &#8220;aperfei\u00e7oamento&#8221; do processo eleitoral com a ado\u00e7\u00e3o do voto impresso. O relat\u00f3rio, no entanto, apontava que a inclus\u00e3o de um sistema impresso acoplado \u00e0 urna eletr\u00f4nica encarecia &#8220;bastante&#8221; o processo eleitoral, com <strong><em>&#8220;maior possibilidade de falha mec\u00e2nica&#8221;<\/em><\/strong>.<\/p>\n\n\n\n<p>Por conta do epis\u00f3dio, Torres prestou depoimento ao TSE, como testemunha, em um inqu\u00e9rito administrativo que apura os ataques de Bolsonaro \u00e0s urnas eletr\u00f4nicas. O caso segue em andamento.<\/p>\n\n\n\n<p><em>Fonte: Yahoo Not\u00edcias<\/em><\/p>\n","protected":false},"excerpt":{"rendered":"<p>Anderson Torres, ex-ministro da Justi\u00e7a do governo de Jair Bolsonaro e ex-secret\u00e1rio de Seguran\u00e7a P\u00fablica do Distrito Federal, foi levado ao 4\u00b0 Batalh\u00e3o da Pol\u00edcia Militar, localizado no Guar\u00e1 (DF), ap\u00f3s ser preso nesta manh\u00e3 ao desembarcar em Bras\u00edlia de um voo vindo de Miami, nos Estados Unidos. Este Batalh\u00e3o fica a cerca de 15 &hellip;<\/p>\n","protected":false},"author":2,"featured_media":45061,"comment_status":"open","ping_status":"open","sticky":false,"template":"","format":"standard","meta":{"om_disable_all_campaigns":false,"_monsterinsights_skip_tracking":false,"_monsterinsights_sitenote_active":false,"_monsterinsights_sitenote_note":"","_monsterinsights_sitenote_category":0,"footnotes":""},"categories":[34,70,69,21],"tags":[100,4871,71,48,4179,93,75,4178,4180,129,541,107,4181,132,230,1774,3828,106,203,120,51,77,109,88,47,111],"class_list":["post-46844","post","type-post","status-publish","format-standard","has-post-thumbnail","hentry","category-brasil","category-destaques","category-noticias2","category-politica","tag-adustina","tag-anderson-torres","tag-antas","tag-araci","tag-banzae-2","tag-brasil","tag-cicero-dantas","tag-cipo-2","tag-crisopolis-2","tag-euclides-da-cunha","tag-ex-ministro","tag-fatima","tag-heliopolis-2","tag-itapicuru","tag-jeremoabo","tag-ministro-da-justica","tag-noticias","tag-nova-soure","tag-novo-triunfo","tag-olindina","tag-paripiranga","tag-preso","tag-quijingue","tag-ribeira-do-amparo","tag-ribeira-do-pombal","tag-sitio-do-quinto"],"aioseo_notices":[],"_links":{"self":[{"href":"https:\/\/www.portalalerta.com.br\/index.php\/wp-json\/wp\/v2\/posts\/46844","targetHints":{"allow":["GET"]}}],"collection":[{"href":"https:\/\/www.portalalerta.com.br\/index.php\/wp-json\/wp\/v2\/posts"}],"about":[{"href":"https:\/\/www.portalalerta.com.br\/index.php\/wp-json\/wp\/v2\/types\/post"}],"author":[{"embeddable":true,"href":"https:\/\/www.portalalerta.com.br\/index.php\/wp-json\/wp\/v2\/users\/2"}],"replies":[{"embeddable":true,"href":"https:\/\/www.portalalerta.com.br\/index.php\/wp-json\/wp\/v2\/comments?post=46844"}],"version-history":[{"count":1,"href":"https:\/\/www.portalalerta.com.br\/index.php\/wp-json\/wp\/v2\/posts\/46844\/revisions"}],"predecessor-version":[{"id":46845,"href":"https:\/\/www.portalalerta.com.br\/index.php\/wp-json\/wp\/v2\/posts\/46844\/revisions\/46845"}],"wp:featuredmedia":[{"embeddable":true,"href":"https:\/\/www.portalalerta.com.br\/index.php\/wp-json\/wp\/v2\/media\/45061"}],"wp:attachment":[{"href":"https:\/\/www.portalalerta.com.br\/index.php\/wp-json\/wp\/v2\/media?parent=46844"}],"wp:term":[{"taxonomy":"category","embeddable":true,"href":"https:\/\/www.portalalerta.com.br\/index.php\/wp-json\/wp\/v2\/categories?post=46844"},{"taxonomy":"post_tag","embeddable":true,"href":"https:\/\/www.portalalerta.com.br\/index.php\/wp-json\/wp\/v2\/tags?post=46844"}],"curies":[{"name":"wp","href":"https:\/\/api.w.org\/{rel}","templated":true}]}}