{"id":46849,"date":"2023-01-16T09:01:00","date_gmt":"2023-01-16T12:01:00","guid":{"rendered":"https:\/\/www.portalalerta.com.br\/?p=46849"},"modified":"2023-01-15T22:49:59","modified_gmt":"2023-01-16T01:49:59","slug":"guarda-civil-recupera-veiculo-roubado-um-dia-apos-o-crime-em-fatima-ba","status":"publish","type":"post","link":"https:\/\/www.portalalerta.com.br\/index.php\/2023\/01\/16\/guarda-civil-recupera-veiculo-roubado-um-dia-apos-o-crime-em-fatima-ba\/","title":{"rendered":"Guarda Civil recupera ve\u00edculo roubado, um dia ap\u00f3s o crime, em F\u00e1tima-BA"},"content":{"rendered":"\n<p>Na&nbsp;manh\u00e3 da \u00faltima sexta-feira (13), Guardas Civis Municipais de F\u00e1tima-BA, no momento em que realizavam rondas no referido munic\u00edpio encontrou um ve\u00edculo abandonado atr\u00e1s de uma constru\u00e7\u00e3o, na estrada que d\u00e1 acesso ao povoado Paus Pretos. Trata-se de uma motocicleta Honda\/ Bros, de cor preta, com licen\u00e7a da Cidade de F\u00e1tima-BA. Tamb\u00e9m foi encontrado no local os documentos pessoais da v\u00edtima, e do ve\u00edculo.<\/p>\n\n\n\n<!--more-->\n\n\n<div class=\"wp-block-image\">\n<figure class=\"alignleft size-full is-resized\"><img fetchpriority=\"high\" decoding=\"async\" src=\"https:\/\/www.portalalerta.com.br\/wp-content\/uploads\/2022\/03\/Cred-Real.1.jpg\" alt=\"\" class=\"wp-image-41523\" width=\"421\" height=\"337\" srcset=\"https:\/\/www.portalalerta.com.br\/wp-content\/uploads\/2022\/03\/Cred-Real.1.jpg 500w, https:\/\/www.portalalerta.com.br\/wp-content\/uploads\/2022\/03\/Cred-Real.1-300x240.jpg 300w, https:\/\/www.portalalerta.com.br\/wp-content\/uploads\/2022\/03\/Cred-Real.1-183x146.jpg 183w, https:\/\/www.portalalerta.com.br\/wp-content\/uploads\/2022\/03\/Cred-Real.1-50x40.jpg 50w, https:\/\/www.portalalerta.com.br\/wp-content\/uploads\/2022\/03\/Cred-Real.1-94x75.jpg 94w\" sizes=\"(max-width: 421px) 100vw, 421px\" \/><\/figure><\/div>\n\n\n<p>A motocicleta foi tomada de assalto na noite da quinta-feira (12),tamb\u00e9m no munic\u00edpio. Segundo relato das v\u00edtimas, um homem encapuzado e armado com um rev\u00f3lver, invadiu a casa que eles se encontravam e a todo momento os amea\u00e7ando e agredindo uma das v\u00edtimas.<\/p>\n\n\n\n<p>Al\u00e9m da moto, o criminoso ainda subtraiu uma quantia&nbsp;financeira, no valor de R$ 1.300,00, e dois aparelhos celulares. A Guarda Municipal foi acionada e rapidamente esteve presente no local, chegando a fazer buscas pela regi\u00e3o \u00e0 procura do autor, mas n\u00e3o obteve \u00eaxito.<\/p>\n\n\n\n<p>O ve\u00edculo foi conduzido e apresentado na Delegacia de Pol\u00edcia Civil para a devida devolu\u00e7\u00e3o ao seu propriet\u00e1rio.<\/p>\n\n\n<div class=\"wp-block-image\">\n<figure class=\"aligncenter size-full\"><img decoding=\"async\" width=\"320\" height=\"240\" src=\"https:\/\/www.portalalerta.com.br\/wp-content\/uploads\/2023\/01\/veiculo-recuperado-em-Fatima-2023.1.jpg\" alt=\"\" class=\"wp-image-46851\"\/><\/figure><\/div>\n\n\n<p><em>Fonte: C\u00edcero Dantas Acontece<\/em><\/p>\n\n\n\n<p><em>Com informa\u00e7\u00f5es: GCM\/ F\u00e1tima<\/em><\/p>\n","protected":false},"excerpt":{"rendered":"<p>Na&nbsp;manh\u00e3 da \u00faltima sexta-feira (13), Guardas Civis Municipais de F\u00e1tima-BA, no momento em que realizavam rondas no referido munic\u00edpio encontrou um ve\u00edculo abandonado atr\u00e1s de uma constru\u00e7\u00e3o, na estrada que d\u00e1 acesso ao povoado Paus Pretos. Trata-se de uma motocicleta Honda\/ Bros, de cor preta, com licen\u00e7a da Cidade de F\u00e1tima-BA. Tamb\u00e9m foi encontrado no &hellip;<\/p>\n","protected":false},"author":2,"featured_media":46850,"comment_status":"open","ping_status":"open","sticky":false,"template":"","format":"standard","meta":{"om_disable_all_campaigns":false,"_monsterinsights_skip_tracking":false,"_monsterinsights_sitenote_active":false,"_monsterinsights_sitenote_note":"","_monsterinsights_sitenote_category":0,"footnotes":""},"categories":[70,10,69,32,22],"tags":[100,71,48,4179,75,4178,4180,129,107,313,4181,132,230,3828,106,203,120,51,109,88,47,101,111,102],"class_list":["post-46849","post","type-post","status-publish","format-standard","has-post-thumbnail","hentry","category-destaques","category-fatima","category-noticias2","category-regiao","category-seguranca","tag-adustina","tag-antas","tag-araci","tag-banzae-2","tag-cicero-dantas","tag-cipo-2","tag-crisopolis-2","tag-euclides-da-cunha","tag-fatima","tag-gcm","tag-heliopolis-2","tag-itapicuru","tag-jeremoabo","tag-noticias","tag-nova-soure","tag-novo-triunfo","tag-olindina","tag-paripiranga","tag-quijingue","tag-ribeira-do-amparo","tag-ribeira-do-pombal","tag-roubo-de-moto","tag-sitio-do-quinto","tag-veiculo-recuperado"],"aioseo_notices":[],"_links":{"self":[{"href":"https:\/\/www.portalalerta.com.br\/index.php\/wp-json\/wp\/v2\/posts\/46849","targetHints":{"allow":["GET"]}}],"collection":[{"href":"https:\/\/www.portalalerta.com.br\/index.php\/wp-json\/wp\/v2\/posts"}],"about":[{"href":"https:\/\/www.portalalerta.com.br\/index.php\/wp-json\/wp\/v2\/types\/post"}],"author":[{"embeddable":true,"href":"https:\/\/www.portalalerta.com.br\/index.php\/wp-json\/wp\/v2\/users\/2"}],"replies":[{"embeddable":true,"href":"https:\/\/www.portalalerta.com.br\/index.php\/wp-json\/wp\/v2\/comments?post=46849"}],"version-history":[{"count":1,"href":"https:\/\/www.portalalerta.com.br\/index.php\/wp-json\/wp\/v2\/posts\/46849\/revisions"}],"predecessor-version":[{"id":46852,"href":"https:\/\/www.portalalerta.com.br\/index.php\/wp-json\/wp\/v2\/posts\/46849\/revisions\/46852"}],"wp:featuredmedia":[{"embeddable":true,"href":"https:\/\/www.portalalerta.com.br\/index.php\/wp-json\/wp\/v2\/media\/46850"}],"wp:attachment":[{"href":"https:\/\/www.portalalerta.com.br\/index.php\/wp-json\/wp\/v2\/media?parent=46849"}],"wp:term":[{"taxonomy":"category","embeddable":true,"href":"https:\/\/www.portalalerta.com.br\/index.php\/wp-json\/wp\/v2\/categories?post=46849"},{"taxonomy":"post_tag","embeddable":true,"href":"https:\/\/www.portalalerta.com.br\/index.php\/wp-json\/wp\/v2\/tags?post=46849"}],"curies":[{"name":"wp","href":"https:\/\/api.w.org\/{rel}","templated":true}]}}