{"id":46853,"date":"2023-01-16T09:02:00","date_gmt":"2023-01-16T12:02:00","guid":{"rendered":"https:\/\/www.portalalerta.com.br\/?p=46853"},"modified":"2023-01-16T09:15:05","modified_gmt":"2023-01-16T12:15:05","slug":"jeremoabo-reduz-em-14-o-numero-de-homicidios-em-relacao-ao-ano-anterior-confira-a-mancha-criminal","status":"publish","type":"post","link":"https:\/\/www.portalalerta.com.br\/index.php\/2023\/01\/16\/jeremoabo-reduz-em-14-o-numero-de-homicidios-em-relacao-ao-ano-anterior-confira-a-mancha-criminal\/","title":{"rendered":"Jeremoabo reduz em 14% o n\u00famero de homic\u00eddios em rela\u00e7\u00e3o ao ano anterior. Confira a Mancha Criminal!"},"content":{"rendered":"\n<p>Em 2022, Jeremoabo-BA registrou doze homic\u00eddios. 83% destes crimes foram cometidos com arma de fogo. O ponto positivo \u00e9 que ap\u00f3s dois anos de aumento consecutivo, Jeremoabo registrou dois assassinatos a menos que em 2021, representando uma redu\u00e7\u00e3o de 14%.<\/p>\n\n\n\n<!--more-->\n\n\n\n<p>Atualmente Jeremoabo \u00e9 habitada por 40.587 pessoas, de acordo com a \u00faltima estimativa do IBGE. Desta forma, analisando em propor\u00e7\u00e3o, ficou com uma m\u00e9dia de 30 homic\u00eddios para cada 100.000 habitantes.<\/p>\n\n\n\n<p>Vale ressaltar que estes dados s\u00e3o baseados em mat\u00e9rias jornal\u00edsticas do site PORTAL ALERTA, n\u00e3o incluindo mortes por interven\u00e7\u00f5es policiais e tentativas de homic\u00eddios que evolu\u00edram a \u00f3bito, o que podem ser contestadas pelas autoridades policiais.<\/p>\n\n\n\n<p><strong>Confira o Mapa:<\/strong><\/p>\n\n\n<div class=\"wp-block-image\">\n<figure class=\"aligncenter size-full\"><img fetchpriority=\"high\" decoding=\"async\" width=\"700\" height=\"500\" src=\"https:\/\/www.portalalerta.com.br\/wp-content\/uploads\/2023\/01\/Mancha-Criminal-Homicidios-Jeremoabo-2022.jpg\" alt=\"\" class=\"wp-image-46854\" srcset=\"https:\/\/www.portalalerta.com.br\/wp-content\/uploads\/2023\/01\/Mancha-Criminal-Homicidios-Jeremoabo-2022.jpg 700w, https:\/\/www.portalalerta.com.br\/wp-content\/uploads\/2023\/01\/Mancha-Criminal-Homicidios-Jeremoabo-2022-336x240.jpg 336w\" sizes=\"(max-width: 700px) 100vw, 700px\" \/><\/figure><\/div>\n\n\n<p><a href=\"https:\/\/www.portalalerta.com.br\/index.php\/2022\/01\/07\/jeremoabo-ba-registra-o-primeiro-homicidio-do-ano-2\/\"><strong>1 \u2013 Jos\u00e9 Unildo dos Santos, 45 anos, em janeiro de 2022<\/strong><\/a><\/p>\n\n\n\n<p><strong>Local:<\/strong> Povoado Canabravinha da Quixabeira<\/p>\n\n\n\n<p><strong>Meio Utilizado: <\/strong>Arma de fogo<\/p>\n\n\n\n<p><strong>Poss\u00edvel Motiva\u00e7\u00e3o:<\/strong> Desconhecida<\/p>\n\n\n\n<p><a href=\"https:\/\/www.portalalerta.com.br\/index.php\/2022\/01\/16\/em-mais-uma-noite-violenta-jeremoabo-ba-registra-um-homicidio-tentado-e-outro-consumado\/\"><strong>2 \u2013 Mateus (Magal), em 15\/01\/2022<\/strong><\/a><\/p>\n\n\n\n<p><strong>Local: <\/strong>Av. Contorno<\/p>\n\n\n\n<p><strong>Meio Utilizado:<\/strong> Arma de Fogo<\/p>\n\n\n\n<p><strong>Poss\u00edvel Motiva\u00e7\u00e3o: <\/strong>Crime Organizado<\/p>\n\n\n\n<p><a href=\"https:\/\/www.portalalerta.com.br\/index.php\/2022\/02\/10\/homem-e-assassinado-dentro-da-propria-casa-em-jeremoabo-ba\/\"><strong>3 \u2013 Gabriel do Nascimento Eug\u00eanio, em 09\/02\/2022<\/strong><\/a><\/p>\n\n\n\n<p><strong>Local:<\/strong> Rua Amazonas<\/p>\n\n\n\n<p><strong>Meio Utilizado:<\/strong> Arma de Fogo<\/p>\n\n\n\n<p><strong>Poss\u00edvel Motiva\u00e7\u00e3o:<\/strong> Desconhecida<\/p>\n\n\n\n<p><a href=\"https:\/\/www.portalalerta.com.br\/index.php\/2022\/06\/04\/acao-criminosa-em-bar-deixa-uma-pessoa-morta-e-outra-ferida-em-jeremoabo-ba\/\"><strong>4 \u2013 Marcelo Trouperiinha, em 02\/06\/2022<\/strong><\/a><\/p>\n\n\n\n<p><strong>Local:<\/strong> Rua Aracaju<\/p>\n\n\n\n<p><strong>Meio Utilizado:<\/strong> Arma de Fogo<\/p>\n\n\n\n<p><strong>Poss\u00edvel Motiva\u00e7\u00e3o:<\/strong> Desconhecida<\/p>\n\n\n\n<p><a href=\"https:\/\/www.portalalerta.com.br\/index.php\/2022\/06\/13\/jeremoabo-ba-volta-a-registrar-mais-um-homicidio-3\/\"><strong>5 \u2013 Washington de Jesus Passos (Rastafari), em 11\/06\/2022<\/strong><\/a><\/p>\n\n\n\n<p><strong>Local:<\/strong> Pr\u00f3ximo ao antigo casar\u00e3o de Coronel Jo\u00e3o S\u00e1 e do Hospital<\/p>\n\n\n\n<p><strong>Meio Utilizado:<\/strong> Arma de Fogo<\/p>\n\n\n\n<p><strong>Poss\u00edvel Motiva\u00e7\u00e3o: <\/strong>Desconhecida<\/p>\n\n\n\n<p><a href=\"https:\/\/www.portalalerta.com.br\/index.php\/2022\/07\/26\/homem-e-encontrado-morto-com-marcas-de-tiros-em-cima-de-moto-em-jeremoabo-ba\/\"><strong>6 \u2013 Thiaguinho, em 24\/07\/2022<\/strong><\/a><\/p>\n\n\n\n<p><strong>Local:<\/strong> Entre a Av. Luiz Eduardo Magalh\u00e3es e o Terminal Rodovi\u00e1rio (Antigo posto de venda da S\u00e3o Geraldo)<\/p>\n\n\n\n<p><strong>Meio Utilizado:<\/strong> Arma de Fogo<\/p>\n\n\n\n<p><strong>Motiva\u00e7\u00e3o: <\/strong>Crime Organizado<\/p>\n\n\n\n<p><a href=\"https:\/\/www.portalalerta.com.br\/index.php\/2022\/09\/04\/servidor-municipal-e-assassinado-a-tiros-em-jeremoabo-ba\/\"><strong>7 \u2013 Adilson de Jesus (Didi), em 31\/08\/2022<\/strong><\/a><\/p>\n\n\n\n<p><strong>Local: <\/strong>BR 235, nas proximidades do Povoado Jequi\u00e1<\/p>\n\n\n\n<p><strong>Meio Utilizado: <\/strong>Arma de fogo<\/p>\n\n\n\n<p><strong>Motiva\u00e7\u00e3o: <\/strong>Desconhecida<\/p>\n\n\n\n<p><a href=\"https:\/\/www.portalalerta.com.br\/index.php\/2022\/09\/13\/idoso-morre-apos-ser-ferido-com-facao-em-jeremoabo-ba\/\"><strong>8 \u2013 Jos\u00e9 Dias dos Santos, 81 anos, em 09\/09\/2022<\/strong><\/a><\/p>\n\n\n\n<p><strong>Local: <\/strong>Regi\u00e3o do Coelho<\/p>\n\n\n\n<p><strong>Meio Utilizado: <\/strong>Fac\u00e3o<\/p>\n\n\n\n<p><strong>Motiva\u00e7\u00e3o: <\/strong>Desconhecida<\/p>\n\n\n\n<p><a href=\"https:\/\/www.portalalerta.com.br\/index.php\/2022\/09\/20\/mais-um-homicidio-na-zona-rural-de-jeremoabo-ba\/\"><strong>9 \u2013 Antonio Carlos Concei\u00e7\u00e3o dos Santos, em 16\/09\/2022<\/strong><\/a><\/p>\n\n\n\n<p><strong>Local: <\/strong>BR 110<\/p>\n\n\n\n<p><strong>Meio Utilizado: <\/strong>Arma de fogo<\/p>\n\n\n\n<p><strong>Motiva\u00e7\u00e3o: <\/strong>Desentendimento<\/p>\n\n\n\n<p><a href=\"https:\/\/www.portalalerta.com.br\/index.php\/2022\/11\/16\/jovem-e-assassinado-em-frente-a-casa-da-propria-mae-em-jeremoabo-ba\/\"><strong>10 \u2013 Keferson, 18 anos, em 11\/11\/2022<\/strong><\/a><\/p>\n\n\n\n<p><strong>Local: <\/strong>Rua Santa Luzia, bairro Jo\u00e3o Paulo II<\/p>\n\n\n\n<p><strong>Meio Utilizado: <\/strong>Arma de fogo<\/p>\n\n\n\n<p><strong>Motiva\u00e7\u00e3o:<\/strong> Desconhecida<\/p>\n\n\n\n<p><a href=\"https:\/\/www.portalalerta.com.br\/index.php\/2022\/11\/29\/homem-e-assassinado-a-tiros-na-propria-casa-em-jeremoabo-ba\/\"><strong>11 \u2013 Jarbas Feitosa Santos, 31 anos, em 27\/11\/2022<\/strong><\/a><\/p>\n\n\n\n<p><strong>Local: <\/strong>Povoado \u00c1gua Branca<\/p>\n\n\n\n<p><strong>Meio Utilizado: <\/strong>Arma de Fogo<\/p>\n\n\n\n<p><strong>Motiva\u00e7\u00e3o: <\/strong>Desconhecida<\/p>\n\n\n\n<p><a href=\"https:\/\/www.portalalerta.com.br\/index.php\/2022\/12\/13\/homem-e-assassinado-em-jeremoabo-ba\/\"><strong>12 \u2013 Hamilton Gon\u00e7alves Souza, 36 anos, em 11\/12\/2022<\/strong><\/a><\/p>\n\n\n\n<p><strong>Local: <\/strong>Estrada que liga o povoado Brejinho \u00e0 Tapera<\/p>\n\n\n\n<p><strong>Meio Utilizado: <\/strong>Desconhecido<\/p>\n\n\n\n<p><strong>Motiva\u00e7\u00e3o: <\/strong>Desconhecida<\/p>\n\n\n\n<p><strong>Confira o gr\u00e1fico com o comparativo mensal entre os anos 2021 e 2022:<\/strong><\/p>\n\n\n<div class=\"wp-block-image\">\n<figure class=\"aligncenter size-full\"><img decoding=\"async\" width=\"550\" height=\"330\" src=\"https:\/\/www.portalalerta.com.br\/wp-content\/uploads\/2023\/01\/Comparativo-Mensal-de-Homicidios-em-Jeremoabo-2021e-2022.jpg\" alt=\"\" class=\"wp-image-46855\" srcset=\"https:\/\/www.portalalerta.com.br\/wp-content\/uploads\/2023\/01\/Comparativo-Mensal-de-Homicidios-em-Jeremoabo-2021e-2022.jpg 550w, https:\/\/www.portalalerta.com.br\/wp-content\/uploads\/2023\/01\/Comparativo-Mensal-de-Homicidios-em-Jeremoabo-2021e-2022-400x240.jpg 400w\" sizes=\"(max-width: 550px) 100vw, 550px\" \/><\/figure><\/div>\n\n\n<p><em>Reda\u00e7\u00e3o: Portal Alerta<\/em><\/p>\n","protected":false},"excerpt":{"rendered":"<p>Em 2022, Jeremoabo-BA registrou doze homic\u00eddios. 83% destes crimes foram cometidos com arma de fogo. O ponto positivo \u00e9 que ap\u00f3s dois anos de aumento consecutivo, Jeremoabo registrou dois assassinatos a menos que em 2021, representando uma redu\u00e7\u00e3o de 14%.<\/p>\n","protected":false},"author":2,"featured_media":26174,"comment_status":"open","ping_status":"open","sticky":false,"template":"","format":"standard","meta":{"om_disable_all_campaigns":false,"_monsterinsights_skip_tracking":false,"_monsterinsights_sitenote_active":false,"_monsterinsights_sitenote_note":"","_monsterinsights_sitenote_category":0,"footnotes":""},"categories":[70,9,69,32,22],"tags":[100,71,48,4179,75,4178,4180,129,107,4181,2074,132,230,500,439,3828,106,203,120,51,109,88,47,111,190],"class_list":["post-46853","post","type-post","status-publish","format-standard","has-post-thumbnail","hentry","category-destaques","category-jeremoabo","category-noticias2","category-regiao","category-seguranca","tag-adustina","tag-antas","tag-araci","tag-banzae-2","tag-cicero-dantas","tag-cipo-2","tag-crisopolis-2","tag-euclides-da-cunha","tag-fatima","tag-heliopolis-2","tag-homicidios","tag-itapicuru","tag-jeremoabo","tag-mancha-criminal","tag-mortes","tag-noticias","tag-nova-soure","tag-novo-triunfo","tag-olindina","tag-paripiranga","tag-quijingue","tag-ribeira-do-amparo","tag-ribeira-do-pombal","tag-sitio-do-quinto","tag-tucano"],"aioseo_notices":[],"_links":{"self":[{"href":"https:\/\/www.portalalerta.com.br\/index.php\/wp-json\/wp\/v2\/posts\/46853","targetHints":{"allow":["GET"]}}],"collection":[{"href":"https:\/\/www.portalalerta.com.br\/index.php\/wp-json\/wp\/v2\/posts"}],"about":[{"href":"https:\/\/www.portalalerta.com.br\/index.php\/wp-json\/wp\/v2\/types\/post"}],"author":[{"embeddable":true,"href":"https:\/\/www.portalalerta.com.br\/index.php\/wp-json\/wp\/v2\/users\/2"}],"replies":[{"embeddable":true,"href":"https:\/\/www.portalalerta.com.br\/index.php\/wp-json\/wp\/v2\/comments?post=46853"}],"version-history":[{"count":1,"href":"https:\/\/www.portalalerta.com.br\/index.php\/wp-json\/wp\/v2\/posts\/46853\/revisions"}],"predecessor-version":[{"id":46856,"href":"https:\/\/www.portalalerta.com.br\/index.php\/wp-json\/wp\/v2\/posts\/46853\/revisions\/46856"}],"wp:featuredmedia":[{"embeddable":true,"href":"https:\/\/www.portalalerta.com.br\/index.php\/wp-json\/wp\/v2\/media\/26174"}],"wp:attachment":[{"href":"https:\/\/www.portalalerta.com.br\/index.php\/wp-json\/wp\/v2\/media?parent=46853"}],"wp:term":[{"taxonomy":"category","embeddable":true,"href":"https:\/\/www.portalalerta.com.br\/index.php\/wp-json\/wp\/v2\/categories?post=46853"},{"taxonomy":"post_tag","embeddable":true,"href":"https:\/\/www.portalalerta.com.br\/index.php\/wp-json\/wp\/v2\/tags?post=46853"}],"curies":[{"name":"wp","href":"https:\/\/api.w.org\/{rel}","templated":true}]}}