{"id":46857,"date":"2023-01-16T09:03:00","date_gmt":"2023-01-16T12:03:00","guid":{"rendered":"https:\/\/www.portalalerta.com.br\/?p=46857"},"modified":"2023-01-15T23:10:24","modified_gmt":"2023-01-16T02:10:24","slug":"justica-torna-reus-acusados-de-armar-bomba-perto-do-aeroporto-de-brasilia","status":"publish","type":"post","link":"https:\/\/www.portalalerta.com.br\/index.php\/2023\/01\/16\/justica-torna-reus-acusados-de-armar-bomba-perto-do-aeroporto-de-brasilia\/","title":{"rendered":"Justi\u00e7a torna r\u00e9us acusados de armar bomba perto do aeroporto de Bras\u00edlia"},"content":{"rendered":"\n<p>Homens tentaram explodir caminh\u00e3o com combust\u00edvel perto de aeroporto em 24 de dezembro de 2022<\/p>\n\n\n\n<!--more-->\n\n\n\n<p>O TJDF (Tribunal de Justi\u00e7a do Distrito Federal) aceitou den\u00fancia do MPDFT (Minist\u00e9rio P\u00fablico do Distrito Federal e Territ\u00f3rios) e tornou r\u00e9u o trio acusado de estar por tr\u00e1s da tentativa de\u00a0<a href=\"https:\/\/www.portalalerta.com.br\/index.php\/2022\/12\/26\/o-que-se-sabe-ate-agora-sobre-o-explosivo-perto-do-aeroporto-de-brasilia\/\">explos\u00e3o de um caminh\u00e3o com combust\u00edvel nos arredores do Aeroporto Internacional de Bras\u00edlia<\/a>\u00a0em 24 de dezembro de 2022.<\/p>\n\n\n\n<p>Foram denunciados Alan Diego dos Santos, Welligton Macedo de Souza e George Washington de Oliveira Sousa, que chegou a ser preso pela Pol\u00edcia Civil de Bras\u00edlia.<\/p>\n\n\n<div class=\"wp-block-image\">\n<figure class=\"alignleft size-full is-resized\"><img fetchpriority=\"high\" decoding=\"async\" src=\"https:\/\/www.portalalerta.com.br\/wp-content\/uploads\/2021\/04\/ELAB.jpg\" alt=\"\" class=\"wp-image-34795\" width=\"424\" height=\"338\" srcset=\"https:\/\/www.portalalerta.com.br\/wp-content\/uploads\/2021\/04\/ELAB.jpg 1000w, https:\/\/www.portalalerta.com.br\/wp-content\/uploads\/2021\/04\/ELAB-300x240.jpg 300w, https:\/\/www.portalalerta.com.br\/wp-content\/uploads\/2021\/04\/ELAB-768x614.jpg 768w, https:\/\/www.portalalerta.com.br\/wp-content\/uploads\/2021\/04\/ELAB-183x146.jpg 183w, https:\/\/www.portalalerta.com.br\/wp-content\/uploads\/2021\/04\/ELAB-50x40.jpg 50w, https:\/\/www.portalalerta.com.br\/wp-content\/uploads\/2021\/04\/ELAB-94x75.jpg 94w\" sizes=\"(max-width: 424px) 100vw, 424px\" \/><\/figure><\/div>\n\n\n<p>A den\u00fancia foi recebida pelo juiz Osvaldo Tovani, da 8\u00aa Vara Criminal de Bras\u00edlia, que considerou que os requisitos previstos no C\u00f3digo de Processo Penal estavam preenchidos e que havia &#8220;justa causa&#8221; para abertura da a\u00e7\u00e3o penal contra os acusados. O despacho foi assinado na \u00faltima ter\u00e7a-feira (10).<\/p>\n\n\n\n<p>O processo foi registrado no sistema da Justi\u00e7a do DF com a classifica\u00e7\u00e3o &#8220;crimes do sistema nacional de armas&#8221; e a indica\u00e7\u00e3o de &#8220;motiva\u00e7\u00e3o pol\u00edtico partid\u00e1ria&#8221;.<\/p>\n\n\n\n<p>Segundo fontes ouvidas pela Folha, os r\u00e9us devem responder na Justi\u00e7a pelo crime de explos\u00e3o.<\/p>\n\n\n\n<p>Preso no mesmo dia da tentativa de explos\u00e3o, George Washington afirmou \u00e0 Pol\u00edcia Civil de Bras\u00edlia que planejou com manifestantes do QG (Quartel General) no Ex\u00e9rcito a instala\u00e7\u00e3o de explosivos em pelo menos dois locais da capital federal para &#8220;dar in\u00edcio ao caos&#8221; que levaria \u00e0 &#8220;decreta\u00e7\u00e3o do estado de s\u00edtio no pa\u00eds&#8221;, o que poderia &#8220;provocar a interven\u00e7\u00e3o das For\u00e7as Armadas&#8221;.<\/p>\n\n\n\n<p>Segundo ele, as &#8220;palavras&#8221; de Jair Bolsonaro (PL) o encorajaram a adquirir o arsenal de armas apreendido em seu poder. Na vers\u00e3o dada aos policiais, \u00e0 qual a Folha teve acesso, ele fez refer\u00eancia ao discurso armamentista do presidente da Rep\u00fablica \u2014marca de Bolsonaro durante seu mandato e da campanha que em 2018 o levou ao Pal\u00e1cio do Planalto.<\/p>\n\n\n\n<p>O jornalista Wellington Macedo de Souza j\u00e1 havia sido preso por ordem de Alexandre de Moraes sob acusa\u00e7\u00e3o de incentivar ato antidemocr\u00e1tico no 7 de Setembro.<\/p>\n\n\n\n<p>A investiga\u00e7\u00e3o do caso come\u00e7ou quando a Pol\u00edcia Militar do DF afirmou ter interceptado o artefato explosivo no dia 24 de dezembro. A pol\u00edcia foi acionada pelo motorista do caminh\u00e3o, que percebeu que uma caixa havia sido colocada no interior do ve\u00edculo.<\/p>\n\n\n\n<p>Foi encontrada no local uma pequena dinamite com temporizador. O explosivo foi retirado pelo esquadr\u00e3o antibombas, e, de acordo com nota da PM, foi realizada a &#8220;desativa\u00e7\u00e3o do artefato&#8221; ainda no local.<\/p>\n\n\n\n<p>A pista foi interditada durante a opera\u00e7\u00e3o, com as vias marginais liberadas para tr\u00e2nsito, e n\u00e3o houve impacto na opera\u00e7\u00e3o do aeroporto de Bras\u00edlia.<\/p>\n\n\n\n<p><em>Fonte: Yahoo Not\u00edcias<\/em><\/p>\n","protected":false},"excerpt":{"rendered":"<p>Homens tentaram explodir caminh\u00e3o com combust\u00edvel perto de aeroporto em 24 de dezembro de 2022<\/p>\n","protected":false},"author":2,"featured_media":46464,"comment_status":"open","ping_status":"open","sticky":false,"template":"","format":"standard","meta":{"om_disable_all_campaigns":false,"_monsterinsights_skip_tracking":false,"_monsterinsights_sitenote_active":false,"_monsterinsights_sitenote_note":"","_monsterinsights_sitenote_category":0,"footnotes":""},"categories":[34,70,69,22],"tags":[100,71,48,4179,93,786,75,4178,4180,539,129,107,4181,132,230,3828,106,203,120,51,109,88,47,111,2610],"class_list":["post-46857","post","type-post","status-publish","format-standard","has-post-thumbnail","hentry","category-brasil","category-destaques","category-noticias2","category-seguranca","tag-adustina","tag-antas","tag-araci","tag-banzae-2","tag-brasil","tag-brasilia","tag-cicero-dantas","tag-cipo-2","tag-crisopolis-2","tag-distrito-federal","tag-euclides-da-cunha","tag-fatima","tag-heliopolis-2","tag-itapicuru","tag-jeremoabo","tag-noticias","tag-nova-soure","tag-novo-triunfo","tag-olindina","tag-paripiranga","tag-quijingue","tag-ribeira-do-amparo","tag-ribeira-do-pombal","tag-sitio-do-quinto","tag-terrorismo"],"aioseo_notices":[],"_links":{"self":[{"href":"https:\/\/www.portalalerta.com.br\/index.php\/wp-json\/wp\/v2\/posts\/46857","targetHints":{"allow":["GET"]}}],"collection":[{"href":"https:\/\/www.portalalerta.com.br\/index.php\/wp-json\/wp\/v2\/posts"}],"about":[{"href":"https:\/\/www.portalalerta.com.br\/index.php\/wp-json\/wp\/v2\/types\/post"}],"author":[{"embeddable":true,"href":"https:\/\/www.portalalerta.com.br\/index.php\/wp-json\/wp\/v2\/users\/2"}],"replies":[{"embeddable":true,"href":"https:\/\/www.portalalerta.com.br\/index.php\/wp-json\/wp\/v2\/comments?post=46857"}],"version-history":[{"count":1,"href":"https:\/\/www.portalalerta.com.br\/index.php\/wp-json\/wp\/v2\/posts\/46857\/revisions"}],"predecessor-version":[{"id":46858,"href":"https:\/\/www.portalalerta.com.br\/index.php\/wp-json\/wp\/v2\/posts\/46857\/revisions\/46858"}],"wp:featuredmedia":[{"embeddable":true,"href":"https:\/\/www.portalalerta.com.br\/index.php\/wp-json\/wp\/v2\/media\/46464"}],"wp:attachment":[{"href":"https:\/\/www.portalalerta.com.br\/index.php\/wp-json\/wp\/v2\/media?parent=46857"}],"wp:term":[{"taxonomy":"category","embeddable":true,"href":"https:\/\/www.portalalerta.com.br\/index.php\/wp-json\/wp\/v2\/categories?post=46857"},{"taxonomy":"post_tag","embeddable":true,"href":"https:\/\/www.portalalerta.com.br\/index.php\/wp-json\/wp\/v2\/tags?post=46857"}],"curies":[{"name":"wp","href":"https:\/\/api.w.org\/{rel}","templated":true}]}}