{"id":46864,"date":"2023-01-16T20:51:35","date_gmt":"2023-01-16T23:51:35","guid":{"rendered":"https:\/\/www.portalalerta.com.br\/?p=46864"},"modified":"2023-01-16T20:51:37","modified_gmt":"2023-01-16T23:51:37","slug":"brasilia-retorna-a-normalidade-uma-semana-apos-atos-terroristas","status":"publish","type":"post","link":"https:\/\/www.portalalerta.com.br\/index.php\/2023\/01\/16\/brasilia-retorna-a-normalidade-uma-semana-apos-atos-terroristas\/","title":{"rendered":"Bras\u00edlia retorna \u00e0 normalidade uma semana ap\u00f3s atos terroristas"},"content":{"rendered":"\n<p>Pra\u00e7a dos Tr\u00eas Poderes voltou a ser visitada por turistas, enquanto regi\u00e3o do Quartel-General do Ex\u00e9rcito est\u00e1 vazia<\/p>\n\n\n\n<!--more-->\n\n\n\n<p>Uma semana ap\u00f3s os\u00a0atos terroristas que atingiram as sedes do Tr\u00eas Poderes, Bras\u00edlia come\u00e7a a ganhar sinais de normalidade.<\/p>\n\n\n\n<p>Ao contr\u00e1rio das cenas de vandalismo vistas no dia 8 de janeiro, e das restri\u00e7\u00f5es de circula\u00e7\u00e3o nos dias seguintes para evitar novos ataques, a Esplanada dos Minist\u00e9rios est\u00e1 com tr\u00e2nsito liberado e voltou a ser visitada por turistas e brasilienses em busca de lazer.<\/p>\n\n\n<div class=\"wp-block-image\">\n<figure class=\"alignleft size-full is-resized\"><img fetchpriority=\"high\" decoding=\"async\" src=\"https:\/\/www.portalalerta.com.br\/wp-content\/uploads\/2023\/01\/auto-escola-Feliz-Ano-Novo-2022.jpeg\" alt=\"\" class=\"wp-image-46694\" width=\"377\" height=\"377\" srcset=\"https:\/\/www.portalalerta.com.br\/wp-content\/uploads\/2023\/01\/auto-escola-Feliz-Ano-Novo-2022.jpeg 875w, https:\/\/www.portalalerta.com.br\/wp-content\/uploads\/2023\/01\/auto-escola-Feliz-Ano-Novo-2022-240x240.jpeg 240w, https:\/\/www.portalalerta.com.br\/wp-content\/uploads\/2023\/01\/auto-escola-Feliz-Ano-Novo-2022-768x768.jpeg 768w\" sizes=\"(max-width: 377px) 100vw, 377px\" \/><\/figure><\/div>\n\n\n<p>Nem tudo voltou ao normal: seis carros da For\u00e7a Nacional estavam espalhados ao redor da Pra\u00e7a dos Tr\u00eas Poderes na tarde deste domingo, em um lembrete que a seguran\u00e7a p\u00fablica do Distrito Federal segue sob\u00a0interven\u00e7\u00e3o do governo federal.<\/p>\n\n\n\n<p>Entretanto, ao lado deles a pra\u00e7a estava cheia, dessa vez n\u00e3o de manifestantes golpistas, mas por fam\u00edlias que tiravam fotos em um dos principais pontos tur\u00edsticos da capital, como costuma acontecer todo domingo. Ambulantes tamb\u00e9m voltaram a vender picol\u00e9s e lembran\u00e7as de Bras\u00edlia.<\/p>\n\n\n\n<p>Um pouco acima, na Alameda dos Estados, que fica no fim da Esplanada, outras pessoas tiravam fotos com o Congresso Nacional ao fundo. Entre eles estava o estudante de Direito Paulo Vicente, de 20 anos, morador de Vit\u00f3ria da Conquista (BA).<\/p>\n\n\n\n<p>Vicente foi a Bras\u00edlia para assistir a\u00a0posse do presidente Luiz In\u00e1cio Lula da Silva\u00a0(PT), no dia 1\u00ba. Alongou a estadia para ficar com parentes e, no fim de semana passada, pretendia visitar a Pra\u00e7a junto com sua fam\u00edlia. Ele, no entanto, desistiu ao descobrir que havia a previs\u00e3o de uma manifesta\u00e7\u00e3o.<\/p>\n\n\n\n<p>\u2014 A gente acompanhou ao vivo, ficou de cara. Falei: <strong><em>&#8220;ainda bem que n\u00e3o fomos&#8221;<\/em><\/strong>. Imagina a gente com crian\u00e7a, idoso. A sorte foi que eu vi essa mat\u00e9ria \u2014 relata. \u2014 As pessoas n\u00e3o conseguem se conformar com o resultado da elei\u00e7\u00e3o. Triste ver que a democracia \u00e9 atacada dessa forma pela pr\u00f3pria popula\u00e7\u00e3o.<\/p>\n\n\n\n<p>Neste domingo, Vicente n\u00e3o sabia se a Esplanada estaria aberta, mas ficou feliz de conseguir chegar no local de bicicleta e ver o clima tranquilo. Agora, pretende voltar na semana seguinte com a sua av\u00f3, repetindo o plano que teve que ser cancelado.<\/p>\n\n\n\n<p><strong>Acampamento esvaziado<\/strong><\/p>\n\n\n\n<p>A cerca de 8km dali a Pra\u00e7a dos Cristais, no Setor Militar Urbano, estava tranquila e praticamente vazia neste domingo. Algumas poucas marcas no ch\u00e3o restaram para demostrar que ali havia um acampamento, que chegou a ter milhares de pessoas, com pedidos de interven\u00e7\u00e3o militar.<\/p>\n\n\n\n<p>A pra\u00e7a fica em frente ao Quartel-General do Ex\u00e9rcito. Uns poucos soldados faziam a seguran\u00e7a do local, como \u00e9 de costume, sem refor\u00e7os aparentes.<\/p>\n\n\n\n<p>O acampamento chegou a ter 2,5 mil pessoas, segundo o Ex\u00e9rcito. O n\u00famero caiu para 300 ap\u00f3s a posse de Lula, mas voltou a aumentar na semana passada, com a chegada de milhares de manifestantes, que depois seguiram para a Esplanada dos Minist\u00e9rios.<\/p>\n\n\n\n<p>O acampamento s\u00f3 seria esvaziado na manh\u00e3 de segunda-feira, por determina\u00e7\u00e3o do Supremo Tribunal Federal (STF), ap\u00f3s a realiza\u00e7\u00e3o dos atos golpistas.<\/p>\n\n\n\n<p><em>Fonte: Yahoo Not\u00edcias<\/em><\/p>\n","protected":false},"excerpt":{"rendered":"<p>Pra\u00e7a dos Tr\u00eas Poderes voltou a ser visitada por turistas, enquanto regi\u00e3o do Quartel-General do Ex\u00e9rcito est\u00e1 vazia<\/p>\n","protected":false},"author":2,"featured_media":46715,"comment_status":"open","ping_status":"open","sticky":false,"template":"","format":"standard","meta":{"om_disable_all_campaigns":false,"_monsterinsights_skip_tracking":false,"_monsterinsights_sitenote_active":false,"_monsterinsights_sitenote_note":"","_monsterinsights_sitenote_category":0,"footnotes":""},"categories":[34,70,69,21],"tags":[100,71,48,4179,93,786,75,4178,4180,539,129,107,4181,132,230,3828,106,203,120,51,109,88,47,111,2610],"class_list":["post-46864","post","type-post","status-publish","format-standard","has-post-thumbnail","hentry","category-brasil","category-destaques","category-noticias2","category-politica","tag-adustina","tag-antas","tag-araci","tag-banzae-2","tag-brasil","tag-brasilia","tag-cicero-dantas","tag-cipo-2","tag-crisopolis-2","tag-distrito-federal","tag-euclides-da-cunha","tag-fatima","tag-heliopolis-2","tag-itapicuru","tag-jeremoabo","tag-noticias","tag-nova-soure","tag-novo-triunfo","tag-olindina","tag-paripiranga","tag-quijingue","tag-ribeira-do-amparo","tag-ribeira-do-pombal","tag-sitio-do-quinto","tag-terrorismo"],"aioseo_notices":[],"_links":{"self":[{"href":"https:\/\/www.portalalerta.com.br\/index.php\/wp-json\/wp\/v2\/posts\/46864","targetHints":{"allow":["GET"]}}],"collection":[{"href":"https:\/\/www.portalalerta.com.br\/index.php\/wp-json\/wp\/v2\/posts"}],"about":[{"href":"https:\/\/www.portalalerta.com.br\/index.php\/wp-json\/wp\/v2\/types\/post"}],"author":[{"embeddable":true,"href":"https:\/\/www.portalalerta.com.br\/index.php\/wp-json\/wp\/v2\/users\/2"}],"replies":[{"embeddable":true,"href":"https:\/\/www.portalalerta.com.br\/index.php\/wp-json\/wp\/v2\/comments?post=46864"}],"version-history":[{"count":1,"href":"https:\/\/www.portalalerta.com.br\/index.php\/wp-json\/wp\/v2\/posts\/46864\/revisions"}],"predecessor-version":[{"id":46865,"href":"https:\/\/www.portalalerta.com.br\/index.php\/wp-json\/wp\/v2\/posts\/46864\/revisions\/46865"}],"wp:featuredmedia":[{"embeddable":true,"href":"https:\/\/www.portalalerta.com.br\/index.php\/wp-json\/wp\/v2\/media\/46715"}],"wp:attachment":[{"href":"https:\/\/www.portalalerta.com.br\/index.php\/wp-json\/wp\/v2\/media?parent=46864"}],"wp:term":[{"taxonomy":"category","embeddable":true,"href":"https:\/\/www.portalalerta.com.br\/index.php\/wp-json\/wp\/v2\/categories?post=46864"},{"taxonomy":"post_tag","embeddable":true,"href":"https:\/\/www.portalalerta.com.br\/index.php\/wp-json\/wp\/v2\/tags?post=46864"}],"curies":[{"name":"wp","href":"https:\/\/api.w.org\/{rel}","templated":true}]}}