{"id":46866,"date":"2023-01-16T20:59:56","date_gmt":"2023-01-16T23:59:56","guid":{"rendered":"https:\/\/www.portalalerta.com.br\/?p=46866"},"modified":"2023-01-16T20:59:57","modified_gmt":"2023-01-16T23:59:57","slug":"nova-soure-ba-reduz-em-41-o-numero-de-homicidios-em-2022-em-comparacao-ao-ano-anterior-confira-a-mancha-criminal","status":"publish","type":"post","link":"https:\/\/www.portalalerta.com.br\/index.php\/2023\/01\/16\/nova-soure-ba-reduz-em-41-o-numero-de-homicidios-em-2022-em-comparacao-ao-ano-anterior-confira-a-mancha-criminal\/","title":{"rendered":"Nova Soure-BA reduz em 41%, o n\u00famero de homic\u00eddios em 2022, em compara\u00e7\u00e3o ao ano anterior. Confira a mancha Criminal!"},"content":{"rendered":"\n<p>Em 2022, Nova Soure-BA registrou dez homic\u00eddios, sete a menos que em 2021, representando uma redu\u00e7\u00e3o de 41%.<\/p>\n\n\n\n<!--more-->\n\n\n\n<p>Atualmente Nova Soure \u00e9 habitada por 26.998 pessoas, de acordo com o \u00faltimo levantamento do IBGE. Desta forma, analisando em propor\u00e7\u00e3o, ficou com uma m\u00e9dia de 37 homic\u00eddios para cada 100.000 habitantes.<\/p>\n\n\n\n<p>Por fim, se concluiu que abril foi o m\u00eas mais violento, com tr\u00eas homic\u00eddios.&nbsp;&nbsp; Apenas quatro destes crimes foram cometidos com uso de arma de fogo. &nbsp;&nbsp;<\/p>\n\n\n\n<p>Vale ressaltar que estes dados s\u00e3o baseados em mat\u00e9rias jornal\u00edsticas do site PORTAL ALERTA, n\u00e3o incluindo mortes por interven\u00e7\u00f5es policiais e tentativas de homic\u00eddios que evolu\u00edram a \u00f3bito, o que podem ser contestadas pelas autoridades policiais.<\/p>\n\n\n\n<p><strong>Confira o Mapa:<\/strong><\/p>\n\n\n<div class=\"wp-block-image\">\n<figure class=\"aligncenter size-full\"><img fetchpriority=\"high\" decoding=\"async\" width=\"700\" height=\"500\" src=\"https:\/\/www.portalalerta.com.br\/wp-content\/uploads\/2023\/01\/Mancha-Criminal-Homicidios-Nova-Soure-2022.jpg\" alt=\"\" class=\"wp-image-46867\" srcset=\"https:\/\/www.portalalerta.com.br\/wp-content\/uploads\/2023\/01\/Mancha-Criminal-Homicidios-Nova-Soure-2022.jpg 700w, https:\/\/www.portalalerta.com.br\/wp-content\/uploads\/2023\/01\/Mancha-Criminal-Homicidios-Nova-Soure-2022-336x240.jpg 336w\" sizes=\"(max-width: 700px) 100vw, 700px\" \/><\/figure><\/div>\n\n\n<p><a href=\"https:\/\/www.portalalerta.com.br\/index.php\/2022\/01\/22\/nova-soure-ba-registra-o-primeiro-homicidio-do-ano-2\/\"><strong>1 \u2013 Diego Santana dos Santos, em 20\/01\/2022<\/strong><\/a><\/p>\n\n\n\n<p><strong>Local:<\/strong> Povoado Maria Preta<\/p>\n\n\n\n<p><strong>Meio Utilizado:<\/strong> Faca<\/p>\n\n\n\n<p><strong>Motiva\u00e7\u00e3o:<\/strong> Desconhecida<\/p>\n\n\n\n<p><a href=\"https:\/\/www.portalalerta.com.br\/index.php\/2022\/01\/24\/nova-soure-ba-volta-a-registrar-mais-um-homicidio\/\"><strong>2 \u2013 Alex da Silva Santos, 16 anos, em 23\/01\/2022<\/strong><\/a><\/p>\n\n\n\n<p><strong>Local:<\/strong> Rua Prefeito Ariston<\/p>\n\n\n\n<p><strong>Meio Utilizado:<\/strong> Faca<\/p>\n\n\n\n<p><strong>Motiva\u00e7\u00e3o:<\/strong> Desentendimento comercial<\/p>\n\n\n\n<p><a href=\"https:\/\/www.portalalerta.com.br\/index.php\/2022\/02\/07\/homem-e-assassinado-a-tiros-em-nova-soure-ba-crime-teria-sido-motivado-por-vinganca\/\"><strong>3 \u2013 Marcelo Oliveira Arag\u00e3o, em 06\/02\/2022<\/strong><\/a><\/p>\n\n\n\n<p><strong>Local:<\/strong> Bairro Bom Jesus<\/p>\n\n\n\n<p><strong>Meio Utilizado:<\/strong> Arma de fogo<\/p>\n\n\n\n<p><strong>Motiva\u00e7\u00e3o:<\/strong> Vingan\u00e7a<\/p>\n\n\n\n<p><a href=\"https:\/\/www.portalalerta.com.br\/index.php\/2022\/03\/23\/idoso-e-vitima-de-homicidio-em-nova-soure-ba\/\"><strong>4 \u2013 Antonio Alves Pimentel, 70 anos, em 21\/03\/2022<\/strong><\/a><\/p>\n\n\n\n<p><strong>Local: <\/strong>Povoado Raso<\/p>\n\n\n\n<p><strong>Meio Utilizado: <\/strong>agress\u00e3o<\/p>\n\n\n\n<p><strong>Motiva\u00e7\u00e3o: <\/strong>Desconhecida<\/p>\n\n\n\n<p><a href=\"https:\/\/www.portalalerta.com.br\/index.php\/2022\/04\/18\/nova-soure-ba-registra-duplo-homicidio-uma-das-vitimas-foi-carbonizada\/\"><strong>5 \u2013 Antonio Jos\u00e9 Bispo (Toinho), em 17\/04\/2022<\/strong><\/a><\/p>\n\n\n\n<p><strong>Local: <\/strong>Fazenda Cova D\u00b4\u00e1gua (Pr\u00f3ximo a BA 084 para mapa)<\/p>\n\n\n\n<p><strong>Meio Utilizado: <\/strong>n\u00e3o identificado<\/p>\n\n\n\n<p><strong>Motiva\u00e7\u00e3o:<\/strong> Crime Organizado<\/p>\n\n\n\n<p><a href=\"https:\/\/www.portalalerta.com.br\/index.php\/2022\/04\/18\/nova-soure-ba-registra-duplo-homicidio-uma-das-vitimas-foi-carbonizada\/\"><strong>6 \u2013 Jos\u00e9 F\u00e1bio de Souza Bispo (Binho), em 17\/04\/2022<\/strong><\/a><\/p>\n\n\n\n<p><strong>Local: <\/strong>Fazenda Cova D\u00b4\u00e1gua (Pr\u00f3ximo a BA 084 para mapa)<\/p>\n\n\n\n<p><strong>Meio Utilizado: <\/strong>n\u00e3o identificado<\/p>\n\n\n\n<p><strong>Motiva\u00e7\u00e3o: <\/strong>Crime Organizado<\/p>\n\n\n\n<p><a href=\"https:\/\/www.portalalerta.com.br\/index.php\/2022\/04\/20\/nova-soure-ba-registra-o-setimo-homicidio-do-ano\/\"><strong>7 \u2013 Thiago Moreira da Silva Neves (Chocolate), 35 anos, em 19\/04\/2022<\/strong><\/a><\/p>\n\n\n\n<p><strong>Local:<\/strong> Baixa do Ded\u00ea<\/p>\n\n\n\n<p><strong>Meio Utilizado:<\/strong> Arma de fogo<\/p>\n\n\n\n<p><strong>Motiva\u00e7\u00e3o: <\/strong>Desconhecida<\/p>\n\n\n\n<p><a href=\"https:\/\/www.portalalerta.com.br\/index.php\/2022\/08\/29\/homem-e-assassinado-a-tiros-em-nova-soure-ba-2\/\"><strong>8 \u2013 Uadson da Silva Santos, 28 anos, em 25\/08\/2022<\/strong><\/a><\/p>\n\n\n\n<p><strong>Local:<\/strong> Fazenda Santo Antonio<\/p>\n\n\n\n<p><strong>Meio Utilizado:<\/strong> Arma de fogo<\/p>\n\n\n\n<p><strong>Motiva\u00e7\u00e3o:<\/strong> Desconhecida<\/p>\n\n\n\n<p><a href=\"https:\/\/www.portalalerta.com.br\/index.php\/2022\/11\/07\/corpo-de-adolescente-que-estava-desaparecido-e-encontrado-carbonizado-em-nova-soure-ba\/\"><strong>9 \u2013 Jadielson dos Santos Bispo, 17 anos, em 06\/11\/2022<\/strong><\/a><\/p>\n\n\n\n<p><strong>Local: <\/strong>Povoado Concei\u00e7\u00e3o<\/p>\n\n\n\n<p><strong>Meio Utilizado:<\/strong> Carbonizado<\/p>\n\n\n\n<p><strong>Motiva\u00e7\u00e3o: <\/strong>Desconhecida<\/p>\n\n\n\n<p><a href=\"https:\/\/www.portalalerta.com.br\/index.php\/2022\/12\/13\/jovem-e-assassinado-a-tiros-em-nova-soure-ba-3\/\"><strong>10 \u2013 Igor Santana de Oliveira, em 12\/12\/2022<\/strong><\/a><\/p>\n\n\n\n<p><strong>Local: <\/strong>BA 084, pr\u00f3ximo a Vila Bananeira<\/p>\n\n\n\n<p><strong>Meio Utilizado: <\/strong>Arma de fogo<\/p>\n\n\n\n<p><strong>Motiva\u00e7\u00e3o: <\/strong>Desconhecida<\/p>\n\n\n\n<p><strong>Confira o gr\u00e1fico comparativo mensal, entre os anos 2021 e 2022:<\/strong><\/p>\n\n\n<div class=\"wp-block-image\">\n<figure class=\"aligncenter size-full\"><img decoding=\"async\" width=\"550\" height=\"330\" src=\"https:\/\/www.portalalerta.com.br\/wp-content\/uploads\/2023\/01\/Comparativo-Mensal-de-Homicidios-em-Nova-Soure-2021-e-2022.jpg\" alt=\"\" class=\"wp-image-46868\" srcset=\"https:\/\/www.portalalerta.com.br\/wp-content\/uploads\/2023\/01\/Comparativo-Mensal-de-Homicidios-em-Nova-Soure-2021-e-2022.jpg 550w, https:\/\/www.portalalerta.com.br\/wp-content\/uploads\/2023\/01\/Comparativo-Mensal-de-Homicidios-em-Nova-Soure-2021-e-2022-400x240.jpg 400w\" sizes=\"(max-width: 550px) 100vw, 550px\" \/><\/figure><\/div>\n\n\n<p><em>Reda\u00e7\u00e3o: Portal Alerta<\/em><\/p>\n","protected":false},"excerpt":{"rendered":"<p>Em 2022, Nova Soure-BA registrou dez homic\u00eddios, sete a menos que em 2021, representando uma redu\u00e7\u00e3o de 41%.<\/p>\n","protected":false},"author":2,"featured_media":3401,"comment_status":"open","ping_status":"open","sticky":false,"template":"","format":"standard","meta":{"om_disable_all_campaigns":false,"_monsterinsights_skip_tracking":false,"_monsterinsights_sitenote_active":false,"_monsterinsights_sitenote_note":"","_monsterinsights_sitenote_category":0,"footnotes":""},"categories":[70,69,14,32,22],"tags":[100,71,48,4179,75,4178,4180,129,107,4181,206,132,230,500,439,3828,106,203,120,51,109,88,47,111,190],"class_list":["post-46866","post","type-post","status-publish","format-standard","has-post-thumbnail","hentry","category-destaques","category-noticias2","category-nova-soure","category-regiao","category-seguranca","tag-adustina","tag-antas","tag-araci","tag-banzae-2","tag-cicero-dantas","tag-cipo-2","tag-crisopolis-2","tag-euclides-da-cunha","tag-fatima","tag-heliopolis-2","tag-homicidio","tag-itapicuru","tag-jeremoabo","tag-mancha-criminal","tag-mortes","tag-noticias","tag-nova-soure","tag-novo-triunfo","tag-olindina","tag-paripiranga","tag-quijingue","tag-ribeira-do-amparo","tag-ribeira-do-pombal","tag-sitio-do-quinto","tag-tucano"],"aioseo_notices":[],"_links":{"self":[{"href":"https:\/\/www.portalalerta.com.br\/index.php\/wp-json\/wp\/v2\/posts\/46866","targetHints":{"allow":["GET"]}}],"collection":[{"href":"https:\/\/www.portalalerta.com.br\/index.php\/wp-json\/wp\/v2\/posts"}],"about":[{"href":"https:\/\/www.portalalerta.com.br\/index.php\/wp-json\/wp\/v2\/types\/post"}],"author":[{"embeddable":true,"href":"https:\/\/www.portalalerta.com.br\/index.php\/wp-json\/wp\/v2\/users\/2"}],"replies":[{"embeddable":true,"href":"https:\/\/www.portalalerta.com.br\/index.php\/wp-json\/wp\/v2\/comments?post=46866"}],"version-history":[{"count":1,"href":"https:\/\/www.portalalerta.com.br\/index.php\/wp-json\/wp\/v2\/posts\/46866\/revisions"}],"predecessor-version":[{"id":46869,"href":"https:\/\/www.portalalerta.com.br\/index.php\/wp-json\/wp\/v2\/posts\/46866\/revisions\/46869"}],"wp:featuredmedia":[{"embeddable":true,"href":"https:\/\/www.portalalerta.com.br\/index.php\/wp-json\/wp\/v2\/media\/3401"}],"wp:attachment":[{"href":"https:\/\/www.portalalerta.com.br\/index.php\/wp-json\/wp\/v2\/media?parent=46866"}],"wp:term":[{"taxonomy":"category","embeddable":true,"href":"https:\/\/www.portalalerta.com.br\/index.php\/wp-json\/wp\/v2\/categories?post=46866"},{"taxonomy":"post_tag","embeddable":true,"href":"https:\/\/www.portalalerta.com.br\/index.php\/wp-json\/wp\/v2\/tags?post=46866"}],"curies":[{"name":"wp","href":"https:\/\/api.w.org\/{rel}","templated":true}]}}