{"id":46870,"date":"2023-01-16T21:22:01","date_gmt":"2023-01-17T00:22:01","guid":{"rendered":"https:\/\/www.portalalerta.com.br\/?p=46870"},"modified":"2023-01-16T21:22:03","modified_gmt":"2023-01-17T00:22:03","slug":"homem-e-preso-acusado-de-tentativa-de-homicidio-em-fatima-ba-municipio-completou-um-ano-sem-registro-de-assassinato","status":"publish","type":"post","link":"https:\/\/www.portalalerta.com.br\/index.php\/2023\/01\/16\/homem-e-preso-acusado-de-tentativa-de-homicidio-em-fatima-ba-municipio-completou-um-ano-sem-registro-de-assassinato\/","title":{"rendered":"Homem \u00e9 preso acusado de tentativa de homic\u00eddio em F\u00e1tima-BA. Munic\u00edpio completou um ano sem registro de assassinato!"},"content":{"rendered":"\n<p>Por volta das 17h30 do \u00faltimo domingo (15), policiais militares do munic\u00edpio de F\u00e1tima-BA, que realizavam rondas na Av. Nossa Senhora de F\u00e1tima, centro da cidade, foram surpreendidos por populares que pediam por socorro.<\/p>\n\n\n\n<!--more-->\n\n\n\n<p>Os militares foram at\u00e9 o local, mais precisamente em frente \u00e0 Maternidade Maria Jovita, onde encontraram um homem identificado pelas iniciais R.A dos S, 27 anos, ca\u00eddo ao ch\u00e3o, sangrando bastante por conta de ferimentos causados por facadas. Inconsciente e gravemente ferido, a v\u00edtima foi socorrida para uma Unidade Hospitalar de onde foi transferida para o Hospital Geral Santa Tereza, em Ribeira do Pombal-BA.<\/p>\n\n\n\n<p>J\u00e1 o autor, identificado pelas iniciais G.O.S, 18 anos, foi encontrado bastante agressivo e com sintomas de embriaguez, sendo contido e preso pelos policiais, que o conduziram para a Central de Flagrantes em Ribeira do Pombal, onde foi apresentado para a ado\u00e7\u00e3o das medidas cab\u00edveis.<\/p>\n\n\n\n<p>At\u00e9 o fechamento desta mat\u00e9ria, a v\u00edtima n\u00e3o teve o seu quadro cl\u00ednico divulgado.<\/p>\n\n\n\n<p>Justamente no \u00faltimo domingo, o munic\u00edpio de F\u00e1tima-BA completou um ano sem registro de homic\u00eddio, j\u00e1 que o \u00faltimo crime desta natureza na cidade aconteceu em 15 de janeiro de 2022, quando um homem conhecido como \u201cJacar\u00e9\u201d foi assassinado com golpes de arma branca, quando se encontrava na localidade conhecida como S\u00e3o Paulo Velho. <strong><a href=\"https:\/\/www.portalalerta.com.br\/index.php\/2022\/01\/17\/fatima-ba-registra-o-primeiro-homicidio-do-ano\/\">Relembre<\/a><\/strong><\/p>\n\n\n\n<p><em>Reda\u00e7\u00e3o: Portal Alerta<\/em><\/p>\n","protected":false},"excerpt":{"rendered":"<p>Por volta das 17h30 do \u00faltimo domingo (15), policiais militares do munic\u00edpio de F\u00e1tima-BA, que realizavam rondas na Av. Nossa Senhora de F\u00e1tima, centro da cidade, foram surpreendidos por populares que pediam por socorro.<\/p>\n","protected":false},"author":2,"featured_media":4232,"comment_status":"open","ping_status":"open","sticky":false,"template":"","format":"standard","meta":{"om_disable_all_campaigns":false,"_monsterinsights_skip_tracking":false,"_monsterinsights_sitenote_active":false,"_monsterinsights_sitenote_note":"","_monsterinsights_sitenote_category":0,"footnotes":""},"categories":[70,10,69,32,22],"tags":[100,71,48,4179,75,4178,4180,129,492,107,4181,206,132,230,3828,106,203,120,51,79,77,109,88,47,111,105,190],"class_list":["post-46870","post","type-post","status-publish","format-standard","has-post-thumbnail","hentry","category-destaques","category-fatima","category-noticias2","category-regiao","category-seguranca","tag-adustina","tag-antas","tag-araci","tag-banzae-2","tag-cicero-dantas","tag-cipo-2","tag-crisopolis-2","tag-euclides-da-cunha","tag-facada","tag-fatima","tag-heliopolis-2","tag-homicidio","tag-itapicuru","tag-jeremoabo","tag-noticias","tag-nova-soure","tag-novo-triunfo","tag-olindina","tag-paripiranga","tag-policia-militar","tag-preso","tag-quijingue","tag-ribeira-do-amparo","tag-ribeira-do-pombal","tag-sitio-do-quinto","tag-tentativa-de-homicidio","tag-tucano"],"aioseo_notices":[],"_links":{"self":[{"href":"https:\/\/www.portalalerta.com.br\/index.php\/wp-json\/wp\/v2\/posts\/46870","targetHints":{"allow":["GET"]}}],"collection":[{"href":"https:\/\/www.portalalerta.com.br\/index.php\/wp-json\/wp\/v2\/posts"}],"about":[{"href":"https:\/\/www.portalalerta.com.br\/index.php\/wp-json\/wp\/v2\/types\/post"}],"author":[{"embeddable":true,"href":"https:\/\/www.portalalerta.com.br\/index.php\/wp-json\/wp\/v2\/users\/2"}],"replies":[{"embeddable":true,"href":"https:\/\/www.portalalerta.com.br\/index.php\/wp-json\/wp\/v2\/comments?post=46870"}],"version-history":[{"count":1,"href":"https:\/\/www.portalalerta.com.br\/index.php\/wp-json\/wp\/v2\/posts\/46870\/revisions"}],"predecessor-version":[{"id":46871,"href":"https:\/\/www.portalalerta.com.br\/index.php\/wp-json\/wp\/v2\/posts\/46870\/revisions\/46871"}],"wp:featuredmedia":[{"embeddable":true,"href":"https:\/\/www.portalalerta.com.br\/index.php\/wp-json\/wp\/v2\/media\/4232"}],"wp:attachment":[{"href":"https:\/\/www.portalalerta.com.br\/index.php\/wp-json\/wp\/v2\/media?parent=46870"}],"wp:term":[{"taxonomy":"category","embeddable":true,"href":"https:\/\/www.portalalerta.com.br\/index.php\/wp-json\/wp\/v2\/categories?post=46870"},{"taxonomy":"post_tag","embeddable":true,"href":"https:\/\/www.portalalerta.com.br\/index.php\/wp-json\/wp\/v2\/tags?post=46870"}],"curies":[{"name":"wp","href":"https:\/\/api.w.org\/{rel}","templated":true}]}}