{"id":46872,"date":"2023-01-16T21:34:21","date_gmt":"2023-01-17T00:34:21","guid":{"rendered":"https:\/\/www.portalalerta.com.br\/?p=46872"},"modified":"2023-01-16T21:34:22","modified_gmt":"2023-01-17T00:34:22","slug":"ex-chefe-da-pm-do-df-diz-que-exercito-impediu-prisoes","status":"publish","type":"post","link":"https:\/\/www.portalalerta.com.br\/index.php\/2023\/01\/16\/ex-chefe-da-pm-do-df-diz-que-exercito-impediu-prisoes\/","title":{"rendered":"Ex-chefe da PM do DF diz que Ex\u00e9rcito impediu pris\u00f5es"},"content":{"rendered":"\n<p>Fabio Augusto Vieira prestou depoimento \u00e0 PF na quinta-feira (12)<\/p>\n\n\n\n<!--more-->\n\n\n\n<p>O ex-comandante da PM (Pol\u00edcia Militar) do Distrito Federal Fabio Augusto Vieira, preso ap\u00f3s os atos de depreda\u00e7\u00e3o na pra\u00e7a dos Tr\u00eas Poderes, disse em depoimento que o Ex\u00e9rcito teria impedido que houvesse pris\u00f5es no acampamento ainda na noite do \u00faltimo domingo (8).<\/p>\n\n\n<div class=\"wp-block-image\">\n<figure class=\"alignleft size-full is-resized\"><img fetchpriority=\"high\" decoding=\"async\" src=\"https:\/\/www.portalalerta.com.br\/wp-content\/uploads\/2021\/04\/ELAB.jpg\" alt=\"\" class=\"wp-image-34795\" width=\"445\" height=\"355\" srcset=\"https:\/\/www.portalalerta.com.br\/wp-content\/uploads\/2021\/04\/ELAB.jpg 1000w, https:\/\/www.portalalerta.com.br\/wp-content\/uploads\/2021\/04\/ELAB-300x240.jpg 300w, https:\/\/www.portalalerta.com.br\/wp-content\/uploads\/2021\/04\/ELAB-768x614.jpg 768w, https:\/\/www.portalalerta.com.br\/wp-content\/uploads\/2021\/04\/ELAB-183x146.jpg 183w, https:\/\/www.portalalerta.com.br\/wp-content\/uploads\/2021\/04\/ELAB-50x40.jpg 50w, https:\/\/www.portalalerta.com.br\/wp-content\/uploads\/2021\/04\/ELAB-94x75.jpg 94w\" sizes=\"(max-width: 445px) 100vw, 445px\" \/><\/figure><\/div>\n\n\n<p>Vieira prestou depoimento \u00e0 PF (Pol\u00edcia Federal) na quinta-feira (12). Ele ainda afirmou ter encontrado o diretor de Opera\u00e7\u00f5es da PM, coronel Jorge Naime, durante o quebra-quebra, apesar de ele estar de f\u00e9rias. Segundo Vieira, teria vindo desse departamento da corpora\u00e7\u00e3o informa\u00e7\u00f5es de que n\u00e3o haveria risco no ato que estava sendo organizado no dia 8.<\/p>\n\n\n\n<p>Nesse dia, manifestantes golpistas invadiram os pr\u00e9dios do Congresso, Pal\u00e1cio do Planalto e STF (Supremo Tribunal Federal) e vandalizaram os locais, ap\u00f3s t\u00edmida a\u00e7\u00e3o de policiais militares. Vieira foi afastado e preso por decis\u00e3o do STF por suposta omiss\u00e3o em rela\u00e7\u00e3o ao epis\u00f3dio.<\/p>\n\n\n\n<p>Segundo Vieira, o departamento da PM comandado por Jorge Naime <strong><em>&#8220;informou que a situa\u00e7\u00e3o estava OK, que o efetivo empregado era o necess\u00e1rio de acordo com as informa\u00e7\u00f5es de intelig\u00eancia que eles tinham&#8221;<\/em><\/strong>.<\/p>\n\n\n\n<p>O ex-comandante disse ter encontrado seu subordinado, respons\u00e1vel por este departamento, por volta de 18h30 na pra\u00e7a dos Tr\u00eas Poderes. Ele teria o indagado sobre sua presen\u00e7a, uma vez que este estava de f\u00e9rias. Naime teria dito, por sua vez, que estava no local para ajudar.<\/p>\n\n\n\n<p>inda na transi\u00e7\u00e3o, a equipe do presidente Luiz In\u00e1cio Lula da Silva (PT) fez chegar ao Governo do Distrito Federal o inc\u00f4modo gerado com a atua\u00e7\u00e3o da PM na conten\u00e7\u00e3o dos atos de viol\u00eancia que ocorreram na capital federal no dia 12 de dezembro. Segundo relatos, o maior descontentamento era com a chefia do departamento de Opera\u00e7\u00f5es da PM do DF, chefiado por Naime.<\/p>\n\n\n\n<p>O Minist\u00e9rio P\u00fablico Federal (MPF) abriu investiga\u00e7\u00e3o contra o alto comando da PM do DF para apurar eventual omiss\u00e3o. O coronel Jorge Naime est\u00e1 entre os nomes citados pelo MPF, que pediu seu afastamento \u2014ele foi exonerado do cargo ap\u00f3s a interven\u00e7\u00e3o federal na seguran\u00e7a do Distrito Federal.<\/p>\n\n\n\n<p>Segundo Vieira, n\u00e3o houve ordem de <strong><em>&#8220;ningu\u00e9m para deixar de atuar ou de omitir&#8221; <\/em><\/strong>e n\u00e3o havia informa\u00e7\u00f5es sobre policiais da ativa no movimento. Ele contou, no entanto, que haveria um processo para ser aberto contra policiais militares da reserva que estavam no acampamento.<\/p>\n\n\n\n<p>Vieira citou uma determina\u00e7\u00e3o sobre a instaura\u00e7\u00e3o de um inqu\u00e9rito por parte da Corregedoria da PM contra um major da reserva da PM chamado Claudio Santos \u2014presente entre os golpistas.<\/p>\n\n\n\n<p>O relato do ex-comandante da PM do Distrito Federal indica que o Ex\u00e9rcito impediu que a PM fizesse pris\u00f5es no acampamento ap\u00f3s as depreda\u00e7\u00f5es. Essa interven\u00e7\u00e3o das For\u00e7as Armadas foi revelada pela Folha.<\/p>\n\n\n\n<p>Vieira teria informado ao comandante Militar do Planalto, general Gustavo Henrique Dutra de Menezes, sobre o plano de fazer as pris\u00f5es no setor militar urbano, onde fica o Quartel-general e o terreno que abrigou o acampamento.<\/p>\n\n\n\n<p>Dutra \u00e9 quem teria ligado para o ex-comandante logo ap\u00f3s policiais retomarem os pr\u00e9dios dos v\u00e2ndalos. <strong><em>&#8220;Foi marcada uma reuni\u00e3o em frente \u00e0 Catedral Rainha da Paz, e o Ex\u00e9rcito j\u00e1 estava mobilizado para n\u00e3o permitir a entrada da Pol\u00edcia Militar&#8221;<\/em><\/strong>, disse Vieira, segundo o documento da oitiva.<\/p>\n\n\n\n<p>\u00c0 PF, Vieira falou sobre a prote\u00e7\u00e3o das For\u00e7as Armadas aos manifestantes golpistas. O Ex\u00e9rcito chegou a impedir duas vezes a a\u00e7\u00e3o da PM para desmontar o acampamento, segundo o ex-comandante.<\/p>\n\n\n\n<p><strong><em>&#8220;A PMDF chegou a mobilizar cerca de 500 policiais militares [para desmontar o acampamento], mas o Ex\u00e9rcito entendeu que era melhor eles fazerem essa desmobiliza\u00e7\u00e3o utilizando seus pr\u00f3prios meios&#8221;<\/em><\/strong>, consta no depoimento.<\/p>\n\n\n\n<p><strong><em>&#8220;As vezes que tentaram fazer essa desmobiliza\u00e7\u00e3o n\u00e3o aconteceram por necessidade de aquiesc\u00eancia do Ex\u00e9rcito&#8221;<\/em><\/strong>, disse. <strong><em>&#8220;A perman\u00eancia do acampamento contribuiu muito para o ocorrido no dia 08\/01\/2023&#8221;<\/em><\/strong>.<\/p>\n\n\n\n<p>Investigadores j\u00e1 haviam identificado que integrantes do acampamento participaram, antes da posse do presidente Luiz In\u00e1cio Lula da Silva (PT), de depreda\u00e7\u00f5es de \u00f4nibus e da tentativa de colocar uma bomba em um caminh\u00e3o.<\/p>\n\n\n\n<p>Fabio Augusto Vieira declarou que n\u00e3o sabia ao certo quantos policiais participaram do policiamento antes da invas\u00e3o aos pr\u00e9dios. O ex-comandante da PM disse \u00e0 PF que a subsecretaria de intelig\u00eancia sofreu uma mudan\u00e7a no dia 2 de janeiro, com a mudan\u00e7a no comando da Secret\u00e1rio de Seguran\u00e7a P\u00fablica, mas que n\u00e3o saberia dizer especificamente como foi o fluxo dessas informa\u00e7\u00f5es.<\/p>\n\n\n\n<p>Levado ao cargo no in\u00edcio deste ano pelo governador Ibaneis Rocha (MDB), o ex-secret\u00e1rio de Seguran\u00e7a do Distrito Federal Anderson Torres foi preso neste s\u00e1bado (14).<\/p>\n\n\n\n<p>Torres foi ministro da Justi\u00e7a do governo Jair Bolsonaro (PL). A Folha revelou que, durante opera\u00e7\u00e3o de busca e apreens\u00e3o, a PF encontrou na resid\u00eancia de Torres uma minuta (proposta) de decreto para o ent\u00e3o presidente Bolsonaro instaurar estado de defesa na sede do TSE (Tribunal Superior Eleitoral).<\/p>\n\n\n\n<p><em>Fonte: Yahoo Not\u00edcias<\/em><\/p>\n","protected":false},"excerpt":{"rendered":"<p>Fabio Augusto Vieira prestou depoimento \u00e0 PF na quinta-feira (12)<\/p>\n","protected":false},"author":2,"featured_media":46873,"comment_status":"open","ping_status":"open","sticky":false,"template":"","format":"standard","meta":{"om_disable_all_campaigns":false,"_monsterinsights_skip_tracking":false,"_monsterinsights_sitenote_active":false,"_monsterinsights_sitenote_note":"","_monsterinsights_sitenote_category":0,"footnotes":""},"categories":[34,70,69,21,22],"tags":[100,71,48,4179,75,4178,4180,539,129,583,107,4181,132,230,3828,106,203,120,51,79,848,109,88,47,111,190],"class_list":["post-46872","post","type-post","status-publish","format-standard","has-post-thumbnail","hentry","category-brasil","category-destaques","category-noticias2","category-politica","category-seguranca","tag-adustina","tag-antas","tag-araci","tag-banzae-2","tag-cicero-dantas","tag-cipo-2","tag-crisopolis-2","tag-distrito-federal","tag-euclides-da-cunha","tag-exercito","tag-fatima","tag-heliopolis-2","tag-itapicuru","tag-jeremoabo","tag-noticias","tag-nova-soure","tag-novo-triunfo","tag-olindina","tag-paripiranga","tag-policia-militar","tag-prisoes","tag-quijingue","tag-ribeira-do-amparo","tag-ribeira-do-pombal","tag-sitio-do-quinto","tag-tucano"],"aioseo_notices":[],"_links":{"self":[{"href":"https:\/\/www.portalalerta.com.br\/index.php\/wp-json\/wp\/v2\/posts\/46872","targetHints":{"allow":["GET"]}}],"collection":[{"href":"https:\/\/www.portalalerta.com.br\/index.php\/wp-json\/wp\/v2\/posts"}],"about":[{"href":"https:\/\/www.portalalerta.com.br\/index.php\/wp-json\/wp\/v2\/types\/post"}],"author":[{"embeddable":true,"href":"https:\/\/www.portalalerta.com.br\/index.php\/wp-json\/wp\/v2\/users\/2"}],"replies":[{"embeddable":true,"href":"https:\/\/www.portalalerta.com.br\/index.php\/wp-json\/wp\/v2\/comments?post=46872"}],"version-history":[{"count":1,"href":"https:\/\/www.portalalerta.com.br\/index.php\/wp-json\/wp\/v2\/posts\/46872\/revisions"}],"predecessor-version":[{"id":46874,"href":"https:\/\/www.portalalerta.com.br\/index.php\/wp-json\/wp\/v2\/posts\/46872\/revisions\/46874"}],"wp:featuredmedia":[{"embeddable":true,"href":"https:\/\/www.portalalerta.com.br\/index.php\/wp-json\/wp\/v2\/media\/46873"}],"wp:attachment":[{"href":"https:\/\/www.portalalerta.com.br\/index.php\/wp-json\/wp\/v2\/media?parent=46872"}],"wp:term":[{"taxonomy":"category","embeddable":true,"href":"https:\/\/www.portalalerta.com.br\/index.php\/wp-json\/wp\/v2\/categories?post=46872"},{"taxonomy":"post_tag","embeddable":true,"href":"https:\/\/www.portalalerta.com.br\/index.php\/wp-json\/wp\/v2\/tags?post=46872"}],"curies":[{"name":"wp","href":"https:\/\/api.w.org\/{rel}","templated":true}]}}