{"id":46875,"date":"2023-01-17T09:00:00","date_gmt":"2023-01-17T12:00:00","guid":{"rendered":"https:\/\/www.portalalerta.com.br\/?p=46875"},"modified":"2023-01-17T11:35:52","modified_gmt":"2023-01-17T14:35:52","slug":"alckmin-diz-que-meta-do-governo-e-acabar-com-imposto-sobre-produtos-industrializados","status":"publish","type":"post","link":"https:\/\/www.portalalerta.com.br\/index.php\/2023\/01\/17\/alckmin-diz-que-meta-do-governo-e-acabar-com-imposto-sobre-produtos-industrializados\/","title":{"rendered":"Alckmin diz que meta do governo \u00e9 acabar com Imposto sobre Produtos Industrializados"},"content":{"rendered":"\n<p>Vice-presidente tamb\u00e9m disse que a reforma tribut\u00e1ria deve ser realizada ainda no primeiro ano do novo governo<\/p>\n\n\n\n<!--more-->\n\n\n\n<p>O vice-presidente Geraldo Alckmin (PSB), que tamb\u00e9m \u00e9 ministro do Desenvolvimento, Ind\u00fastria, Com\u00e9rcio e Servi\u00e7os, disse nesta segunda (16), durante evento na Federa\u00e7\u00e3o das Ind\u00fastrias do Estado de S\u00e3o Paulo (Fiesp), que uma das metas da reforma tribut\u00e1ria \u00e9 acabar com o Imposto sobre Produtos Industrializados (IPI).<\/p>\n\n\n<div class=\"wp-block-image\">\n<figure class=\"aligncenter size-full\"><img fetchpriority=\"high\" decoding=\"async\" width=\"720\" height=\"181\" src=\"https:\/\/www.portalalerta.com.br\/wp-content\/uploads\/2018\/02\/Auto-Escola-Nobre.jpg\" alt=\"\" class=\"wp-image-4869\" srcset=\"https:\/\/www.portalalerta.com.br\/wp-content\/uploads\/2018\/02\/Auto-Escola-Nobre.jpg 720w, https:\/\/www.portalalerta.com.br\/wp-content\/uploads\/2018\/02\/Auto-Escola-Nobre-260x65.jpg 260w, https:\/\/www.portalalerta.com.br\/wp-content\/uploads\/2018\/02\/Auto-Escola-Nobre-50x13.jpg 50w, https:\/\/www.portalalerta.com.br\/wp-content\/uploads\/2018\/02\/Auto-Escola-Nobre-150x38.jpg 150w\" sizes=\"(max-width: 720px) 100vw, 720px\" \/><\/figure><\/div>\n\n\n<p><strong><em>&#8220;O tema est\u00e1 bastante discutido, voc\u00ea tem duas PECs no Congresso Nacional, ambas convergindo para a simplifica\u00e7\u00e3o. Foi mantida a redu\u00e7\u00e3o de 35% do IPI, mas a pr\u00f3xima meta \u00e9 acabar com o IPI, e a maneira de acabar \u00e9 com a reforma tribut\u00e1ria, para ter o Imposto de Valor Agregado (IVA)&#8221;<\/em><\/strong>, afirmou.<\/p>\n\n\n\n<p>Alckmin tamb\u00e9m disse que a reforma tribut\u00e1ria \u00e9 uma quest\u00e3o central para o Brasil e deve ser realizada ainda no primeiro ano do novo governo.<\/p>\n\n\n\n<p><em>Fonte: Metro1<\/em><\/p>\n","protected":false},"excerpt":{"rendered":"<p>Vice-presidente tamb\u00e9m disse que a reforma tribut\u00e1ria deve ser realizada ainda no primeiro ano do novo governo<\/p>\n","protected":false},"author":2,"featured_media":6217,"comment_status":"open","ping_status":"open","sticky":false,"template":"","format":"standard","meta":{"om_disable_all_campaigns":false,"_monsterinsights_skip_tracking":false,"_monsterinsights_sitenote_active":false,"_monsterinsights_sitenote_note":"","_monsterinsights_sitenote_category":0,"footnotes":""},"categories":[34,70,69,21],"tags":[100,71,48,4179,93,75,4178,4180,129,107,898,4181,5625,132,230,5860,3828,106,203,120,51,109,3922,88,47,111,190,2067],"class_list":["post-46875","post","type-post","status-publish","format-standard","has-post-thumbnail","hentry","category-brasil","category-destaques","category-noticias2","category-politica","tag-adustina","tag-antas","tag-araci","tag-banzae-2","tag-brasil","tag-cicero-dantas","tag-cipo-2","tag-crisopolis-2","tag-euclides-da-cunha","tag-fatima","tag-geraldo-alckimin","tag-heliopolis-2","tag-ipi","tag-itapicuru","tag-jeremoabo","tag-ministro-do-desenvolvimento-industria-comercio-e-servicos","tag-noticias","tag-nova-soure","tag-novo-triunfo","tag-olindina","tag-paripiranga","tag-quijingue","tag-reforma-tributaria","tag-ribeira-do-amparo","tag-ribeira-do-pombal","tag-sitio-do-quinto","tag-tucano","tag-vice-presidente"],"aioseo_notices":[],"_links":{"self":[{"href":"https:\/\/www.portalalerta.com.br\/index.php\/wp-json\/wp\/v2\/posts\/46875","targetHints":{"allow":["GET"]}}],"collection":[{"href":"https:\/\/www.portalalerta.com.br\/index.php\/wp-json\/wp\/v2\/posts"}],"about":[{"href":"https:\/\/www.portalalerta.com.br\/index.php\/wp-json\/wp\/v2\/types\/post"}],"author":[{"embeddable":true,"href":"https:\/\/www.portalalerta.com.br\/index.php\/wp-json\/wp\/v2\/users\/2"}],"replies":[{"embeddable":true,"href":"https:\/\/www.portalalerta.com.br\/index.php\/wp-json\/wp\/v2\/comments?post=46875"}],"version-history":[{"count":1,"href":"https:\/\/www.portalalerta.com.br\/index.php\/wp-json\/wp\/v2\/posts\/46875\/revisions"}],"predecessor-version":[{"id":46876,"href":"https:\/\/www.portalalerta.com.br\/index.php\/wp-json\/wp\/v2\/posts\/46875\/revisions\/46876"}],"wp:featuredmedia":[{"embeddable":true,"href":"https:\/\/www.portalalerta.com.br\/index.php\/wp-json\/wp\/v2\/media\/6217"}],"wp:attachment":[{"href":"https:\/\/www.portalalerta.com.br\/index.php\/wp-json\/wp\/v2\/media?parent=46875"}],"wp:term":[{"taxonomy":"category","embeddable":true,"href":"https:\/\/www.portalalerta.com.br\/index.php\/wp-json\/wp\/v2\/categories?post=46875"},{"taxonomy":"post_tag","embeddable":true,"href":"https:\/\/www.portalalerta.com.br\/index.php\/wp-json\/wp\/v2\/tags?post=46875"}],"curies":[{"name":"wp","href":"https:\/\/api.w.org\/{rel}","templated":true}]}}