{"id":46880,"date":"2023-01-17T09:02:00","date_gmt":"2023-01-17T12:02:00","guid":{"rendered":"https:\/\/www.portalalerta.com.br\/?p=46880"},"modified":"2023-01-17T11:35:26","modified_gmt":"2023-01-17T14:35:26","slug":"ribeira-do-amparo-ba-reduz-em-67-o-numero-de-homicidios-em-2022-em-relacao-a-2021-confira-a-mancha-criminal","status":"publish","type":"post","link":"https:\/\/www.portalalerta.com.br\/index.php\/2023\/01\/17\/ribeira-do-amparo-ba-reduz-em-67-o-numero-de-homicidios-em-2022-em-relacao-a-2021-confira-a-mancha-criminal\/","title":{"rendered":"Ribeira do Amparo-BA reduz em 67% o n\u00famero de homic\u00eddios em 2022, em rela\u00e7\u00e3o \u00e0 2021. Confira a mancha Criminal!"},"content":{"rendered":"\n<p>Em 2022, Ribeira do Amparo-BA registrou apenas um homic\u00eddio, reduzindo em 67% os crimes desta natureza em rela\u00e7\u00e3o ao ano anterior.<\/p>\n\n\n\n<!--more-->\n\n\n\n<p>Atualmente Ribeira do Amparo \u00e9 habitada por 14.276 pessoas, de acordo com a \u00faltima estimativa do IBGE. Desta forma, analisando em propor\u00e7\u00e3o, ficou com uma m\u00e9dia de 07 homic\u00eddios para cada 100.000 habitantes.<\/p>\n\n\n\n<p>Por fim, se concluiu que maio foi o m\u00eas mais violento.<\/p>\n\n\n\n<p>Vale ressaltar que estes dados s\u00e3o baseados em mat\u00e9rias jornal\u00edsticas do site PORTAL ALERTA, n\u00e3o incluindo mortes por interven\u00e7\u00f5es policiais e tentativas de homic\u00eddios que evolu\u00edram a \u00f3bito, o que podem ser contestadas pelas autoridades policiais.<\/p>\n\n\n\n<p><strong>Confira o Mapa:<\/strong><\/p>\n\n\n<div class=\"wp-block-image\">\n<figure class=\"aligncenter size-full\"><img fetchpriority=\"high\" decoding=\"async\" width=\"800\" height=\"550\" src=\"https:\/\/www.portalalerta.com.br\/wp-content\/uploads\/2023\/01\/Mancha-Criminal-Homicidios-Ribeira-do-Amparo-2022.jpg\" alt=\"\" class=\"wp-image-46881\" srcset=\"https:\/\/www.portalalerta.com.br\/wp-content\/uploads\/2023\/01\/Mancha-Criminal-Homicidios-Ribeira-do-Amparo-2022.jpg 800w, https:\/\/www.portalalerta.com.br\/wp-content\/uploads\/2023\/01\/Mancha-Criminal-Homicidios-Ribeira-do-Amparo-2022-349x240.jpg 349w, https:\/\/www.portalalerta.com.br\/wp-content\/uploads\/2023\/01\/Mancha-Criminal-Homicidios-Ribeira-do-Amparo-2022-768x528.jpg 768w, https:\/\/www.portalalerta.com.br\/wp-content\/uploads\/2023\/01\/Mancha-Criminal-Homicidios-Ribeira-do-Amparo-2022-220x150.jpg 220w\" sizes=\"(max-width: 800px) 100vw, 800px\" \/><\/figure><\/div>\n\n\n<p><a href=\"https:\/\/www.portalalerta.com.br\/index.php\/2022\/05\/24\/apos-10-meses-ribeira-do-amparo-ba-volta-a-registrar-homicidio\/\"><strong>1 \u2013 Lucas de Jesus Pinto, 25 anos, em 23\/05\/2022<\/strong><\/a><\/p>\n\n\n\n<p><strong>Local: <\/strong>Fazenda Arapu\u00e1<\/p>\n\n\n\n<p><strong>Meio Utilizado:<\/strong> Arma de fogo &nbsp;<\/p>\n\n\n\n<p><strong>Poss\u00edvel Motiva\u00e7\u00e3o:<\/strong> Desconhecida<\/p>\n\n\n\n<p><strong>Confira o gr\u00e1fico comparativo mensal, entre os anos 2021 e 2022:<\/strong><\/p>\n\n\n<div class=\"wp-block-image\">\n<figure class=\"aligncenter size-full\"><img decoding=\"async\" width=\"550\" height=\"330\" src=\"https:\/\/www.portalalerta.com.br\/wp-content\/uploads\/2023\/01\/Comparativo-mensal-de-homicidios-em-Ribeira-do-Amparo-2021-e-2022.jpg\" alt=\"\" class=\"wp-image-46882\" srcset=\"https:\/\/www.portalalerta.com.br\/wp-content\/uploads\/2023\/01\/Comparativo-mensal-de-homicidios-em-Ribeira-do-Amparo-2021-e-2022.jpg 550w, https:\/\/www.portalalerta.com.br\/wp-content\/uploads\/2023\/01\/Comparativo-mensal-de-homicidios-em-Ribeira-do-Amparo-2021-e-2022-400x240.jpg 400w\" sizes=\"(max-width: 550px) 100vw, 550px\" \/><\/figure><\/div>\n\n\n<p><em>Reda\u00e7\u00e3o: Portal Alerta<\/em><\/p>\n","protected":false},"excerpt":{"rendered":"<p>Em 2022, Ribeira do Amparo-BA registrou apenas um homic\u00eddio, reduzindo em 67% os crimes desta natureza em rela\u00e7\u00e3o ao ano anterior.<\/p>\n","protected":false},"author":2,"featured_media":32529,"comment_status":"open","ping_status":"open","sticky":false,"template":"","format":"standard","meta":{"om_disable_all_campaigns":false,"_monsterinsights_skip_tracking":false,"_monsterinsights_sitenote_active":false,"_monsterinsights_sitenote_note":"","_monsterinsights_sitenote_category":0,"footnotes":""},"categories":[70,69,32,16,22],"tags":[100,71,48,4179,75,4178,4180,129,107,4181,2074,132,230,500,439,3828,106,203,120,51,109,88,47,111],"class_list":["post-46880","post","type-post","status-publish","format-standard","has-post-thumbnail","hentry","category-destaques","category-noticias2","category-regiao","category-ribeira-do-amparo","category-seguranca","tag-adustina","tag-antas","tag-araci","tag-banzae-2","tag-cicero-dantas","tag-cipo-2","tag-crisopolis-2","tag-euclides-da-cunha","tag-fatima","tag-heliopolis-2","tag-homicidios","tag-itapicuru","tag-jeremoabo","tag-mancha-criminal","tag-mortes","tag-noticias","tag-nova-soure","tag-novo-triunfo","tag-olindina","tag-paripiranga","tag-quijingue","tag-ribeira-do-amparo","tag-ribeira-do-pombal","tag-sitio-do-quinto"],"aioseo_notices":[],"_links":{"self":[{"href":"https:\/\/www.portalalerta.com.br\/index.php\/wp-json\/wp\/v2\/posts\/46880","targetHints":{"allow":["GET"]}}],"collection":[{"href":"https:\/\/www.portalalerta.com.br\/index.php\/wp-json\/wp\/v2\/posts"}],"about":[{"href":"https:\/\/www.portalalerta.com.br\/index.php\/wp-json\/wp\/v2\/types\/post"}],"author":[{"embeddable":true,"href":"https:\/\/www.portalalerta.com.br\/index.php\/wp-json\/wp\/v2\/users\/2"}],"replies":[{"embeddable":true,"href":"https:\/\/www.portalalerta.com.br\/index.php\/wp-json\/wp\/v2\/comments?post=46880"}],"version-history":[{"count":1,"href":"https:\/\/www.portalalerta.com.br\/index.php\/wp-json\/wp\/v2\/posts\/46880\/revisions"}],"predecessor-version":[{"id":46883,"href":"https:\/\/www.portalalerta.com.br\/index.php\/wp-json\/wp\/v2\/posts\/46880\/revisions\/46883"}],"wp:featuredmedia":[{"embeddable":true,"href":"https:\/\/www.portalalerta.com.br\/index.php\/wp-json\/wp\/v2\/media\/32529"}],"wp:attachment":[{"href":"https:\/\/www.portalalerta.com.br\/index.php\/wp-json\/wp\/v2\/media?parent=46880"}],"wp:term":[{"taxonomy":"category","embeddable":true,"href":"https:\/\/www.portalalerta.com.br\/index.php\/wp-json\/wp\/v2\/categories?post=46880"},{"taxonomy":"post_tag","embeddable":true,"href":"https:\/\/www.portalalerta.com.br\/index.php\/wp-json\/wp\/v2\/tags?post=46880"}],"curies":[{"name":"wp","href":"https:\/\/api.w.org\/{rel}","templated":true}]}}