{"id":46884,"date":"2023-01-17T09:03:00","date_gmt":"2023-01-17T12:03:00","guid":{"rendered":"https:\/\/www.portalalerta.com.br\/?p=46884"},"modified":"2023-01-17T01:11:58","modified_gmt":"2023-01-17T04:11:58","slug":"mec-confirma-reajuste-no-salario-de-professor-piso-vai-a-r-44-mil","status":"publish","type":"post","link":"https:\/\/www.portalalerta.com.br\/index.php\/2023\/01\/17\/mec-confirma-reajuste-no-salario-de-professor-piso-vai-a-r-44-mil\/","title":{"rendered":"MEC confirma reajuste no sal\u00e1rio de professor; piso vai a R$ 4,4 mil"},"content":{"rendered":"\n<p>O ministro da Educa\u00e7\u00e3o, Camilo Santana, anunciou nesta segunda-feira (16) reajuste no piso salarial de professores para R$ 4.420,55, aumento de quase 15%. Antes, o sal\u00e1rio inicial era de R$ 3.845,63.<\/p>\n\n\n\n<!--more-->\n\n\n\n<p>O reajuste havia sido divulgado em portaria interministerial nos \u00faltimos dias do governo de Jair Bolsonaro (PL) e agora foi confirmado. Camilo publicou nas redes sociais uma foto assinando portaria que estabelece o novo valor.<\/p>\n\n\n<div class=\"wp-block-image\">\n<figure class=\"alignleft size-full is-resized\"><img fetchpriority=\"high\" decoding=\"async\" src=\"https:\/\/www.portalalerta.com.br\/wp-content\/uploads\/2021\/04\/ELAB.jpg\" alt=\"\" class=\"wp-image-34795\" width=\"396\" height=\"316\" srcset=\"https:\/\/www.portalalerta.com.br\/wp-content\/uploads\/2021\/04\/ELAB.jpg 1000w, https:\/\/www.portalalerta.com.br\/wp-content\/uploads\/2021\/04\/ELAB-300x240.jpg 300w, https:\/\/www.portalalerta.com.br\/wp-content\/uploads\/2021\/04\/ELAB-768x614.jpg 768w, https:\/\/www.portalalerta.com.br\/wp-content\/uploads\/2021\/04\/ELAB-183x146.jpg 183w, https:\/\/www.portalalerta.com.br\/wp-content\/uploads\/2021\/04\/ELAB-50x40.jpg 50w, https:\/\/www.portalalerta.com.br\/wp-content\/uploads\/2021\/04\/ELAB-94x75.jpg 94w\" sizes=\"(max-width: 396px) 100vw, 396px\" \/><\/figure><\/div>\n\n\n<p><strong><em>&#8220;A valoriza\u00e7\u00e3o dos nossos profissionais da Educa\u00e7\u00e3o \u00e9 fator determinante para o crescimento do nosso pa\u00eds&#8221;<\/em><\/strong>, escreveu.<\/p>\n\n\n\n<p>Atualiza\u00e7\u00e3o acontece em janeiro. A CNTE (Confedera\u00e7\u00e3o Nacional dos Trabalhadores em Educa\u00e7\u00e3o) publicou no fim da semana passada uma nota cobrando o reajuste no piso.<\/p>\n\n\n\n<p>Segundo representantes da categoria, o valor deveria ser pago a partir da publica\u00e7\u00e3o da portaria de dezembro \u0097mas, tradicionalmente, estados e munic\u00edpios s\u00f3 seguem o reajuste ap\u00f3s an\u00fancio do MEC.<\/p>\n\n\n\n<p><strong><em>&#8220;Como n\u00f3s estamos j\u00e1 na segunda quinzena de janeiro, precisamos ganhar agilidade em termos de an\u00fancio para quebrar a resist\u00eancia desses maus pagadores e fortalecer a luta dos nossos sindicatos&#8221;<\/em><\/strong>, disse o presidente da CNTE, Heleno Ara\u00fajo.<\/p>\n\n\n\n<p><em>Fonte: Yahoo Not\u00edcias<\/em><\/p>\n","protected":false},"excerpt":{"rendered":"<p>O ministro da Educa\u00e7\u00e3o, Camilo Santana, anunciou nesta segunda-feira (16) reajuste no piso salarial de professores para R$ 4.420,55, aumento de quase 15%. Antes, o sal\u00e1rio inicial era de R$ 3.845,63.<\/p>\n","protected":false},"author":2,"featured_media":3347,"comment_status":"open","ping_status":"open","sticky":false,"template":"","format":"standard","meta":{"om_disable_all_campaigns":false,"_monsterinsights_skip_tracking":false,"_monsterinsights_sitenote_active":false,"_monsterinsights_sitenote_note":"","_monsterinsights_sitenote_category":0,"footnotes":""},"categories":[34,70,20,69,21],"tags":[100,71,48,4179,93,75,4178,4180,129,107,4181,132,230,1437,1436,3828,106,203,120,51,2066,184,109,2197,88,47,111,190],"class_list":["post-46884","post","type-post","status-publish","format-standard","has-post-thumbnail","hentry","category-brasil","category-destaques","category-educacao","category-noticias2","category-politica","tag-adustina","tag-antas","tag-araci","tag-banzae-2","tag-brasil","tag-cicero-dantas","tag-cipo-2","tag-crisopolis-2","tag-euclides-da-cunha","tag-fatima","tag-heliopolis-2","tag-itapicuru","tag-jeremoabo","tag-mec","tag-ministerio-da-educacao","tag-noticias","tag-nova-soure","tag-novo-triunfo","tag-olindina","tag-paripiranga","tag-piso-salarial","tag-professores","tag-quijingue","tag-reajuste-salarial","tag-ribeira-do-amparo","tag-ribeira-do-pombal","tag-sitio-do-quinto","tag-tucano"],"aioseo_notices":[],"_links":{"self":[{"href":"https:\/\/www.portalalerta.com.br\/index.php\/wp-json\/wp\/v2\/posts\/46884","targetHints":{"allow":["GET"]}}],"collection":[{"href":"https:\/\/www.portalalerta.com.br\/index.php\/wp-json\/wp\/v2\/posts"}],"about":[{"href":"https:\/\/www.portalalerta.com.br\/index.php\/wp-json\/wp\/v2\/types\/post"}],"author":[{"embeddable":true,"href":"https:\/\/www.portalalerta.com.br\/index.php\/wp-json\/wp\/v2\/users\/2"}],"replies":[{"embeddable":true,"href":"https:\/\/www.portalalerta.com.br\/index.php\/wp-json\/wp\/v2\/comments?post=46884"}],"version-history":[{"count":1,"href":"https:\/\/www.portalalerta.com.br\/index.php\/wp-json\/wp\/v2\/posts\/46884\/revisions"}],"predecessor-version":[{"id":46885,"href":"https:\/\/www.portalalerta.com.br\/index.php\/wp-json\/wp\/v2\/posts\/46884\/revisions\/46885"}],"wp:featuredmedia":[{"embeddable":true,"href":"https:\/\/www.portalalerta.com.br\/index.php\/wp-json\/wp\/v2\/media\/3347"}],"wp:attachment":[{"href":"https:\/\/www.portalalerta.com.br\/index.php\/wp-json\/wp\/v2\/media?parent=46884"}],"wp:term":[{"taxonomy":"category","embeddable":true,"href":"https:\/\/www.portalalerta.com.br\/index.php\/wp-json\/wp\/v2\/categories?post=46884"},{"taxonomy":"post_tag","embeddable":true,"href":"https:\/\/www.portalalerta.com.br\/index.php\/wp-json\/wp\/v2\/tags?post=46884"}],"curies":[{"name":"wp","href":"https:\/\/api.w.org\/{rel}","templated":true}]}}