{"id":46886,"date":"2023-01-17T09:04:00","date_gmt":"2023-01-17T12:04:00","guid":{"rendered":"https:\/\/www.portalalerta.com.br\/?p=46886"},"modified":"2023-01-17T01:20:03","modified_gmt":"2023-01-17T04:20:03","slug":"jovem-morre-em-acidente-de-transito-em-nova-soure-ba","status":"publish","type":"post","link":"https:\/\/www.portalalerta.com.br\/index.php\/2023\/01\/17\/jovem-morre-em-acidente-de-transito-em-nova-soure-ba\/","title":{"rendered":"Jovem morre em acidente de tr\u00e2nsito, em Nova Soure-BA"},"content":{"rendered":"\n<p>No final da tarde do \u00faltimo domingo (15), um jovem de apenas 25 anos deu entrada na Emerg\u00eancia do Hospital Sagrado Cora\u00e7\u00e3o de Jesus, em Nova Soure-BA, v\u00edtima de acidente de tr\u00e2nsito.<\/p>\n\n\n\n<!--more-->\n\n\n\n<p>De acordo com informa\u00e7\u00f5es, Jo\u00e3o Marcos de Oliveira Silva, trafegava pela estrada do povoado S\u00e3o Miguel, zona rural do munic\u00edpio, \u00e0 bordo de uma motocicleta Honda CG, quando colidiu em um cavalo. Jo\u00e3o Marcos foi socorrido para a Unidade Hospitalar por populares que presenciaram o fato.<\/p>\n\n\n\n<p>Por volta das 18h30, o Hospital anunciou que Jo\u00e3o Marcos n\u00e3o resistiu aos ferimentos, evoluindo a \u00f3bito.<\/p>\n\n\n\n<p><em>Reda\u00e7\u00e3o: Portal Alerta<\/em><\/p>\n\n\n\n<p><em>Imagem Ilustrativa<\/em><\/p>\n","protected":false},"excerpt":{"rendered":"<p>No final da tarde do \u00faltimo domingo (15), um jovem de apenas 25 anos deu entrada na Emerg\u00eancia do Hospital Sagrado Cora\u00e7\u00e3o de Jesus, em Nova Soure-BA, v\u00edtima de acidente de tr\u00e2nsito.<\/p>\n","protected":false},"author":2,"featured_media":42426,"comment_status":"open","ping_status":"open","sticky":false,"template":"","format":"standard","meta":{"om_disable_all_campaigns":false,"_monsterinsights_skip_tracking":false,"_monsterinsights_sitenote_active":false,"_monsterinsights_sitenote_note":"","_monsterinsights_sitenote_category":0,"footnotes":""},"categories":[70,69,14,32,22],"tags":[5463,100,71,48,4179,75,4178,4180,129,107,4181,132,230,169,3828,106,203,120,51,229,109,88,47,111,190],"class_list":["post-46886","post","type-post","status-publish","format-standard","has-post-thumbnail","hentry","category-destaques","category-noticias2","category-nova-soure","category-regiao","category-seguranca","tag-acidente-de-transito","tag-adustina","tag-antas","tag-araci","tag-banzae-2","tag-cicero-dantas","tag-cipo-2","tag-crisopolis-2","tag-euclides-da-cunha","tag-fatima","tag-heliopolis-2","tag-itapicuru","tag-jeremoabo","tag-morte","tag-noticias","tag-nova-soure","tag-novo-triunfo","tag-olindina","tag-paripiranga","tag-povoado","tag-quijingue","tag-ribeira-do-amparo","tag-ribeira-do-pombal","tag-sitio-do-quinto","tag-tucano"],"aioseo_notices":[],"_links":{"self":[{"href":"https:\/\/www.portalalerta.com.br\/index.php\/wp-json\/wp\/v2\/posts\/46886","targetHints":{"allow":["GET"]}}],"collection":[{"href":"https:\/\/www.portalalerta.com.br\/index.php\/wp-json\/wp\/v2\/posts"}],"about":[{"href":"https:\/\/www.portalalerta.com.br\/index.php\/wp-json\/wp\/v2\/types\/post"}],"author":[{"embeddable":true,"href":"https:\/\/www.portalalerta.com.br\/index.php\/wp-json\/wp\/v2\/users\/2"}],"replies":[{"embeddable":true,"href":"https:\/\/www.portalalerta.com.br\/index.php\/wp-json\/wp\/v2\/comments?post=46886"}],"version-history":[{"count":1,"href":"https:\/\/www.portalalerta.com.br\/index.php\/wp-json\/wp\/v2\/posts\/46886\/revisions"}],"predecessor-version":[{"id":46887,"href":"https:\/\/www.portalalerta.com.br\/index.php\/wp-json\/wp\/v2\/posts\/46886\/revisions\/46887"}],"wp:featuredmedia":[{"embeddable":true,"href":"https:\/\/www.portalalerta.com.br\/index.php\/wp-json\/wp\/v2\/media\/42426"}],"wp:attachment":[{"href":"https:\/\/www.portalalerta.com.br\/index.php\/wp-json\/wp\/v2\/media?parent=46886"}],"wp:term":[{"taxonomy":"category","embeddable":true,"href":"https:\/\/www.portalalerta.com.br\/index.php\/wp-json\/wp\/v2\/categories?post=46886"},{"taxonomy":"post_tag","embeddable":true,"href":"https:\/\/www.portalalerta.com.br\/index.php\/wp-json\/wp\/v2\/tags?post=46886"}],"curies":[{"name":"wp","href":"https:\/\/api.w.org\/{rel}","templated":true}]}}