{"id":46888,"date":"2023-01-17T20:11:13","date_gmt":"2023-01-17T23:11:13","guid":{"rendered":"https:\/\/www.portalalerta.com.br\/?p=46888"},"modified":"2023-01-17T20:11:15","modified_gmt":"2023-01-17T23:11:15","slug":"homem-e-preso-com-arma-de-fogo-em-ribeira-do-pombal-ba-2","status":"publish","type":"post","link":"https:\/\/www.portalalerta.com.br\/index.php\/2023\/01\/17\/homem-e-preso-com-arma-de-fogo-em-ribeira-do-pombal-ba-2\/","title":{"rendered":"Homem \u00e9 preso com arma de fogo, em Ribeira do Pombal-BA"},"content":{"rendered":"\n<p>Por volta das 22h10 da \u00faltima segunda-feira (16), policiais militares do 2\u00ba Pelot\u00e3o\/ Ribeira do Pombal-BA, receberam uma den\u00fancia que apontava que um homem trajando uma camisa preta e um short azul, estaria portando uma arma de fogo, no centro da cidade.<\/p>\n\n\n\n<!--more-->\n\n\n<div class=\"wp-block-image\">\n<figure class=\"alignleft size-full is-resized\"><img fetchpriority=\"high\" decoding=\"async\" src=\"https:\/\/www.portalalerta.com.br\/wp-content\/uploads\/2023\/01\/auto-escola-Feliz-Ano-Novo-2022.jpeg\" alt=\"\" class=\"wp-image-46694\" width=\"409\" height=\"409\" srcset=\"https:\/\/www.portalalerta.com.br\/wp-content\/uploads\/2023\/01\/auto-escola-Feliz-Ano-Novo-2022.jpeg 875w, https:\/\/www.portalalerta.com.br\/wp-content\/uploads\/2023\/01\/auto-escola-Feliz-Ano-Novo-2022-240x240.jpeg 240w, https:\/\/www.portalalerta.com.br\/wp-content\/uploads\/2023\/01\/auto-escola-Feliz-Ano-Novo-2022-768x768.jpeg 768w\" sizes=\"(max-width: 409px) 100vw, 409px\" \/><\/figure><\/div>\n\n\n<p>Os militares passaram a realizar buscas pela regi\u00e3o, at\u00e9 o momento em que visualizaram o suspeito transitando pela Rua Jo\u00e3ozinho de Morais, sendo este submetido a uma busca pessoal. Com o rapaz, os policiais encontraram uma garrucha cal. 22, de marca Castelo.<\/p>\n\n\n\n<p>Tanto o rapaz, quanto a arma de fogo, foram conduzidos e apresentados na Delegacia de Pol\u00edcia Civil da cidade, para a ado\u00e7\u00e3o das medidas cab\u00edveis.<\/p>\n\n\n\n<p><em>Reda\u00e7\u00e3o: Portal Alerta<\/em><\/p>\n","protected":false},"excerpt":{"rendered":"<p>Por volta das 22h10 da \u00faltima segunda-feira (16), policiais militares do 2\u00ba Pelot\u00e3o\/ Ribeira do Pombal-BA, receberam uma den\u00fancia que apontava que um homem trajando uma camisa preta e um short azul, estaria portando uma arma de fogo, no centro da cidade.<\/p>\n","protected":false},"author":2,"featured_media":46889,"comment_status":"open","ping_status":"open","sticky":false,"template":"","format":"standard","meta":{"om_disable_all_campaigns":false,"_monsterinsights_skip_tracking":false,"_monsterinsights_sitenote_active":false,"_monsterinsights_sitenote_note":"","_monsterinsights_sitenote_category":0,"footnotes":""},"categories":[70,69,32,3,22],"tags":[100,71,48,4179,75,4178,4180,129,107,4181,132,230,3828,106,203,120,51,83,109,88,47,111,190],"class_list":["post-46888","post","type-post","status-publish","format-standard","has-post-thumbnail","hentry","category-destaques","category-noticias2","category-regiao","category-ribeira-do-pombal","category-seguranca","tag-adustina","tag-antas","tag-araci","tag-banzae-2","tag-cicero-dantas","tag-cipo-2","tag-crisopolis-2","tag-euclides-da-cunha","tag-fatima","tag-heliopolis-2","tag-itapicuru","tag-jeremoabo","tag-noticias","tag-nova-soure","tag-novo-triunfo","tag-olindina","tag-paripiranga","tag-porte-ilegal-de-arma-de-fogo","tag-quijingue","tag-ribeira-do-amparo","tag-ribeira-do-pombal","tag-sitio-do-quinto","tag-tucano"],"aioseo_notices":[],"_links":{"self":[{"href":"https:\/\/www.portalalerta.com.br\/index.php\/wp-json\/wp\/v2\/posts\/46888","targetHints":{"allow":["GET"]}}],"collection":[{"href":"https:\/\/www.portalalerta.com.br\/index.php\/wp-json\/wp\/v2\/posts"}],"about":[{"href":"https:\/\/www.portalalerta.com.br\/index.php\/wp-json\/wp\/v2\/types\/post"}],"author":[{"embeddable":true,"href":"https:\/\/www.portalalerta.com.br\/index.php\/wp-json\/wp\/v2\/users\/2"}],"replies":[{"embeddable":true,"href":"https:\/\/www.portalalerta.com.br\/index.php\/wp-json\/wp\/v2\/comments?post=46888"}],"version-history":[{"count":1,"href":"https:\/\/www.portalalerta.com.br\/index.php\/wp-json\/wp\/v2\/posts\/46888\/revisions"}],"predecessor-version":[{"id":46890,"href":"https:\/\/www.portalalerta.com.br\/index.php\/wp-json\/wp\/v2\/posts\/46888\/revisions\/46890"}],"wp:featuredmedia":[{"embeddable":true,"href":"https:\/\/www.portalalerta.com.br\/index.php\/wp-json\/wp\/v2\/media\/46889"}],"wp:attachment":[{"href":"https:\/\/www.portalalerta.com.br\/index.php\/wp-json\/wp\/v2\/media?parent=46888"}],"wp:term":[{"taxonomy":"category","embeddable":true,"href":"https:\/\/www.portalalerta.com.br\/index.php\/wp-json\/wp\/v2\/categories?post=46888"},{"taxonomy":"post_tag","embeddable":true,"href":"https:\/\/www.portalalerta.com.br\/index.php\/wp-json\/wp\/v2\/tags?post=46888"}],"curies":[{"name":"wp","href":"https:\/\/api.w.org\/{rel}","templated":true}]}}