{"id":46891,"date":"2023-01-17T20:18:33","date_gmt":"2023-01-17T23:18:33","guid":{"rendered":"https:\/\/www.portalalerta.com.br\/?p=46891"},"modified":"2023-01-17T20:18:34","modified_gmt":"2023-01-17T23:18:34","slug":"anderson-torres-nao-entrega-celular-e-pf-deve-recorrer-a-nuvem-de-dados","status":"publish","type":"post","link":"https:\/\/www.portalalerta.com.br\/index.php\/2023\/01\/17\/anderson-torres-nao-entrega-celular-e-pf-deve-recorrer-a-nuvem-de-dados\/","title":{"rendered":"Anderson Torres n\u00e3o entrega celular e PF deve recorrer \u00e0 nuvem de dados"},"content":{"rendered":"\n<p>Aparelho telef\u00f4nico do ex-ministro e ex-secret\u00e1rio de Seguran\u00e7a do DF n\u00e3o foi entregue aos agentes<\/p>\n\n\n\n<!--more-->\n\n\n\n<p>A Pol\u00edcia Federal vai recuperar informa\u00e7\u00f5es do celular de Anderson Torres, ex-secret\u00e1rio de Seguran\u00e7a P\u00fablica do Distrito Federal, via nuvem de dados. Isso porque o aparelho n\u00e3o foi entregue aos agentes.<\/p>\n\n\n<div class=\"wp-block-image\">\n<figure class=\"alignleft size-large is-resized\"><img fetchpriority=\"high\" decoding=\"async\" src=\"https:\/\/www.portalalerta.com.br\/wp-content\/uploads\/2023\/01\/Real-Volta-as-Aulas-2023-816x1024.jpeg\" alt=\"\" class=\"wp-image-46862\" width=\"364\" height=\"457\"\/><\/figure><\/div>\n\n\n<p>Ao chegar ao Brasil no \u00faltimo s\u00e1bado (14) e ser preso pela Pol\u00edcia Federal, o ex-ministro da Justi\u00e7a de Jair Bolsonaro (PL) n\u00e3o estava com o celular. Se estivesse, o telefone teria sido apreendido e periciado.<\/p>\n\n\n\n<p>No dia 10 de janeiro, dia em que teve a pris\u00e3o decretada, Torres publicou no Instagram uma mensagem avisando que seu n\u00famero havia sido clonado. Ele estava de f\u00e9rias nos Estados Unidos.<\/p>\n\n\n\n<p><strong><em>\u201cOl\u00e1, clonaram meu WhatsApp, n\u00e3o aceitem nenhuma mensagem ou liga\u00e7\u00e3o\u201d,<\/em><\/strong><em> <\/em>escreveu<em>.<\/em><\/p>\n\n\n\n<p>Al\u00e9m de ser preso e\u00a0chegar a pegar at\u00e9 91 anos de deten\u00e7\u00e3o, Torres tamb\u00e9m corre o risco de ser expulso da Pol\u00edcia Federal, onde atua desde 2003 &#8211; ou seja, h\u00e1 20 anos. Ele \u00e9 delegado de carreira.<\/p>\n\n\n\n<p>Segundo delegados ouvidos pelo Metr\u00f3poles,\u00a0a c\u00fapula da corpora\u00e7\u00e3o j\u00e1 fala na expuls\u00e3o do ex-ministro.\u00a0A avalia\u00e7\u00e3o \u00e9 que, ap\u00f3s o avan\u00e7o das investiga\u00e7\u00f5es, Torres ser\u00e1 alvo de um processo administrativo interno que culminar\u00e1 com sua exonera\u00e7\u00e3o definitiva da PF.<\/p>\n\n\n\n<p><em>Fonte: Yahoo Not\u00edcias<\/em><\/p>\n","protected":false},"excerpt":{"rendered":"<p>Aparelho telef\u00f4nico do ex-ministro e ex-secret\u00e1rio de Seguran\u00e7a do DF n\u00e3o foi entregue aos agentes<\/p>\n","protected":false},"author":2,"featured_media":45061,"comment_status":"open","ping_status":"open","sticky":false,"template":"","format":"standard","meta":{"om_disable_all_campaigns":false,"_monsterinsights_skip_tracking":false,"_monsterinsights_sitenote_active":false,"_monsterinsights_sitenote_note":"","_monsterinsights_sitenote_category":0,"footnotes":""},"categories":[34,70,69,21],"tags":[100,4871,71,48,4179,93,75,4178,4180,129,541,107,4181,132,230,1774,3828,106,203,120,51,77,109,88,47,111],"class_list":["post-46891","post","type-post","status-publish","format-standard","has-post-thumbnail","hentry","category-brasil","category-destaques","category-noticias2","category-politica","tag-adustina","tag-anderson-torres","tag-antas","tag-araci","tag-banzae-2","tag-brasil","tag-cicero-dantas","tag-cipo-2","tag-crisopolis-2","tag-euclides-da-cunha","tag-ex-ministro","tag-fatima","tag-heliopolis-2","tag-itapicuru","tag-jeremoabo","tag-ministro-da-justica","tag-noticias","tag-nova-soure","tag-novo-triunfo","tag-olindina","tag-paripiranga","tag-preso","tag-quijingue","tag-ribeira-do-amparo","tag-ribeira-do-pombal","tag-sitio-do-quinto"],"aioseo_notices":[],"_links":{"self":[{"href":"https:\/\/www.portalalerta.com.br\/index.php\/wp-json\/wp\/v2\/posts\/46891","targetHints":{"allow":["GET"]}}],"collection":[{"href":"https:\/\/www.portalalerta.com.br\/index.php\/wp-json\/wp\/v2\/posts"}],"about":[{"href":"https:\/\/www.portalalerta.com.br\/index.php\/wp-json\/wp\/v2\/types\/post"}],"author":[{"embeddable":true,"href":"https:\/\/www.portalalerta.com.br\/index.php\/wp-json\/wp\/v2\/users\/2"}],"replies":[{"embeddable":true,"href":"https:\/\/www.portalalerta.com.br\/index.php\/wp-json\/wp\/v2\/comments?post=46891"}],"version-history":[{"count":1,"href":"https:\/\/www.portalalerta.com.br\/index.php\/wp-json\/wp\/v2\/posts\/46891\/revisions"}],"predecessor-version":[{"id":46892,"href":"https:\/\/www.portalalerta.com.br\/index.php\/wp-json\/wp\/v2\/posts\/46891\/revisions\/46892"}],"wp:featuredmedia":[{"embeddable":true,"href":"https:\/\/www.portalalerta.com.br\/index.php\/wp-json\/wp\/v2\/media\/45061"}],"wp:attachment":[{"href":"https:\/\/www.portalalerta.com.br\/index.php\/wp-json\/wp\/v2\/media?parent=46891"}],"wp:term":[{"taxonomy":"category","embeddable":true,"href":"https:\/\/www.portalalerta.com.br\/index.php\/wp-json\/wp\/v2\/categories?post=46891"},{"taxonomy":"post_tag","embeddable":true,"href":"https:\/\/www.portalalerta.com.br\/index.php\/wp-json\/wp\/v2\/tags?post=46891"}],"curies":[{"name":"wp","href":"https:\/\/api.w.org\/{rel}","templated":true}]}}