{"id":46957,"date":"2023-01-23T09:00:00","date_gmt":"2023-01-23T12:00:00","guid":{"rendered":"https:\/\/www.portalalerta.com.br\/?p=46957"},"modified":"2023-01-23T09:20:21","modified_gmt":"2023-01-23T12:20:21","slug":"reforma-administrativa-moderniza-gestao-municipal-em-ribeira-do-pombal-ba","status":"publish","type":"post","link":"https:\/\/www.portalalerta.com.br\/index.php\/2023\/01\/23\/reforma-administrativa-moderniza-gestao-municipal-em-ribeira-do-pombal-ba\/","title":{"rendered":"Reforma Administrativa moderniza gest\u00e3o municipal em Ribeira do Pombal-BA"},"content":{"rendered":"\n<p>Desde o dia 17 de janeiro de 2023, entrou em vigor a nova estrutura organizativa da Prefeitura de Ribeira do Pombal. A mudan\u00e7a implementa pela Reforma Administrativa promovida pelo governo municipal adequa a estrutura de cargos, espa\u00e7os de comando e fun\u00e7\u00f5es \u00e0 forma como o munic\u00edpio funciona na pr\u00e1tica.<\/p>\n\n\n\n<!--more-->\n\n\n<div class=\"wp-block-image\">\n<figure class=\"alignleft size-large is-resized\"><img fetchpriority=\"high\" decoding=\"async\" src=\"https:\/\/www.portalalerta.com.br\/wp-content\/uploads\/2023\/01\/Real-Volta-as-Aulas-2023-816x1024.jpeg\" alt=\"\" class=\"wp-image-46862\" width=\"377\" height=\"473\"\/><\/figure><\/div>\n\n\n<p>Para entender a mudan\u00e7a, explica o secret\u00e1rio de Administra\u00e7\u00e3o e Finan\u00e7as, Cl\u00e9cio Fernando, \u00e9 preciso entender que toda a estrutura anterior da administra\u00e7\u00e3o foi substitu\u00edda sem que isso signifique amplia\u00e7\u00e3o da m\u00e1quina p\u00fablica municipal ou aumento de despesa. Ou seja, o que a nova Reforma Administrativa fez foi modernizar e tornar mais racional a estrutura da Prefeitura de Ribeira do Pombal.<\/p>\n\n\n\n<p>Entre as mudan\u00e7as implementadas que modernizam a gest\u00e3o municipal, h\u00e1 por exemplo, as novas nomenclaturas de cargos como diretorias, chefias e assessorias, que passam a fazer mais sentido e assim possibilitam melhores condi\u00e7\u00f5es de acompanhamento e at\u00e9 entendimento do funcionamento da prefeitura por parte da popula\u00e7\u00e3o.<\/p>\n\n\n\n<p><strong>Ou\u00e7a entrevista do Secret\u00e1rio de Administra\u00e7\u00e3o e Finan\u00e7as<\/strong>:<\/p>\n\n\n\n<figure class=\"wp-block-audio\"><audio controls src=\"https:\/\/www.portalalerta.com.br\/wp-content\/uploads\/2023\/01\/Untitled.mp3\"><\/audio><\/figure>\n\n\n\n<p><em>Fonte: SECOM\/ Ribeira do Pombal<\/em><\/p>\n","protected":false},"excerpt":{"rendered":"<p>Desde o dia 17 de janeiro de 2023, entrou em vigor a nova estrutura organizativa da Prefeitura de Ribeira do Pombal. A mudan\u00e7a implementa pela Reforma Administrativa promovida pelo governo municipal adequa a estrutura de cargos, espa\u00e7os de comando e fun\u00e7\u00f5es \u00e0 forma como o munic\u00edpio funciona na pr\u00e1tica.<\/p>\n","protected":false},"author":2,"featured_media":46959,"comment_status":"open","ping_status":"open","sticky":false,"template":"","format":"standard","meta":{"om_disable_all_campaigns":false,"_monsterinsights_skip_tracking":false,"_monsterinsights_sitenote_active":false,"_monsterinsights_sitenote_note":"","_monsterinsights_sitenote_category":0,"footnotes":""},"categories":[70,69,21,32,3],"tags":[100,71,48,4179,75,4178,4180,129,107,3968,4181,132,230,3828,106,203,120,51,145,109,88,47,4266,111,190],"class_list":["post-46957","post","type-post","status-publish","format-standard","has-post-thumbnail","hentry","category-destaques","category-noticias2","category-politica","category-regiao","category-ribeira-do-pombal","tag-adustina","tag-antas","tag-araci","tag-banzae-2","tag-cicero-dantas","tag-cipo-2","tag-crisopolis-2","tag-euclides-da-cunha","tag-fatima","tag-gestao","tag-heliopolis-2","tag-itapicuru","tag-jeremoabo","tag-noticias","tag-nova-soure","tag-novo-triunfo","tag-olindina","tag-paripiranga","tag-prefeitura","tag-quijingue","tag-ribeira-do-amparo","tag-ribeira-do-pombal","tag-ribeira-do-pombla","tag-sitio-do-quinto","tag-tucano"],"aioseo_notices":[],"_links":{"self":[{"href":"https:\/\/www.portalalerta.com.br\/index.php\/wp-json\/wp\/v2\/posts\/46957","targetHints":{"allow":["GET"]}}],"collection":[{"href":"https:\/\/www.portalalerta.com.br\/index.php\/wp-json\/wp\/v2\/posts"}],"about":[{"href":"https:\/\/www.portalalerta.com.br\/index.php\/wp-json\/wp\/v2\/types\/post"}],"author":[{"embeddable":true,"href":"https:\/\/www.portalalerta.com.br\/index.php\/wp-json\/wp\/v2\/users\/2"}],"replies":[{"embeddable":true,"href":"https:\/\/www.portalalerta.com.br\/index.php\/wp-json\/wp\/v2\/comments?post=46957"}],"version-history":[{"count":1,"href":"https:\/\/www.portalalerta.com.br\/index.php\/wp-json\/wp\/v2\/posts\/46957\/revisions"}],"predecessor-version":[{"id":46960,"href":"https:\/\/www.portalalerta.com.br\/index.php\/wp-json\/wp\/v2\/posts\/46957\/revisions\/46960"}],"wp:featuredmedia":[{"embeddable":true,"href":"https:\/\/www.portalalerta.com.br\/index.php\/wp-json\/wp\/v2\/media\/46959"}],"wp:attachment":[{"href":"https:\/\/www.portalalerta.com.br\/index.php\/wp-json\/wp\/v2\/media?parent=46957"}],"wp:term":[{"taxonomy":"category","embeddable":true,"href":"https:\/\/www.portalalerta.com.br\/index.php\/wp-json\/wp\/v2\/categories?post=46957"},{"taxonomy":"post_tag","embeddable":true,"href":"https:\/\/www.portalalerta.com.br\/index.php\/wp-json\/wp\/v2\/tags?post=46957"}],"curies":[{"name":"wp","href":"https:\/\/api.w.org\/{rel}","templated":true}]}}