{"id":46961,"date":"2023-01-23T09:01:00","date_gmt":"2023-01-23T12:01:00","guid":{"rendered":"https:\/\/www.portalalerta.com.br\/?p=46961"},"modified":"2023-01-22T22:04:46","modified_gmt":"2023-01-23T01:04:46","slug":"investigado-por-mais-de-20-homicidios-na-regiao-de-jacobina-e-argentino","status":"publish","type":"post","link":"https:\/\/www.portalalerta.com.br\/index.php\/2023\/01\/23\/investigado-por-mais-de-20-homicidios-na-regiao-de-jacobina-e-argentino\/","title":{"rendered":"Investigado por mais de 20 homic\u00eddios na regi\u00e3o de Jacobina \u00e9 argentino"},"content":{"rendered":"\n<p>O homem que \u00e9 investigado por ter envolvimento em mais de 20 homic\u00eddios na Bahia, e foi preso em Minas Gerais, foi identificado pela pol\u00edcia com nacionalidade argentina. Segundo informa\u00e7\u00f5es da Pol\u00edcia Civil, o suspeito estava com documentos falsos no ato da pris\u00e3o, que aconteceu na quarta-feira (18).<\/p>\n\n\n\n<!--more-->\n\n\n\n<p>Vitor Gabriel da Silva Amaral \u00e9 suspeito de participar de dois homic\u00eddios em 2021, na cidade de Mairi, no norte da Bahia. Assim como em mortes registradas nas cidades baianas de V\u00e1rzea da Ro\u00e7a, S\u00e3o Jos\u00e9 do Jacu\u00edpe, V\u00e1rzea do Po\u00e7o, Serrol\u00e2ndia, Jacobina, Caldeir\u00e3o Grande e Sa\u00fade. <strong><em>\u201cEle \u00e9 membro de uma organiza\u00e7\u00e3o criminosa com atua\u00e7\u00e3o no tr\u00e1fico de drogas na regi\u00e3o da Bacia do Jacu\u00edpe e na Chapada Diamantina\u201d<\/em><\/strong>, afirmou o delegado Paulo Victor Muniz Ferreira Magalh\u00e3es.<br><br>Atrav\u00e9s da troca de informa\u00e7\u00f5es entre as unidades policiais, o Servi\u00e7o de Investiga\u00e7\u00e3o (SI) descobriu onde o investigado estava morando em Andrel\u00e2ndia. <strong><em>\u201cAnteriormente ele havia conseguido empreender fuga nos estados do Cear\u00e1, Goi\u00e1s e S\u00e3o Paulo\u201d<\/em><\/strong>, contou o delegado de Mairi. No momento, o homem ser\u00e1 encaminhado para a Bahia, onde ficar\u00e1 custodiado \u00e0 disposi\u00e7\u00e3o do Poder Judici\u00e1rio.<br><br>O delegado de Mairi disse ainda qye o investigado praticava homic\u00eddios desde os 13 anos de idade. Ele j\u00e1 tinha fugido da pol\u00edcia nos estados do Cear\u00e1, Goi\u00e1s e S\u00e3o Paulo. Para encontrar o investigado, a Pol\u00edcia Militar (PM) de Minas Gerais contou com o apoio da PM de Capim Grosso e do Distrito Federal, al\u00e9m das informa\u00e7\u00f5es passadas pela Pol\u00edcia Civil.<\/p>\n\n\n\n<p><em>Fonte: Cleriston Silva<\/em><\/p>\n","protected":false},"excerpt":{"rendered":"<p>O homem que \u00e9 investigado por ter envolvimento em mais de 20 homic\u00eddios na Bahia, e foi preso em Minas Gerais, foi identificado pela pol\u00edcia com nacionalidade argentina. Segundo informa\u00e7\u00f5es da Pol\u00edcia Civil, o suspeito estava com documentos falsos no ato da pris\u00e3o, que aconteceu na quarta-feira (18).<\/p>\n","protected":false},"author":2,"featured_media":46962,"comment_status":"open","ping_status":"open","sticky":false,"template":"","format":"standard","meta":{"om_disable_all_campaigns":false,"_monsterinsights_skip_tracking":false,"_monsterinsights_sitenote_active":false,"_monsterinsights_sitenote_note":"","_monsterinsights_sitenote_category":0,"footnotes":""},"categories":[33,34,70,35,69,22],"tags":[100,71,48,297,4179,2404,75,4178,4180,129,107,4181,2074,132,288,230,2432,357,3828,106,203,120,51,77,109,88,47,2459,61,2462,111,2056,2468],"class_list":["post-46961","post","type-post","status-publish","format-standard","has-post-thumbnail","hentry","category-bahia","category-brasil","category-destaques","category-mundo","category-noticias2","category-seguranca","tag-adustina","tag-antas","tag-araci","tag-argentina","tag-banzae-2","tag-caldeirao-grande","tag-cicero-dantas","tag-cipo-2","tag-crisopolis-2","tag-euclides-da-cunha","tag-fatima","tag-heliopolis-2","tag-homicidios","tag-itapicuru","tag-jacobina","tag-jeremoabo","tag-mairi","tag-minas-gerais","tag-noticias","tag-nova-soure","tag-novo-triunfo","tag-olindina","tag-paripiranga","tag-preso","tag-quijingue","tag-ribeira-do-amparo","tag-ribeira-do-pombal","tag-sao-jose-do-jacuipe","tag-saude","tag-serrolandia","tag-sitio-do-quinto","tag-varzea-da-roca","tag-varzea-do-poco"],"aioseo_notices":[],"_links":{"self":[{"href":"https:\/\/www.portalalerta.com.br\/index.php\/wp-json\/wp\/v2\/posts\/46961","targetHints":{"allow":["GET"]}}],"collection":[{"href":"https:\/\/www.portalalerta.com.br\/index.php\/wp-json\/wp\/v2\/posts"}],"about":[{"href":"https:\/\/www.portalalerta.com.br\/index.php\/wp-json\/wp\/v2\/types\/post"}],"author":[{"embeddable":true,"href":"https:\/\/www.portalalerta.com.br\/index.php\/wp-json\/wp\/v2\/users\/2"}],"replies":[{"embeddable":true,"href":"https:\/\/www.portalalerta.com.br\/index.php\/wp-json\/wp\/v2\/comments?post=46961"}],"version-history":[{"count":1,"href":"https:\/\/www.portalalerta.com.br\/index.php\/wp-json\/wp\/v2\/posts\/46961\/revisions"}],"predecessor-version":[{"id":46963,"href":"https:\/\/www.portalalerta.com.br\/index.php\/wp-json\/wp\/v2\/posts\/46961\/revisions\/46963"}],"wp:featuredmedia":[{"embeddable":true,"href":"https:\/\/www.portalalerta.com.br\/index.php\/wp-json\/wp\/v2\/media\/46962"}],"wp:attachment":[{"href":"https:\/\/www.portalalerta.com.br\/index.php\/wp-json\/wp\/v2\/media?parent=46961"}],"wp:term":[{"taxonomy":"category","embeddable":true,"href":"https:\/\/www.portalalerta.com.br\/index.php\/wp-json\/wp\/v2\/categories?post=46961"},{"taxonomy":"post_tag","embeddable":true,"href":"https:\/\/www.portalalerta.com.br\/index.php\/wp-json\/wp\/v2\/tags?post=46961"}],"curies":[{"name":"wp","href":"https:\/\/api.w.org\/{rel}","templated":true}]}}