{"id":46967,"date":"2023-01-23T09:03:00","date_gmt":"2023-01-23T12:03:00","guid":{"rendered":"https:\/\/www.portalalerta.com.br\/?p=46967"},"modified":"2023-01-22T22:48:37","modified_gmt":"2023-01-23T01:48:37","slug":"governadores-do-nordeste-assinam-pacto-pela-seguranca-publica-e-integracao-entre-estados","status":"publish","type":"post","link":"https:\/\/www.portalalerta.com.br\/index.php\/2023\/01\/23\/governadores-do-nordeste-assinam-pacto-pela-seguranca-publica-e-integracao-entre-estados\/","title":{"rendered":"Governadores do Nordeste assinam pacto pela Seguran\u00e7a P\u00fablica e integra\u00e7\u00e3o entre estados"},"content":{"rendered":"\n<p>Assinatura foi feita ap\u00f3s assembleia do Cons\u00f3rcio Interestadual de Desenvolvimento Sustent\u00e1vel<\/p>\n\n\n\n<!--more-->\n\n\n\n<p>Os nove governadores da regi\u00e3o Nordeste assinaram uma carta conjunta em que apresentam um conjunto de projetos de transforma\u00e7\u00e3o da infraestrutura e das condi\u00e7\u00f5es de vida da popula\u00e7\u00e3o nordestina. A reuni\u00e3o aconteceu ap\u00f3s a assembleia do Cons\u00f3rcio Interestadual de Desenvolvimento Sustent\u00e1vel do Nordeste, realizada na sexta-feira (20), em Jo\u00e3o Pessoa, na Para\u00edba.&nbsp;<\/p>\n\n\n<div class=\"wp-block-image\">\n<figure class=\"alignleft size-full is-resized\"><img fetchpriority=\"high\" decoding=\"async\" src=\"https:\/\/www.portalalerta.com.br\/wp-content\/uploads\/2023\/01\/auto-escola-Feliz-Ano-Novo-2022.jpeg\" alt=\"\" class=\"wp-image-46694\" width=\"376\" height=\"376\" srcset=\"https:\/\/www.portalalerta.com.br\/wp-content\/uploads\/2023\/01\/auto-escola-Feliz-Ano-Novo-2022.jpeg 875w, https:\/\/www.portalalerta.com.br\/wp-content\/uploads\/2023\/01\/auto-escola-Feliz-Ano-Novo-2022-240x240.jpeg 240w, https:\/\/www.portalalerta.com.br\/wp-content\/uploads\/2023\/01\/auto-escola-Feliz-Ano-Novo-2022-768x768.jpeg 768w\" sizes=\"(max-width: 376px) 100vw, 376px\" \/><\/figure><\/div>\n\n\n<p>O pacto pela Seguran\u00e7a P\u00fablica dever\u00e1 ser executado <strong><em>&#8220;integrando as pol\u00edcias estaduais, suas solu\u00e7\u00f5es tecnol\u00f3gicas e gabinetes de intelig\u00eancia, somando esfor\u00e7os com a Pol\u00edcia Federal e o Minist\u00e9rio da Justi\u00e7a e Seguran\u00e7a P\u00fablica&#8221;<\/em><\/strong>, conforme indica o documento.<\/p>\n\n\n\n<p>A iniciativa tamb\u00e9m estabelece a decis\u00e3o de um crescimento que considera a uni\u00e3o entre os estados, com projetos integradores de todo o Nordeste, e destaca a retomada do di\u00e1logo com o Governo Federal. No encontro, foi ainda definido um plano de a\u00e7\u00e3o e uma lista de prioridades que ser\u00e3o apresentados ao presidente Luiz In\u00e1cio Lula da Silva (PT), em reuni\u00e3o agendada para o final do m\u00eas de janeiro.<\/p>\n\n\n\n<p><strong><em>\u201cNosso compromisso \u00e9 trabalhar sinergicamente para que nossa hist\u00f3ria e nossas experi\u00eancias sejam valorizadas, nossos problemas sejam vis\u00edveis e enfrentados em bloco e de maneira objetiva e, sobretudo, para que nossas melhores experi\u00eancias possam estar conectadas com as grandes causas de nosso tempo\u201d<\/em><\/strong>, diz trecho do documento.&nbsp;<\/p>\n\n\n\n<p>Al\u00e9m do baiano Jer\u00f4nimo Rodrigues (PT), estiveram presentes os governadores Jo\u00e3o Azev\u00eado (PSB), da Para\u00edba; Raquel Lyra (PSDB), do Pernambuco; F\u00e1tima Bezerra (PT), de Rio Grande do Norte; Paulo Dantas (MDB), de Alagoas; Elmano de Freitas (PT), do Cear\u00e1; Carlos Brand\u00e3o (PSB), do Maranh\u00e3o; Rafael Fonteles (PT), do Piau\u00ed, e F\u00e1bio Mitidieri (PSD), de Sergipe.<\/p>\n\n\n\n<p><em>Fonte: Metro1<\/em><\/p>\n","protected":false},"excerpt":{"rendered":"<p>Assinatura foi feita ap\u00f3s assembleia do Cons\u00f3rcio Interestadual de Desenvolvimento Sustent\u00e1vel<\/p>\n","protected":false},"author":2,"featured_media":46968,"comment_status":"open","ping_status":"open","sticky":false,"template":"","format":"standard","meta":{"om_disable_all_campaigns":false,"_monsterinsights_skip_tracking":false,"_monsterinsights_sitenote_active":false,"_monsterinsights_sitenote_note":"","_monsterinsights_sitenote_category":0,"footnotes":""},"categories":[33,34,70,69,21,22],"tags":[100,71,48,54,4179,93,75,4178,2342,4180,129,107,887,4181,132,230,1068,3828,106,203,120,51,109,88,47,623,111],"class_list":["post-46967","post","type-post","status-publish","format-standard","has-post-thumbnail","hentry","category-bahia","category-brasil","category-destaques","category-noticias2","category-politica","category-seguranca","tag-adustina","tag-antas","tag-araci","tag-bahia","tag-banzae-2","tag-brasil","tag-cicero-dantas","tag-cipo-2","tag-consorcio-do-nordeste","tag-crisopolis-2","tag-euclides-da-cunha","tag-fatima","tag-governadores","tag-heliopolis-2","tag-itapicuru","tag-jeremoabo","tag-nordeste","tag-noticias","tag-nova-soure","tag-novo-triunfo","tag-olindina","tag-paripiranga","tag-quijingue","tag-ribeira-do-amparo","tag-ribeira-do-pombal","tag-seguranca-publica","tag-sitio-do-quinto"],"aioseo_notices":[],"_links":{"self":[{"href":"https:\/\/www.portalalerta.com.br\/index.php\/wp-json\/wp\/v2\/posts\/46967","targetHints":{"allow":["GET"]}}],"collection":[{"href":"https:\/\/www.portalalerta.com.br\/index.php\/wp-json\/wp\/v2\/posts"}],"about":[{"href":"https:\/\/www.portalalerta.com.br\/index.php\/wp-json\/wp\/v2\/types\/post"}],"author":[{"embeddable":true,"href":"https:\/\/www.portalalerta.com.br\/index.php\/wp-json\/wp\/v2\/users\/2"}],"replies":[{"embeddable":true,"href":"https:\/\/www.portalalerta.com.br\/index.php\/wp-json\/wp\/v2\/comments?post=46967"}],"version-history":[{"count":1,"href":"https:\/\/www.portalalerta.com.br\/index.php\/wp-json\/wp\/v2\/posts\/46967\/revisions"}],"predecessor-version":[{"id":46969,"href":"https:\/\/www.portalalerta.com.br\/index.php\/wp-json\/wp\/v2\/posts\/46967\/revisions\/46969"}],"wp:featuredmedia":[{"embeddable":true,"href":"https:\/\/www.portalalerta.com.br\/index.php\/wp-json\/wp\/v2\/media\/46968"}],"wp:attachment":[{"href":"https:\/\/www.portalalerta.com.br\/index.php\/wp-json\/wp\/v2\/media?parent=46967"}],"wp:term":[{"taxonomy":"category","embeddable":true,"href":"https:\/\/www.portalalerta.com.br\/index.php\/wp-json\/wp\/v2\/categories?post=46967"},{"taxonomy":"post_tag","embeddable":true,"href":"https:\/\/www.portalalerta.com.br\/index.php\/wp-json\/wp\/v2\/tags?post=46967"}],"curies":[{"name":"wp","href":"https:\/\/api.w.org\/{rel}","templated":true}]}}