{"id":46970,"date":"2023-01-23T16:00:00","date_gmt":"2023-01-23T19:00:00","guid":{"rendered":"https:\/\/www.portalalerta.com.br\/?p=46970"},"modified":"2023-01-22T22:57:27","modified_gmt":"2023-01-23T01:57:27","slug":"volta-do-imposto-sindical-e-vista-como-retrocesso-por-especialistas","status":"publish","type":"post","link":"https:\/\/www.portalalerta.com.br\/index.php\/2023\/01\/23\/volta-do-imposto-sindical-e-vista-como-retrocesso-por-especialistas\/","title":{"rendered":"Volta do imposto sindical \u00e9 vista como retrocesso por especialistas"},"content":{"rendered":"\n<p><strong>Cobran\u00e7a ao trabalhador passou a ser opcional em 2017; governo nega retorno de taxa compuls\u00f3ria, mas n\u00e3o detalha alternativas<\/strong><\/p>\n\n\n\n<!--more-->\n\n\n\n<p>O retorno da contribui\u00e7\u00e3o sindical obrigat\u00f3ria \u00e9 visto como um retrocesso por especialistas consultados pelo\u00a0<strong>R7<\/strong>. A discuss\u00e3o voltou \u00e0 tona ap\u00f3s o presidente\u00a0Luiz In\u00e1cio Lula da Silva (PT) afirmar que a suspens\u00e3o, em 2017, foi um &#8220;crime&#8221;. A extin\u00e7\u00e3o do imposto compuls\u00f3rio foi uma das mudan\u00e7as acarretadas pela reforma tribut\u00e1ria, implementada durante a gest\u00e3o de Michel Temer (MDB).<\/p>\n\n\n<div class=\"wp-block-image\">\n<figure class=\"alignleft size-large is-resized\"><img fetchpriority=\"high\" decoding=\"async\" src=\"https:\/\/www.portalalerta.com.br\/wp-content\/uploads\/2023\/01\/Real-Volta-as-Aulas-2023-816x1024.jpeg\" alt=\"\" class=\"wp-image-46862\" width=\"384\" height=\"482\"\/><\/figure><\/div>\n\n\n<p>A afirma\u00e7\u00e3o de Lula foi dada ap\u00f3s reuni\u00e3o com entidades representativas, na quarta-feira (18), e levou o\u00a0ministro do Trabalho, Luiz Marinho, a rebater a fala do presidente. Ele refor\u00e7ou que n\u00e3o prev\u00ea a retomada da obrigatoriedade do imposto sindical.<\/p>\n\n\n\n<p>Embora negue a volta do imposto,\u00a0Lula tem sido pressionado por movimentos sociais a reformular a contribui\u00e7\u00e3o, mas n\u00e3o apresenta alternativas. Questionado pelo\u00a0<strong>R7<\/strong>\u00a0acerca do assunto, o Minist\u00e9rio do Trabalho respondeu que o governo n\u00e3o estuda a volta da taxa. &#8220;O ministro j\u00e1 deixou claro que n\u00e3o existe a m\u00ednima chance de essa cobran\u00e7a voltar a ser feita&#8221;, afirmou a pasta, em nota. A reportagem tamb\u00e9m perguntou quais op\u00e7\u00f5es estariam no radar do presidente, mas n\u00e3o recebeu retorno.<\/p>\n\n\n\n<p><strong>Crise e retrocesso<\/strong><\/p>\n\n\n\n<p>Para a advogada trabalhista Vanessa Dumont, a extin\u00e7\u00e3o est\u00e1 em harmonia com os princ\u00edpios da liberdade sindical. <strong><em>&#8220;A\u00a0volta da contribui\u00e7\u00e3o sindical\u00a0compuls\u00f3ria seria um retrocesso, at\u00e9 porque a exist\u00eancia de sindicatos financeiramente saud\u00e1veis n\u00e3o foi suficiente para impedir a instala\u00e7\u00e3o da crise de representatividade, cuja perda abrupta da fonte de custeio \u00e9 apenas um dos fatos geradores&#8221;<\/em><\/strong>, afirma a s\u00f3cia do escrit\u00f3rio Caputo, Bastos e Serra Advogados.<\/p>\n\n\n\n<p><strong><em>&#8220;A aboli\u00e7\u00e3o parece ter sido acertada, justamente porque representa o primeiro passo para a consolida\u00e7\u00e3o da transi\u00e7\u00e3o democr\u00e1tica da organiza\u00e7\u00e3o sindical no Brasil\u201d<\/em><\/strong>, argumenta Dumont.<\/p>\n\n\n\n<p>Segundo a especialista, a autonomia do empregado quanto \u00e0 contribui\u00e7\u00e3o gera aperfei\u00e7oamento na presta\u00e7\u00e3o dos servi\u00e7os dos sindicatos. A obrigatoriedade da taxa refor\u00e7ava, segundo a advogada, a manuten\u00e7\u00e3o de entidades artificiais.<\/p>\n\n\n\n<p><strong><em>O trabalhador tem a liberdade de pagar ou n\u00e3o, caso n\u00e3o se sinta efetivamente representado ou se o sindicato n\u00e3o \u00e9 atuante ou participativo.<\/em><\/strong><\/p>\n\n\n\n<p>VANESSA DUMONT, ADVOGADA TRABALHISTA<\/p>\n\n\n\n<p><strong><em>&#8220;O sindicato, para atrair o trabalhador e convenc\u00ea-lo a contribuir, precisa ser atuante e participativo, sair de uma posi\u00e7\u00e3o reativa para um lugar mais proativo, o que pode ser vantajoso, al\u00e9m de tornar a busca pela melhoria das\u00a0condi\u00e7\u00f5es de contrata\u00e7\u00e3o\u00a0e gest\u00e3o dos trabalhadores mais efetiva&#8221;<\/em><\/strong>, afirma a advogada.<\/p>\n\n\n\n<p>O presidente da Comiss\u00e3o de Assuntos Tribut\u00e1rios da seccional do Distrito Federal da Ordem dos Advogados do Brasil (OAB-DF) e professor do IDP, Alberto de Medeiros Filho, tem posi\u00e7\u00e3o semelhante \u00e0 da colega. <strong><em>&#8220;Eu n\u00e3o enxergo nenhuma vantagem [na contribui\u00e7\u00e3o compuls\u00f3ria], porque o trabalhador acaba sendo obrigado a pagar para financiar um sistema que, muitas vezes, discorda da atua\u00e7\u00e3o&#8221;<\/em><\/strong>, aponta.<\/p>\n\n\n\n<p>Para ele, a taxa opcional pode aumentar a confian\u00e7a na entidade e a sensa\u00e7\u00e3o de representatividade do empregado.<\/p>\n\n\n\n<p><strong><em>Hoje, como o sindicato tem de atrair o trabalhador para receber a contribui\u00e7\u00e3o, precisa atuar de forma que agrade e traga benef\u00edcios efetivos. \u00c9 como se fosse obrigado a prestar um bom servi\u00e7o e melhorar a efici\u00eancia, para ter mais filiados.<\/em><\/strong><\/p>\n\n\n\n<p>ALBERTO DE MEDEIROS FILHO, OAB-DF<\/p>\n\n\n\n<p><strong>Fontes<\/strong><\/p>\n\n\n\n<p>Apesar de a sa\u00fade financeira das institui\u00e7\u00f5es representativas ser um importante argumento, a contribui\u00e7\u00e3o compuls\u00f3ria n\u00e3o \u00e9 a \u00fanica possibilidade de custeio dos sindicatos. <strong><em>&#8220;\u00c9 preciso pensar numa forma de arrecada\u00e7\u00e3o mais justa e razo\u00e1vel para combater a crise financeira e dar f\u00f4lego \u00e0s entidades. Um exemplo \u00e9 a contribui\u00e7\u00e3o assistencial, tamb\u00e9m chamada de cota de solidariedade ou de contribui\u00e7\u00e3o de fortalecimento sindical&#8221;<\/em><\/strong>, apresenta Vanessa.<\/p>\n\n\n\n<p>Alberto lista tamb\u00e9m a possibilidade de redirecionar despesas governamentais. <strong><em>&#8220;O governo tem outras alternativas para transferir recursos a entidades, dentro do or\u00e7amento da Uni\u00e3o e do remanejamento dos tributos j\u00e1 existentes. N\u00e3o necessariamente precisa retroceder \u00e0\u00a0Reforma Trabalhista, at\u00e9 porque n\u00e3o vejo clima para isso no Congresso&#8221;<\/em><\/strong>, avalia o professor.<\/p>\n\n\n\n<p><strong>Fora de cogita\u00e7\u00e3o<\/strong><\/p>\n\n\n\n<p>Na an\u00e1lise do ex-presidente sindical Cristiano Torres o retorno da obrigatoriedade de contribui\u00e7\u00e3o est\u00e1 fora de cogita\u00e7\u00e3o, mas \u00e9 poss\u00edvel encontrar op\u00e7\u00f5es.<\/p>\n\n\n\n<p><strong><em>&#8220;N\u00e3o sei qual \u00e9 o custeio que o presidente Lula quer propor. Acredito que seria algo parecido com o\u00a0Sistema S\u00a0[como Sesi, Senac e Sesc, institui\u00e7\u00f5es prestadoras de servi\u00e7os administradas de forma independente], com parte do FGTS, por exemplo. Nesse caso, o Estado repassaria para as entidades, mas n\u00e3o sabemos como seria, ainda est\u00e1 muito obscuro. Mas a volta ao que era antes [da reforma trabalhista] n\u00e3o tem mais espa\u00e7o&#8221;,<\/em><\/strong> afirma Torres.<\/p>\n\n\n\n<p><em>Fonte: R7<\/em><\/p>\n","protected":false},"excerpt":{"rendered":"<p>Cobran\u00e7a ao trabalhador passou a ser opcional em 2017; governo nega retorno de taxa compuls\u00f3ria, mas n\u00e3o detalha alternativas<\/p>\n","protected":false},"author":2,"featured_media":46971,"comment_status":"open","ping_status":"open","sticky":false,"template":"","format":"standard","meta":{"om_disable_all_campaigns":false,"_monsterinsights_skip_tracking":false,"_monsterinsights_sitenote_active":false,"_monsterinsights_sitenote_note":"","_monsterinsights_sitenote_category":0,"footnotes":""},"categories":[34,70,69,21],"tags":[100,71,48,4179,93,75,4178,4180,129,107,4181,5866,132,230,3828,106,203,120,51,109,88,47,715,111,190],"class_list":["post-46970","post","type-post","status-publish","format-standard","has-post-thumbnail","hentry","category-brasil","category-destaques","category-noticias2","category-politica","tag-adustina","tag-antas","tag-araci","tag-banzae-2","tag-brasil","tag-cicero-dantas","tag-cipo-2","tag-crisopolis-2","tag-euclides-da-cunha","tag-fatima","tag-heliopolis-2","tag-imposto-sindical","tag-itapicuru","tag-jeremoabo","tag-noticias","tag-nova-soure","tag-novo-triunfo","tag-olindina","tag-paripiranga","tag-quijingue","tag-ribeira-do-amparo","tag-ribeira-do-pombal","tag-sindicato","tag-sitio-do-quinto","tag-tucano"],"aioseo_notices":[],"_links":{"self":[{"href":"https:\/\/www.portalalerta.com.br\/index.php\/wp-json\/wp\/v2\/posts\/46970","targetHints":{"allow":["GET"]}}],"collection":[{"href":"https:\/\/www.portalalerta.com.br\/index.php\/wp-json\/wp\/v2\/posts"}],"about":[{"href":"https:\/\/www.portalalerta.com.br\/index.php\/wp-json\/wp\/v2\/types\/post"}],"author":[{"embeddable":true,"href":"https:\/\/www.portalalerta.com.br\/index.php\/wp-json\/wp\/v2\/users\/2"}],"replies":[{"embeddable":true,"href":"https:\/\/www.portalalerta.com.br\/index.php\/wp-json\/wp\/v2\/comments?post=46970"}],"version-history":[{"count":1,"href":"https:\/\/www.portalalerta.com.br\/index.php\/wp-json\/wp\/v2\/posts\/46970\/revisions"}],"predecessor-version":[{"id":46972,"href":"https:\/\/www.portalalerta.com.br\/index.php\/wp-json\/wp\/v2\/posts\/46970\/revisions\/46972"}],"wp:featuredmedia":[{"embeddable":true,"href":"https:\/\/www.portalalerta.com.br\/index.php\/wp-json\/wp\/v2\/media\/46971"}],"wp:attachment":[{"href":"https:\/\/www.portalalerta.com.br\/index.php\/wp-json\/wp\/v2\/media?parent=46970"}],"wp:term":[{"taxonomy":"category","embeddable":true,"href":"https:\/\/www.portalalerta.com.br\/index.php\/wp-json\/wp\/v2\/categories?post=46970"},{"taxonomy":"post_tag","embeddable":true,"href":"https:\/\/www.portalalerta.com.br\/index.php\/wp-json\/wp\/v2\/tags?post=46970"}],"curies":[{"name":"wp","href":"https:\/\/api.w.org\/{rel}","templated":true}]}}