{"id":46981,"date":"2023-01-24T11:02:31","date_gmt":"2023-01-24T14:02:31","guid":{"rendered":"https:\/\/www.portalalerta.com.br\/?p=46981"},"modified":"2023-01-24T11:02:32","modified_gmt":"2023-01-24T14:02:32","slug":"sinproerp-convoca-categoria-para-registro-de-chapa-e-eleicao-da-nova-diretoria-executiva","status":"publish","type":"post","link":"https:\/\/www.portalalerta.com.br\/index.php\/2023\/01\/24\/sinproerp-convoca-categoria-para-registro-de-chapa-e-eleicao-da-nova-diretoria-executiva\/","title":{"rendered":"SINPROERP convoca categoria para registro de chapa e elei\u00e7\u00e3o da Nova Diretoria Executiva"},"content":{"rendered":"\n<p>O Sindicato dos Profissionais de Educa\u00e7\u00e3o da Rede de Ensino do Munic\u00edpio de Ribeira do Pombal-BA (SINPROERP), tornou p\u00fablico na \u00faltima segunda-feira (23) o Edital de Convoca\u00e7\u00e3o, para o registro de chapa a concorrer na elei\u00e7\u00e3o para a Nova Diretoria Executiva da entidade.<\/p>\n\n\n\n<!--more-->\n\n\n\n<p>De acordo com o documento assinado pelo presidente Jos\u00e9 Adielton Carvalho de Matos, as inscri\u00e7\u00f5es das chapas dever\u00e3o acontecer entre os dias 24 e 30 de janeiro, das 08h \u00e0s 12h, na Sede do Sindicato, atendendo ao Artigo 53 do estatuto.<\/p>\n\n\n\n<p>A elei\u00e7\u00e3o est\u00e1 prevista para acontecer no dia 03 de mar\u00e7o do corrente ano.<\/p>\n\n\n\n<p><strong>Confira o documento na \u00edntegra:<\/strong><\/p>\n\n\n<div class=\"wp-block-image\">\n<figure class=\"aligncenter size-large\"><img fetchpriority=\"high\" decoding=\"async\" width=\"672\" height=\"1024\" src=\"https:\/\/www.portalalerta.com.br\/wp-content\/uploads\/2023\/01\/Convocacao-SINPROERP-2023-672x1024.jpg\" alt=\"\" class=\"wp-image-46982\" srcset=\"https:\/\/www.portalalerta.com.br\/wp-content\/uploads\/2023\/01\/Convocacao-SINPROERP-2023-672x1024.jpg 672w, https:\/\/www.portalalerta.com.br\/wp-content\/uploads\/2023\/01\/Convocacao-SINPROERP-2023-158x240.jpg 158w, https:\/\/www.portalalerta.com.br\/wp-content\/uploads\/2023\/01\/Convocacao-SINPROERP-2023-768x1170.jpg 768w, https:\/\/www.portalalerta.com.br\/wp-content\/uploads\/2023\/01\/Convocacao-SINPROERP-2023.jpg 840w\" sizes=\"(max-width: 672px) 100vw, 672px\" \/><\/figure><\/div>\n\n\n<p><em>Reda\u00e7\u00e3o: Portal Alerta<\/em><\/p>\n","protected":false},"excerpt":{"rendered":"<p>O Sindicato dos Profissionais de Educa\u00e7\u00e3o da Rede de Ensino do Munic\u00edpio de Ribeira do Pombal-BA (SINPROERP), tornou p\u00fablico na \u00faltima segunda-feira (23) o Edital de Convoca\u00e7\u00e3o, para o registro de chapa a concorrer na elei\u00e7\u00e3o para a Nova Diretoria Executiva da entidade.<\/p>\n","protected":false},"author":2,"featured_media":29019,"comment_status":"open","ping_status":"open","sticky":false,"template":"","format":"standard","meta":{"om_disable_all_campaigns":false,"_monsterinsights_skip_tracking":false,"_monsterinsights_sitenote_active":false,"_monsterinsights_sitenote_note":"","_monsterinsights_sitenote_category":0,"footnotes":""},"categories":[70,20,69,32,3],"tags":[100,71,48,4179,75,4178,4180,1808,129,107,4181,132,230,3828,106,203,120,51,109,88,47,715,1511,111,190],"class_list":["post-46981","post","type-post","status-publish","format-standard","has-post-thumbnail","hentry","category-destaques","category-educacao","category-noticias2","category-regiao","category-ribeira-do-pombal","tag-adustina","tag-antas","tag-araci","tag-banzae-2","tag-cicero-dantas","tag-cipo-2","tag-crisopolis-2","tag-eleicao","tag-euclides-da-cunha","tag-fatima","tag-heliopolis-2","tag-itapicuru","tag-jeremoabo","tag-noticias","tag-nova-soure","tag-novo-triunfo","tag-olindina","tag-paripiranga","tag-quijingue","tag-ribeira-do-amparo","tag-ribeira-do-pombal","tag-sindicato","tag-sinproerp","tag-sitio-do-quinto","tag-tucano"],"aioseo_notices":[],"_links":{"self":[{"href":"https:\/\/www.portalalerta.com.br\/index.php\/wp-json\/wp\/v2\/posts\/46981","targetHints":{"allow":["GET"]}}],"collection":[{"href":"https:\/\/www.portalalerta.com.br\/index.php\/wp-json\/wp\/v2\/posts"}],"about":[{"href":"https:\/\/www.portalalerta.com.br\/index.php\/wp-json\/wp\/v2\/types\/post"}],"author":[{"embeddable":true,"href":"https:\/\/www.portalalerta.com.br\/index.php\/wp-json\/wp\/v2\/users\/2"}],"replies":[{"embeddable":true,"href":"https:\/\/www.portalalerta.com.br\/index.php\/wp-json\/wp\/v2\/comments?post=46981"}],"version-history":[{"count":1,"href":"https:\/\/www.portalalerta.com.br\/index.php\/wp-json\/wp\/v2\/posts\/46981\/revisions"}],"predecessor-version":[{"id":46983,"href":"https:\/\/www.portalalerta.com.br\/index.php\/wp-json\/wp\/v2\/posts\/46981\/revisions\/46983"}],"wp:featuredmedia":[{"embeddable":true,"href":"https:\/\/www.portalalerta.com.br\/index.php\/wp-json\/wp\/v2\/media\/29019"}],"wp:attachment":[{"href":"https:\/\/www.portalalerta.com.br\/index.php\/wp-json\/wp\/v2\/media?parent=46981"}],"wp:term":[{"taxonomy":"category","embeddable":true,"href":"https:\/\/www.portalalerta.com.br\/index.php\/wp-json\/wp\/v2\/categories?post=46981"},{"taxonomy":"post_tag","embeddable":true,"href":"https:\/\/www.portalalerta.com.br\/index.php\/wp-json\/wp\/v2\/tags?post=46981"}],"curies":[{"name":"wp","href":"https:\/\/api.w.org\/{rel}","templated":true}]}}