{"id":46984,"date":"2023-01-24T11:08:14","date_gmt":"2023-01-24T14:08:14","guid":{"rendered":"https:\/\/www.portalalerta.com.br\/?p=46984"},"modified":"2023-01-24T11:08:15","modified_gmt":"2023-01-24T14:08:15","slug":"revelado-mandante-dos-assassinatos-de-bruno-e-dom-na-amazonia","status":"publish","type":"post","link":"https:\/\/www.portalalerta.com.br\/index.php\/2023\/01\/24\/revelado-mandante-dos-assassinatos-de-bruno-e-dom-na-amazonia\/","title":{"rendered":"Revelado mandante dos assassinatos de Bruno e Dom na Amaz\u00f4nia"},"content":{"rendered":"\n<p>Rubens Villar Coelho, o\u00a0&#8220;Col\u00f4mbia&#8221;, foi o mandante dos assassinatos do\u00a0indigenista Bruno Pereira e do jornalista brit\u00e2nico Dom Phillips, informou o superintendente da PF (Pol\u00edcia Federal) no Amazonas, Alexandre Fontes, nesta segunda-feira (23).<\/p>\n\n\n\n<!--more-->\n\n\n\n<p><strong><em>&#8220;N\u00e3o tenho d\u00favida que o mandante foi o Colombia. Temos provas que ele fornecia as muni\u00e7\u00f5es para o Jefferson e o Amarildo, as mesmas encontradas no caso. Ele pagou o advogado inicial de defesa do Amarildo&#8221;,<\/em><\/strong><em> <\/em>disse Fontes.<\/p>\n\n\n<div class=\"wp-block-image\">\n<figure class=\"alignleft size-large is-resized\"><img fetchpriority=\"high\" decoding=\"async\" src=\"https:\/\/www.portalalerta.com.br\/wp-content\/uploads\/2023\/01\/Real-Volta-as-Aulas-2023-816x1024.jpeg\" alt=\"\" class=\"wp-image-46862\" width=\"410\" height=\"515\"\/><\/figure><\/div>\n\n\n<p>Al\u00e9m disso, o superintendendo falou, segundo registro do portal g1, que novos nomes apareceram no caso, como o irm\u00e3o de Amarildo.<\/p>\n\n\n\n<p><strong><em>&#8220;Foi encaminhado um relat\u00f3rio \u00e0 Justi\u00e7a Federal com mais seis indiciamentos. T\u00ednhamos anteriormente 3 nomes. Identificamos o irm\u00e3o do Amarildo, ele forneceu a arma de fogo para o Amarildo. Ele vai responder por participe do homic\u00eddio.\u201d<\/em><\/strong><\/p>\n\n\n\n<p><strong>Quem \u00e9 Col\u00f4mbia?<\/strong><\/p>\n\n\n\n<ul class=\"wp-block-list\">\n<li>Em julho do ano passado, ele foi preso\u00a0por falsidade ideol\u00f3gica;<\/li>\n\n\n\n<li>Tr\u00eas meses depois, foi solto ap\u00f3s pagar fian\u00e7a de R$ 15 mil;<\/li>\n\n\n\n<li>Em dezembro, ele voltou a ser preso.<\/li>\n<\/ul>\n\n\n\n<p><strong>Denunciados pelos assassinatos<\/strong><\/p>\n\n\n\n<p>Conforme den\u00fancia do MPF (Minist\u00e9rio P\u00fablico Federal), os executores foram:<\/p>\n\n\n\n<ul class=\"wp-block-list\">\n<li><strong>Amarildo da Costa Oliveira<\/strong>, conhecido pelo \u201cPelado\u201d;<\/li>\n\n\n\n<li><strong>Oseney da Costa de Oliveira<\/strong>, conhecido como \u201cDos Dantos\u201d;<\/li>\n\n\n\n<li><strong>Jefferson da Silva Lima<\/strong>, conhecido como \u201cPelado da Dinha\u201d.<\/li>\n<\/ul>\n\n\n\n<p><strong>Audi\u00eancias<\/strong><\/p>\n\n\n\n<p>De acordo com registro do portal g1, a Justi\u00e7a Federal no Amazonas remarcou as primeiras audi\u00eancias do processo que apura os assassinatos de Bruno e Dom. As audi\u00eancias aconteceriam nos dias 23, 24 e 25 de janeiro, mas foram canceladas por problemas t\u00e9cnico e devem ocorrer nos dias 20, 21 e 22 de mar\u00e7o.<\/p>\n\n\n\n<p><strong>Relembre o caso<\/strong><\/p>\n\n\n\n<p>O crime aconteceu em junho do ano passado, no Vale do Javari, no Amazonas. O indigenista e o jornalista\u00a0foram mortos a tiros e<strong><a href=\"https:\/\/www.portalalerta.com.br\/index.php\/2022\/06\/20\/embarcacao-de-bruno-pereira-e-dom-phillips-e-encontrada-no-amazonas-diz-policia-civil\/\"> tiveram os corpos esquartejados, queimados e enterrados\u00a0durante uma expedi\u00e7\u00e3o no Vale do Javari<\/a><\/strong>, que \u00e9 palco de conflitos que t\u00eam se alastrado pela floresta: tr\u00e1fico de drogas, roubo de madeira e avan\u00e7o do garimpo.<\/p>\n\n\n\n<p><em>Fonte: Yahoo Not\u00edcias<\/em><\/p>\n","protected":false},"excerpt":{"rendered":"<p>Rubens Villar Coelho, o\u00a0&#8220;Col\u00f4mbia&#8221;, foi o mandante dos assassinatos do\u00a0indigenista Bruno Pereira e do jornalista brit\u00e2nico Dom Phillips, informou o superintendente da PF (Pol\u00edcia Federal) no Amazonas, Alexandre Fontes, nesta segunda-feira (23).<\/p>\n","protected":false},"author":2,"featured_media":43298,"comment_status":"open","ping_status":"open","sticky":false,"template":"","format":"standard","meta":{"om_disable_all_campaigns":false,"_monsterinsights_skip_tracking":false,"_monsterinsights_sitenote_active":false,"_monsterinsights_sitenote_note":"","_monsterinsights_sitenote_category":0,"footnotes":""},"categories":[34,70,69,22],"tags":[100,71,48,4179,93,5868,75,4178,4180,5478,129,107,4181,2074,132,230,5022,3828,106,203,120,51,173,109,88,47,397,111],"class_list":["post-46984","post","type-post","status-publish","format-standard","has-post-thumbnail","hentry","category-brasil","category-destaques","category-noticias2","category-seguranca","tag-adustina","tag-antas","tag-araci","tag-banzae-2","tag-brasil","tag-bruno-pereira","tag-cicero-dantas","tag-cipo-2","tag-crisopolis-2","tag-dom-phillips","tag-euclides-da-cunha","tag-fatima","tag-heliopolis-2","tag-homicidios","tag-itapicuru","tag-jeremoabo","tag-mandante","tag-noticias","tag-nova-soure","tag-novo-triunfo","tag-olindina","tag-paripiranga","tag-policia-federal","tag-quijingue","tag-ribeira-do-amparo","tag-ribeira-do-pombal","tag-seguranca","tag-sitio-do-quinto"],"aioseo_notices":[],"_links":{"self":[{"href":"https:\/\/www.portalalerta.com.br\/index.php\/wp-json\/wp\/v2\/posts\/46984","targetHints":{"allow":["GET"]}}],"collection":[{"href":"https:\/\/www.portalalerta.com.br\/index.php\/wp-json\/wp\/v2\/posts"}],"about":[{"href":"https:\/\/www.portalalerta.com.br\/index.php\/wp-json\/wp\/v2\/types\/post"}],"author":[{"embeddable":true,"href":"https:\/\/www.portalalerta.com.br\/index.php\/wp-json\/wp\/v2\/users\/2"}],"replies":[{"embeddable":true,"href":"https:\/\/www.portalalerta.com.br\/index.php\/wp-json\/wp\/v2\/comments?post=46984"}],"version-history":[{"count":1,"href":"https:\/\/www.portalalerta.com.br\/index.php\/wp-json\/wp\/v2\/posts\/46984\/revisions"}],"predecessor-version":[{"id":46985,"href":"https:\/\/www.portalalerta.com.br\/index.php\/wp-json\/wp\/v2\/posts\/46984\/revisions\/46985"}],"wp:featuredmedia":[{"embeddable":true,"href":"https:\/\/www.portalalerta.com.br\/index.php\/wp-json\/wp\/v2\/media\/43298"}],"wp:attachment":[{"href":"https:\/\/www.portalalerta.com.br\/index.php\/wp-json\/wp\/v2\/media?parent=46984"}],"wp:term":[{"taxonomy":"category","embeddable":true,"href":"https:\/\/www.portalalerta.com.br\/index.php\/wp-json\/wp\/v2\/categories?post=46984"},{"taxonomy":"post_tag","embeddable":true,"href":"https:\/\/www.portalalerta.com.br\/index.php\/wp-json\/wp\/v2\/tags?post=46984"}],"curies":[{"name":"wp","href":"https:\/\/api.w.org\/{rel}","templated":true}]}}