{"id":46989,"date":"2023-01-24T11:30:46","date_gmt":"2023-01-24T14:30:46","guid":{"rendered":"https:\/\/www.portalalerta.com.br\/?p=46989"},"modified":"2023-01-24T11:30:47","modified_gmt":"2023-01-24T14:30:47","slug":"lula-pede-desculpas-a-argentina-por-grosserias-de-bolsonaro-e-quer-relacao-de-paz","status":"publish","type":"post","link":"https:\/\/www.portalalerta.com.br\/index.php\/2023\/01\/24\/lula-pede-desculpas-a-argentina-por-grosserias-de-bolsonaro-e-quer-relacao-de-paz\/","title":{"rendered":"Lula pede desculpas \u00e0 Argentina por grosserias de Bolsonaro e quer &#8216;rela\u00e7\u00e3o de paz&#8217;"},"content":{"rendered":"\n<p>O presidente\u00a0Luiz In\u00e1cio Lula da Silva\u00a0(PT) prometeu nesta segunda-feira (23) que vai trabalhar para que, ao final do seu mandato, as rela\u00e7\u00f5es entre Brasil e Argentina sejam as melhores da Am\u00e9rica Latina.<\/p>\n\n\n\n<!--more-->\n\n\n\n<p>A declara\u00e7\u00e3o foi feita na Casa Rosada, sede do governo argentino, logo ap\u00f3s a assinatura de acordos de coopera\u00e7\u00e3o entre os dois pa\u00edses.<\/p>\n\n\n\n<p><strong><em>\u201cHoje \u00e9 a retomada de uma rela\u00e7\u00e3o que nunca deveria ter sido cortada. A minha presen\u00e7a \u00e9 para dizer ao meu amigo Alberto Fern\u00e1ndez que n\u00f3s vamos reconstruir aquela rela\u00e7\u00e3o de paz, aquela rela\u00e7\u00e3o produtiva e avan\u00e7ada de dois pa\u00edses que nasceram para crescer, se desenvolver e gerar melhores condi\u00e7\u00f5es de vida a seu povo\u201d,<\/em><\/strong><em> <\/em>afirmou<em>.<\/em><\/p>\n\n\n<div class=\"wp-block-image\">\n<figure class=\"alignleft size-full is-resized\"><img fetchpriority=\"high\" decoding=\"async\" src=\"https:\/\/www.portalalerta.com.br\/wp-content\/uploads\/2021\/04\/ELAB.jpg\" alt=\"\" class=\"wp-image-34795\" width=\"420\" height=\"335\" srcset=\"https:\/\/www.portalalerta.com.br\/wp-content\/uploads\/2021\/04\/ELAB.jpg 1000w, https:\/\/www.portalalerta.com.br\/wp-content\/uploads\/2021\/04\/ELAB-300x240.jpg 300w, https:\/\/www.portalalerta.com.br\/wp-content\/uploads\/2021\/04\/ELAB-768x614.jpg 768w, https:\/\/www.portalalerta.com.br\/wp-content\/uploads\/2021\/04\/ELAB-183x146.jpg 183w, https:\/\/www.portalalerta.com.br\/wp-content\/uploads\/2021\/04\/ELAB-50x40.jpg 50w, https:\/\/www.portalalerta.com.br\/wp-content\/uploads\/2021\/04\/ELAB-94x75.jpg 94w\" sizes=\"(max-width: 420px) 100vw, 420px\" \/><\/figure><\/div>\n\n\n<p>Lula tamb\u00e9m aproveitou para se desculpar pelas\u00a0declara\u00e7\u00f5es feitas por Jair Bolsonaro\u00a0(PL) durante a gest\u00e3o anterior.<\/p>\n\n\n\n<p><strong><em>\u201cPe\u00e7o desculpas pelo \u00faltimo presidente do Brasil, que trato como genocida por causa da pandemia, pelas ofensas que fez a Fern\u00e1ndez. Eu quero afirmar, amigo e presidente da Argentina, que o Brasil est\u00e1 outra vez de bra\u00e7os abertos para acolher os companheiros argentinos. No neg\u00f3cio, na cultura, no futebol e na manuten\u00e7\u00e3o da rela\u00e7\u00e3o de amizade que temos h\u00e1 tantos anos\u201d<\/em><\/strong>.<\/p>\n\n\n\n<p>Em discurso, Lula ainda lembrou:<\/p>\n\n\n\n<ul class=\"wp-block-list\">\n<li>Do gesto de carinho de Fern\u00e1ndez ao visit\u00e1-lo na \u00e9poca em que estava detido na Pol\u00edcia Federal;<\/li>\n\n\n\n<li>Da amplia\u00e7\u00e3o das rela\u00e7\u00f5es comerciais entre Brasil e Argentina durante os governos petistas;<\/li>\n\n\n\n<li>Da necessidade dos empres\u00e1rios de ambos os pa\u00edses valorizarem a rela\u00e7\u00e3o Brasil-Argentina;<\/li>\n\n\n\n<li>Da import\u00e2ncia de manter rela\u00e7\u00f5es n\u00e3o apenas pol\u00edticas, como culturais e cient\u00edfico tecnol\u00f3gicas.<\/li>\n<\/ul>\n\n\n\n<p><strong><em>\u201cHoje \u00e9 o come\u00e7o de uma grande hist\u00f3ria. A Argentina ser\u00e1 tratada com carinho e respeito que sempre mereceu. Nem o futebol nos dividir\u00e1 [&#8230;.] N\u00f3s seremos parceiros em todas as horas\u201d<\/em><\/strong>, afirmou.<\/p>\n\n\n\n<p><strong>Alberto Fern\u00e1ndez.&nbsp;<\/strong>O presidente argentino tamb\u00e9m discursou na cerim\u00f4nia. Ele elogiou o amigo petista, citando iniciativas de combate \u00e0 fome implementadas nos dois primeiros mandatos dele, e afirmou que Brasil e Argentina t\u00eam \u201cmuitos desafios parecidos\u201d.<\/p>\n\n\n\n<p><strong><em>\u201cEstamos dando origem a um v\u00ednculo muito mais profundo do que t\u00ednhamos e que vai durar pelas pr\u00f3ximas d\u00e9cadas. Todos conhecem o carinho e admira\u00e7\u00e3o profundos que tenho por Lula. Sinto que agora, com Argentina e Brasil completando 200 anos de rela\u00e7\u00f5es comerciais e fraternas, estamos come\u00e7ando uma nova etapa\u201d<\/em><\/strong><em>, <\/em>apontou<em>.<\/em><\/p>\n\n\n\n<p>Fern\u00e1ndez ainda citou que as na\u00e7\u00f5es v\u00e3o trabalhar para resolver os <strong><em>\u201cmesmos problemas de antes\u201d<\/em><\/strong>, j\u00e1 que <strong><em>\u201cpelo Brasil passou [Jair] Bolsonaro e pela Argentina passou [Mauricio] Macri\u201d<\/em><\/strong>, em clara cr\u00edtica a ambos os ex-presidentes.<\/p>\n\n\n\n<p>Tamb\u00e9m afirmou que, juntos, os mandat\u00e1rios ir\u00e3o:<\/p>\n\n\n\n<ul class=\"wp-block-list\">\n<li>Ajudar a consolidar a democracia e institui\u00e7\u00f5es;<\/li>\n\n\n\n<li>Impedir que qualquer \u201cfascista se aposse da soberania popular\u201d;<\/li>\n\n\n\n<li>Potencializar a import\u00e2ncia do Mercosul;<\/li>\n\n\n\n<li>Voltar a\u00a0discutir sobre a Sur, moeda comum de transa\u00e7\u00f5es comerciais;<\/li>\n\n\n\n<li>Conversar com todos os l\u00edderes do continente para fortalecer as rela\u00e7\u00f5es.<\/li>\n<\/ul>\n\n\n\n<p><strong><em>\u201cNossos povos querem bem-estar e justi\u00e7a e vamos continuar trabalhando nesse sentido\u201d,<\/em><\/strong> garantiu.<\/p>\n\n\n\n<p><strong>Objetivos<\/strong>. Esta \u00e9 a primeira viagem internacional de Lula desde que assumiu o novo mandato. O petista viajou para o pa\u00eds vizinho no domingo (22). No Twitter, ele afirmou que a viagem serve para retomar a parceria entre o Brasil e a Argentina.<\/p>\n\n\n\n<p>Boa noite, aqui de Buenos Aires. Amanh\u00e3 uma segunda de trabalho intenso de retomada da parceria entre Brasil e Argentina. Um dos principais mercados de produtos industriais brasileiros, terceiro maior parceiro comercial do Brasil. At\u00e9 amanh\u00e3!<\/p>\n\n\n\n<p>\u2014 Lula (@LulaOficial)&nbsp;<a href=\"https:\/\/twitter.com\/LulaOficial\/status\/1617344176059727872?ref_src=twsrc%5Etfw\" target=\"_blank\" rel=\"noreferrer noopener\">January 23, 2023<\/a><\/p>\n\n\n\n<p><strong>Agenda.<\/strong>&nbsp;Na manh\u00e3 de hoje, Lula participou de uma oferenda de flores na Plaza San Mart\u00edn. Depois, ao lado da esposa, Janja, se reuniu com Alberto Fern\u00e1ndez. O presidente brasileiro tamb\u00e9m deve se reunir com empres\u00e1rios e, \u00e0 noite, ir a um concerto musical no Centro Cultural Kirchner.<\/p>\n\n\n\n<p>Chegada \u00e0 Casa Rosada, presidente Lula \u00e9 recebido pelo companheiro&nbsp;<a href=\"https:\/\/twitter.com\/alferdezok?ref_src=twsrc%5Etfw\" target=\"_blank\" rel=\"noreferrer noopener\">@alferdezok<\/a>. Trabalharemos juntos para fortalecer os la\u00e7os entre Brasil e Argentina.<br><br>\ud83c\udfa5&nbsp;<a href=\"https:\/\/twitter.com\/ricardostuckert?ref_src=twsrc%5Etfw\" target=\"_blank\" rel=\"noreferrer noopener\">@ricardostuckert<\/a><br><br>Repost \u2022&nbsp;<a href=\"https:\/\/twitter.com\/LulaOficial?ref_src=twsrc%5Etfw\" target=\"_blank\" rel=\"noreferrer noopener\">@lulaoficial<\/a>&nbsp;<a href=\"https:\/\/t.co\/6kbUIMS1Ch\" target=\"_blank\" rel=\"noreferrer noopener\">pic.twitter.com\/6kbUIMS1Ch<\/a><\/p>\n\n\n\n<p>\u2014 Paulo Pimenta (@Pimenta13Br)&nbsp;<a href=\"https:\/\/twitter.com\/Pimenta13Br\/status\/1617541485041270785?ref_src=twsrc%5Etfw\" target=\"_blank\" rel=\"noreferrer noopener\">January 23, 2023<\/a><\/p>\n\n\n\n<p><strong>&#8216;Pa\u00eds irm\u00e3o&#8217;<\/strong><\/p>\n\n\n\n<p>Lula publicou nas redes sociais uma foto ao lado do amigo e presidente argentino. Na legenda, o petista afirmou que a Argentina \u00e9 um \u201cpa\u00eds irm\u00e3o do Brasil\u201d, e disse que v\u00e3o trabalhar juntos.<\/p>\n\n\n\n<p>Sendo recebido pelo amigo e presidente da Argentina. Um pa\u00eds irm\u00e3o do Brasil. Vamos trabalhar juntos. \ud83c\udde7\ud83c\uddf7\ud83c\udde6\ud83c\uddf7<br><br>\ud83d\udcf8:\u00a0<a rel=\"noreferrer noopener\" href=\"https:\/\/twitter.com\/ricardostuckert?ref_src=twsrc%5Etfw\" target=\"_blank\">@ricardostuckert<\/a>\u00a0<a rel=\"noreferrer noopener\" href=\"https:\/\/t.co\/Fw4qyhZ68j\" target=\"_blank\">pic.twitter.com\/Fw4qyhZ68j<\/a><\/p>\n\n\n\n<p>\u2014 Lula (@LulaOficial)&nbsp;<a href=\"https:\/\/twitter.com\/LulaOficial\/status\/1617532840673181697?ref_src=twsrc%5Etfw\" target=\"_blank\" rel=\"noreferrer noopener\">January 23, 2023<\/a><\/p>\n\n\n\n<p><strong>Encontro com Maduro<\/strong><\/p>\n\n\n\n<p>Lula\u00a0n\u00e3o se reunir\u00e1 mais com o presidente da Venezuela, Nicol\u00e1s Maduro, na Argentina. Segundo assessores do presidente, o cancelamento do encontro foi decidido pelo governo venezuelano. O motivo n\u00e3o foi informado.<\/p>\n\n\n\n<p>Os dois est\u00e3o em Buenos Aires para a reuni\u00e3o de c\u00fapula da Celac (Comunidade de Estados Latino-Americanos e Caribenhos), marcada para acontecer na ter\u00e7a-feira (24).<\/p>\n\n\n\n<p><em>Fonte: Yahoo Not\u00edcias<\/em><\/p>\n","protected":false},"excerpt":{"rendered":"<p>O presidente\u00a0Luiz In\u00e1cio Lula da Silva\u00a0(PT) prometeu nesta segunda-feira (23) que vai trabalhar para que, ao final do seu mandato, as rela\u00e7\u00f5es entre Brasil e Argentina sejam as melhores da Am\u00e9rica Latina.<\/p>\n","protected":false},"author":2,"featured_media":46990,"comment_status":"open","ping_status":"open","sticky":false,"template":"","format":"standard","meta":{"om_disable_all_campaigns":false,"_monsterinsights_skip_tracking":false,"_monsterinsights_sitenote_active":false,"_monsterinsights_sitenote_note":"","_monsterinsights_sitenote_category":0,"footnotes":""},"categories":[34,70,35,69,21],"tags":[100,4365,71,48,297,4179,93,75,4178,4180,129,107,4181,132,230,303,339,3828,106,203,120,51,109,88,47,111,190],"class_list":["post-46989","post","type-post","status-publish","format-standard","has-post-thumbnail","hentry","category-brasil","category-destaques","category-mundo","category-noticias2","category-politica","tag-adustina","tag-alberto-fernandez","tag-antas","tag-araci","tag-argentina","tag-banzae-2","tag-brasil","tag-cicero-dantas","tag-cipo-2","tag-crisopolis-2","tag-euclides-da-cunha","tag-fatima","tag-heliopolis-2","tag-itapicuru","tag-jeremoabo","tag-lula","tag-mundo","tag-noticias","tag-nova-soure","tag-novo-triunfo","tag-olindina","tag-paripiranga","tag-quijingue","tag-ribeira-do-amparo","tag-ribeira-do-pombal","tag-sitio-do-quinto","tag-tucano"],"aioseo_notices":[],"_links":{"self":[{"href":"https:\/\/www.portalalerta.com.br\/index.php\/wp-json\/wp\/v2\/posts\/46989","targetHints":{"allow":["GET"]}}],"collection":[{"href":"https:\/\/www.portalalerta.com.br\/index.php\/wp-json\/wp\/v2\/posts"}],"about":[{"href":"https:\/\/www.portalalerta.com.br\/index.php\/wp-json\/wp\/v2\/types\/post"}],"author":[{"embeddable":true,"href":"https:\/\/www.portalalerta.com.br\/index.php\/wp-json\/wp\/v2\/users\/2"}],"replies":[{"embeddable":true,"href":"https:\/\/www.portalalerta.com.br\/index.php\/wp-json\/wp\/v2\/comments?post=46989"}],"version-history":[{"count":1,"href":"https:\/\/www.portalalerta.com.br\/index.php\/wp-json\/wp\/v2\/posts\/46989\/revisions"}],"predecessor-version":[{"id":46991,"href":"https:\/\/www.portalalerta.com.br\/index.php\/wp-json\/wp\/v2\/posts\/46989\/revisions\/46991"}],"wp:featuredmedia":[{"embeddable":true,"href":"https:\/\/www.portalalerta.com.br\/index.php\/wp-json\/wp\/v2\/media\/46990"}],"wp:attachment":[{"href":"https:\/\/www.portalalerta.com.br\/index.php\/wp-json\/wp\/v2\/media?parent=46989"}],"wp:term":[{"taxonomy":"category","embeddable":true,"href":"https:\/\/www.portalalerta.com.br\/index.php\/wp-json\/wp\/v2\/categories?post=46989"},{"taxonomy":"post_tag","embeddable":true,"href":"https:\/\/www.portalalerta.com.br\/index.php\/wp-json\/wp\/v2\/tags?post=46989"}],"curies":[{"name":"wp","href":"https:\/\/api.w.org\/{rel}","templated":true}]}}