{"id":46992,"date":"2023-01-24T15:14:03","date_gmt":"2023-01-24T18:14:03","guid":{"rendered":"https:\/\/www.portalalerta.com.br\/?p=46992"},"modified":"2023-01-24T15:14:04","modified_gmt":"2023-01-24T18:14:04","slug":"pf-cumpre-busca-e-apreensao-em-casa-de-bolsonarista-que-destruiu-relogio","status":"publish","type":"post","link":"https:\/\/www.portalalerta.com.br\/index.php\/2023\/01\/24\/pf-cumpre-busca-e-apreensao-em-casa-de-bolsonarista-que-destruiu-relogio\/","title":{"rendered":"PF cumpre busca e apreens\u00e3o em casa de bolsonarista que destruiu rel\u00f3gio"},"content":{"rendered":"\n<p>Agentes apreenderam um celular, um ve\u00edculo e uma caderneta contendo anota\u00e7\u00f5es<\/p>\n\n\n\n<!--more-->\n\n\n\n<p>A PF (Pol\u00edcia Federal) cumpriu nesta ter\u00e7a-feira (24) mandado de busca e apreens\u00e3o na resid\u00eancia de\u00a0Ant\u00f4nio Cl\u00e1udio Alves Ferreira, de 30 anos, em Catal\u00e3o, no sudeste de Goi\u00e1s. Ele foi filmado por c\u00e2mera de seguran\u00e7a destruindo o\u00a0rel\u00f3gio trazido ao Brasil em 1808, por Dom Jo\u00e3o VI, nos atos terroristas em Bras\u00edlia, no dia 8 de janeiro.<\/p>\n\n\n\n<p>Segundo informa\u00e7\u00f5es do portal g1, os agentes apreenderam um celular, um ve\u00edculo e uma caderneta contendo anota\u00e7\u00f5es.<\/p>\n\n\n\n<p>Ant\u00f4nio foi preso pela PF na segunda (23), em Uberl\u00e2ndia, em Minas Gerais. As investiga\u00e7\u00f5es da PF t\u00eam como objetivo identificar as pessoas que participaram, financiaram ou fomentaram os atos terroristas.<\/p>\n\n\n\n<p><strong>Quem \u00e9 o v\u00e2ndalo que destruiu o rel\u00f3gio de Dom Jo\u00e3o VI<\/strong><\/p>\n\n\n<div class=\"wp-block-image\">\n<figure class=\"alignleft size-large is-resized\"><img fetchpriority=\"high\" decoding=\"async\" src=\"https:\/\/www.portalalerta.com.br\/wp-content\/uploads\/2023\/01\/Real-Volta-as-Aulas-2023-816x1024.jpeg\" alt=\"\" class=\"wp-image-46862\" width=\"384\" height=\"482\"\/><\/figure><\/div>\n\n\n<ul class=\"wp-block-list\">\n<li>Ele participou dos atos terroristas do dia 8 de janeiro;<\/li>\n\n\n\n<li>Ele vestia uma camiseta preta estampada com o rosto do ex-presidente Jair Bolsonaro (PL);<\/li>\n\n\n\n<li>Ele tem passagens pela pol\u00edcia, mas os processos foram arquivados;<\/li>\n\n\n\n<li>Segundo o portal g1, ele trabalhou em duas oficinas de carro em Catal\u00e3o;<\/li>\n\n\n\n<li>Ele saiu da oficina durante a pandemia de covid-19;<\/li>\n\n\n\n<li>Nos \u00faltimos meses de trabalho, conversava com colegas para atacar a democracia.<\/li>\n<\/ul>\n\n\n\n<p><strong>O rel\u00f3gio<\/strong><\/p>\n\n\n\n<ul class=\"wp-block-list\">\n<li>Feito pelo relojoeiro franc\u00eas Balthazar Martinot, \u00e9 considerado raro;<\/li>\n\n\n\n<li>Ele foi trazido ao Brasil em 1808, por Dom Jo\u00e3o VI;<\/li>\n\n\n\n<li>Existem apenas dois rel\u00f3gios de Martinot, incluindo o que estava no Planalto;<\/li>\n\n\n\n<li>O outro est\u00e1 exposto no Pal\u00e1cio de Versalhes, na Fran\u00e7a.<\/li>\n<\/ul>\n\n\n\n<p><strong>Infiltrado do MST?<\/strong><\/p>\n\n\n\n<p>Nas redes sociais, usu\u00e1rios seguem espalhando boatos sobre a suposta presen\u00e7a de\u00a0infiltrados\u00a0da esquerda e de movimentos como o MST nos\u00a0ataques terroristas\u00a0do \u00faltimo dia 8 de janeiro de 2023, em Bras\u00edlia.<\/p>\n\n\n\n<p>Em seu&nbsp;<a href=\"https:\/\/mst.org.br\/2023\/01\/18\/alerta-para-nova-fake-news-bolsonarista-contra-jovem-do-mst-no-pr\/\" target=\"_blank\" rel=\"noreferrer noopener\">site<\/a>, o&nbsp;<a href=\"https:\/\/br.yahoo.com\/noticias\/homem-que-destruiu-relogio-de-dom-joao-vi-nao-era-infiltrado-do-mst-070041570.html\">MST alertou para a circula\u00e7\u00e3o do boato<\/a>:<\/p>\n\n\n\n<p><strong><em>&#8220;A fake news \u00e9 uma montagem grosseira, que mostra, mais uma vez, a utiliza\u00e7\u00e3o da mentira como uma das principais armas da extrema-direita brasileira. Neste caso, a tentativa \u00e9 de ofuscar a gravidade dos crimes absurdos de invas\u00e3o e depreda\u00e7\u00e3o do Pal\u00e1cio da Rep\u00fablica, da sede do Supremo Tribunal Federal e do Congresso Nacional.&#8221;<\/em><\/strong><\/p>\n\n\n\n<p><em>Fonte: Yahoo Not\u00edcias<\/em><\/p>\n","protected":false},"excerpt":{"rendered":"<p>Agentes apreenderam um celular, um ve\u00edculo e uma caderneta contendo anota\u00e7\u00f5es<\/p>\n","protected":false},"author":2,"featured_media":46993,"comment_status":"open","ping_status":"open","sticky":false,"template":"","format":"standard","meta":{"om_disable_all_campaigns":false,"_monsterinsights_skip_tracking":false,"_monsterinsights_sitenote_active":false,"_monsterinsights_sitenote_note":"","_monsterinsights_sitenote_category":0,"footnotes":""},"categories":[34,70,69,21,22],"tags":[100,71,48,4179,93,786,75,4178,4180,129,107,267,4181,132,230,475,3828,106,203,120,51,173,109,88,47,111,2610,190],"class_list":["post-46992","post","type-post","status-publish","format-standard","has-post-thumbnail","hentry","category-brasil","category-destaques","category-noticias2","category-politica","category-seguranca","tag-adustina","tag-antas","tag-araci","tag-banzae-2","tag-brasil","tag-brasilia","tag-cicero-dantas","tag-cipo-2","tag-crisopolis-2","tag-euclides-da-cunha","tag-fatima","tag-goias","tag-heliopolis-2","tag-itapicuru","tag-jeremoabo","tag-manifestacao","tag-noticias","tag-nova-soure","tag-novo-triunfo","tag-olindina","tag-paripiranga","tag-policia-federal","tag-quijingue","tag-ribeira-do-amparo","tag-ribeira-do-pombal","tag-sitio-do-quinto","tag-terrorismo","tag-tucano"],"aioseo_notices":[],"_links":{"self":[{"href":"https:\/\/www.portalalerta.com.br\/index.php\/wp-json\/wp\/v2\/posts\/46992","targetHints":{"allow":["GET"]}}],"collection":[{"href":"https:\/\/www.portalalerta.com.br\/index.php\/wp-json\/wp\/v2\/posts"}],"about":[{"href":"https:\/\/www.portalalerta.com.br\/index.php\/wp-json\/wp\/v2\/types\/post"}],"author":[{"embeddable":true,"href":"https:\/\/www.portalalerta.com.br\/index.php\/wp-json\/wp\/v2\/users\/2"}],"replies":[{"embeddable":true,"href":"https:\/\/www.portalalerta.com.br\/index.php\/wp-json\/wp\/v2\/comments?post=46992"}],"version-history":[{"count":1,"href":"https:\/\/www.portalalerta.com.br\/index.php\/wp-json\/wp\/v2\/posts\/46992\/revisions"}],"predecessor-version":[{"id":46994,"href":"https:\/\/www.portalalerta.com.br\/index.php\/wp-json\/wp\/v2\/posts\/46992\/revisions\/46994"}],"wp:featuredmedia":[{"embeddable":true,"href":"https:\/\/www.portalalerta.com.br\/index.php\/wp-json\/wp\/v2\/media\/46993"}],"wp:attachment":[{"href":"https:\/\/www.portalalerta.com.br\/index.php\/wp-json\/wp\/v2\/media?parent=46992"}],"wp:term":[{"taxonomy":"category","embeddable":true,"href":"https:\/\/www.portalalerta.com.br\/index.php\/wp-json\/wp\/v2\/categories?post=46992"},{"taxonomy":"post_tag","embeddable":true,"href":"https:\/\/www.portalalerta.com.br\/index.php\/wp-json\/wp\/v2\/tags?post=46992"}],"curies":[{"name":"wp","href":"https:\/\/api.w.org\/{rel}","templated":true}]}}