{"id":47054,"date":"2023-01-27T11:16:24","date_gmt":"2023-01-27T14:16:24","guid":{"rendered":"https:\/\/www.portalalerta.com.br\/?p=47054"},"modified":"2023-01-27T11:16:25","modified_gmt":"2023-01-27T14:16:25","slug":"oms-afirma-que-colera-esta-mais-preocupante-que-covid-19-na-africa","status":"publish","type":"post","link":"https:\/\/www.portalalerta.com.br\/index.php\/2023\/01\/27\/oms-afirma-que-colera-esta-mais-preocupante-que-covid-19-na-africa\/","title":{"rendered":"OMS afirma que c\u00f3lera est\u00e1 mais preocupante que covid-19 na \u00c1frica"},"content":{"rendered":"\n<p>Em Misau, h\u00e1 um cumulativo de 1.376 casos de c\u00f3lera e 16 \u00f3bitos; Malawi soma mais de mil mortes pela doen\u00e7a<\/p>\n\n\n\n<!--more-->\n\n\n\n<p>A Organiza\u00e7\u00e3o Mundial da Sa\u00fade (OMS), afirmou, nesta quinta-feira (26), que a principal preocupa\u00e7\u00e3o atual da \u00c1frica j\u00e1 n\u00e3o \u00e9 a pandemia de covid-19, mas sim um surto de c\u00f3lera que se espalhou por 10 pa\u00edses do continente.<\/p>\n\n\n\n<p>A diretora regional para \u00c1frica da OMS, Matshidiso Moeti, disse que a situa\u00e7\u00e3o coloca <strong><em>&#8220;uma enorme press\u00e3o nas vacinas&#8221;<\/em><\/strong>, que s\u00e3o limitadas. A declara\u00e7\u00e3o foi dada durante uma confer\u00eancia de imprensa virtual a partir de Brazzaville. Moeti tamb\u00e9m defendeu a inclus\u00e3o de imunizantes contra a covid no plano de vacina\u00e7\u00e3o normal dos pa\u00edses africanos.<\/p>\n\n\n\n<p>Nas primeiras tr\u00eas semanas de janeiro, foram 20.552 registros de covid-19. O n\u00famero representa uma queda de 97%, diante do contabilizado no mesmo per\u00edodo do ano passado, apesar de haver uma alta dos n\u00fameros na \u00c1frica do Sul, Tun\u00edsia e Z\u00e2mbia, salientou Moeti. Ela admite que apesar de os n\u00fameros poderem ser maiores devido \u00e0s baixas taxas de teste, o importante \u00e9 que o n\u00famero de hospitaliza\u00e7\u00f5es e o n\u00famero de mortes diminuiu para 88, diante das 9.096 registradas nas tr\u00eas primeiras semanas de 2022.<\/p>\n\n\n\n<p>Em rela\u00e7\u00e3o \u00e0 c\u00f3lera, Domingos Guiole, do departamento de vigil\u00e2ncia em sa\u00fade p\u00fablica no Misau, afirmou que h\u00e1 um cumulativo de 1.376 casos de c\u00f3lera e 16 \u00f3bitos, que correspondem a uma taxa de letalidade de 1,2%. No Malawi, a doen\u00e7a j\u00e1 matou mais de mil pessoas, de acordo com o governo.<\/p>\n\n\n\n<p><em>Fonte: Metro1<\/em><\/p>\n","protected":false},"excerpt":{"rendered":"<p>Em Misau, h\u00e1 um cumulativo de 1.376 casos de c\u00f3lera e 16 \u00f3bitos; Malawi soma mais de mil mortes pela doen\u00e7a<\/p>\n","protected":false},"author":2,"featured_media":47055,"comment_status":"open","ping_status":"open","sticky":false,"template":"","format":"standard","meta":{"om_disable_all_campaigns":false,"_monsterinsights_skip_tracking":false,"_monsterinsights_sitenote_active":false,"_monsterinsights_sitenote_note":"","_monsterinsights_sitenote_category":0,"footnotes":""},"categories":[70,35,69,19],"tags":[100,394,71,48,4179,75,4178,5880,3486,4180,129,107,4181,132,230,339,3828,106,203,120,2954,51,109,88,47,61,111],"class_list":["post-47054","post","type-post","status-publish","format-standard","has-post-thumbnail","hentry","category-destaques","category-mundo","category-noticias2","category-saude","tag-adustina","tag-africa","tag-antas","tag-araci","tag-banzae-2","tag-cicero-dantas","tag-cipo-2","tag-colera","tag-covid-19","tag-crisopolis-2","tag-euclides-da-cunha","tag-fatima","tag-heliopolis-2","tag-itapicuru","tag-jeremoabo","tag-mundo","tag-noticias","tag-nova-soure","tag-novo-triunfo","tag-olindina","tag-oms","tag-paripiranga","tag-quijingue","tag-ribeira-do-amparo","tag-ribeira-do-pombal","tag-saude","tag-sitio-do-quinto"],"aioseo_notices":[],"_links":{"self":[{"href":"https:\/\/www.portalalerta.com.br\/index.php\/wp-json\/wp\/v2\/posts\/47054","targetHints":{"allow":["GET"]}}],"collection":[{"href":"https:\/\/www.portalalerta.com.br\/index.php\/wp-json\/wp\/v2\/posts"}],"about":[{"href":"https:\/\/www.portalalerta.com.br\/index.php\/wp-json\/wp\/v2\/types\/post"}],"author":[{"embeddable":true,"href":"https:\/\/www.portalalerta.com.br\/index.php\/wp-json\/wp\/v2\/users\/2"}],"replies":[{"embeddable":true,"href":"https:\/\/www.portalalerta.com.br\/index.php\/wp-json\/wp\/v2\/comments?post=47054"}],"version-history":[{"count":1,"href":"https:\/\/www.portalalerta.com.br\/index.php\/wp-json\/wp\/v2\/posts\/47054\/revisions"}],"predecessor-version":[{"id":47056,"href":"https:\/\/www.portalalerta.com.br\/index.php\/wp-json\/wp\/v2\/posts\/47054\/revisions\/47056"}],"wp:featuredmedia":[{"embeddable":true,"href":"https:\/\/www.portalalerta.com.br\/index.php\/wp-json\/wp\/v2\/media\/47055"}],"wp:attachment":[{"href":"https:\/\/www.portalalerta.com.br\/index.php\/wp-json\/wp\/v2\/media?parent=47054"}],"wp:term":[{"taxonomy":"category","embeddable":true,"href":"https:\/\/www.portalalerta.com.br\/index.php\/wp-json\/wp\/v2\/categories?post=47054"},{"taxonomy":"post_tag","embeddable":true,"href":"https:\/\/www.portalalerta.com.br\/index.php\/wp-json\/wp\/v2\/tags?post=47054"}],"curies":[{"name":"wp","href":"https:\/\/api.w.org\/{rel}","templated":true}]}}