{"id":47059,"date":"2023-01-27T11:20:12","date_gmt":"2023-01-27T14:20:12","guid":{"rendered":"https:\/\/www.portalalerta.com.br\/?p=47059"},"modified":"2023-01-27T11:20:13","modified_gmt":"2023-01-27T14:20:13","slug":"advogado-e-investigado-por-uso-de-documentos-falsos-em-ao-menos-217-processos-judiciais-na-bahia","status":"publish","type":"post","link":"https:\/\/www.portalalerta.com.br\/index.php\/2023\/01\/27\/advogado-e-investigado-por-uso-de-documentos-falsos-em-ao-menos-217-processos-judiciais-na-bahia\/","title":{"rendered":"Advogado \u00e9 investigado por uso de documentos falsos em ao menos 217 processos judiciais na Bahia"},"content":{"rendered":"\n<p>O Minist\u00e9rio P\u00fablico da Bahia (MP-BA) deflagrou, nesta quarta-feira (25), uma opera\u00e7\u00e3o para investigar um advogado suspeito de um esquema criminoso que envolve falsifica\u00e7\u00e3o e uso de documento falso. Segundo o \u00f3rg\u00e3o, o homem&nbsp;teria agido em, pelo menos, 217 processos judiciais.<\/p>\n\n\n\n<!--more-->\n\n\n\n<p>Na a\u00e7\u00e3o, batizada de \u201cOpera\u00e7\u00e3o Fatura\u201d, foi cumprido um mandado de busca e apreens\u00e3o expedido pela 2\u00aa Vara Criminal Especializada da Comarca de Salvador.<\/p>\n\n\n<div class=\"wp-block-image\">\n<figure class=\"alignleft size-full is-resized\"><img fetchpriority=\"high\" decoding=\"async\" src=\"https:\/\/www.portalalerta.com.br\/wp-content\/uploads\/2023\/01\/auto-escola-Feliz-Ano-Novo-2022.jpeg\" alt=\"\" class=\"wp-image-46694\" width=\"418\" height=\"418\" srcset=\"https:\/\/www.portalalerta.com.br\/wp-content\/uploads\/2023\/01\/auto-escola-Feliz-Ano-Novo-2022.jpeg 875w, https:\/\/www.portalalerta.com.br\/wp-content\/uploads\/2023\/01\/auto-escola-Feliz-Ano-Novo-2022-240x240.jpeg 240w, https:\/\/www.portalalerta.com.br\/wp-content\/uploads\/2023\/01\/auto-escola-Feliz-Ano-Novo-2022-768x768.jpeg 768w\" sizes=\"(max-width: 418px) 100vw, 418px\" \/><\/figure><\/div>\n\n\n<p>Conforme as investiga\u00e7\u00f5es do MP, o advogado falsificava a pr\u00f3pria fatura de consumo de servi\u00e7o de televis\u00e3o a cabo para utiliz\u00e1-la em processos judiciais. At\u00e9 o momento, foi apurado que, desde 2018, 217 a\u00e7\u00f5es judiciais foram propostas com a utiliza\u00e7\u00e3o de documentos falsos, sendo que 36 foram contra uma \u00fanica empresa de telefonia.<\/p>\n\n\n\n<p>Atrav\u00e9s de decis\u00f5es judiciais ou expedi\u00e7\u00e3o de alvar\u00e1s, o integrante da Ordem dos Advogados&nbsp;sec\u00e7\u00e3o Bahia (OAB-BA), teria chegado a receber&nbsp;R$ 304.846,96, dos quais R$ 58.264,84 referentes a&nbsp;a\u00e7\u00f5es que envolvem a mesma empresa de telefonia. H\u00e1 ainda ind\u00edcios de que algumas a\u00e7\u00f5es foram ajuizadas sem o conhecimento dos supostos benefici\u00e1rios<\/p>\n\n\n\n<p>A opera\u00e7\u00e3o \u00e9 realizada com o&nbsp;Grupo de Atua\u00e7\u00e3o Especial de Combate \u00e0s Organiza\u00e7\u00f5es Criminosas (Gaeco) e a 19\u00aa Promotoria de Justi\u00e7a Criminal de Salvador (1\u00ba promotor de Justi\u00e7a), em conjunto com a Pol\u00edcia Civil, por meio da Delegacia de Repress\u00e3o ao Estelionato e Outras Fraudes (Dreof).<\/p>\n\n\n\n<p><em>Fonte: R\u00e1dio Povo<\/em><\/p>\n","protected":false},"excerpt":{"rendered":"<p>O Minist\u00e9rio P\u00fablico da Bahia (MP-BA) deflagrou, nesta quarta-feira (25), uma opera\u00e7\u00e3o para investigar um advogado suspeito de um esquema criminoso que envolve falsifica\u00e7\u00e3o e uso de documento falso. Segundo o \u00f3rg\u00e3o, o homem&nbsp;teria agido em, pelo menos, 217 processos judiciais.<\/p>\n","protected":false},"author":2,"featured_media":47060,"comment_status":"open","ping_status":"open","sticky":false,"template":"","format":"standard","meta":{"om_disable_all_campaigns":false,"_monsterinsights_skip_tracking":false,"_monsterinsights_sitenote_active":false,"_monsterinsights_sitenote_note":"","_monsterinsights_sitenote_category":0,"footnotes":""},"categories":[33,70,69],"tags":[100,490,71,48,54,4179,75,4178,4180,129,107,4181,132,230,352,3828,106,203,120,51,109,88,47,111,190],"class_list":["post-47059","post","type-post","status-publish","format-standard","has-post-thumbnail","hentry","category-bahia","category-destaques","category-noticias2","tag-adustina","tag-advogado","tag-antas","tag-araci","tag-bahia","tag-banzae-2","tag-cicero-dantas","tag-cipo-2","tag-crisopolis-2","tag-euclides-da-cunha","tag-fatima","tag-heliopolis-2","tag-itapicuru","tag-jeremoabo","tag-ministerio-publico","tag-noticias","tag-nova-soure","tag-novo-triunfo","tag-olindina","tag-paripiranga","tag-quijingue","tag-ribeira-do-amparo","tag-ribeira-do-pombal","tag-sitio-do-quinto","tag-tucano"],"aioseo_notices":[],"_links":{"self":[{"href":"https:\/\/www.portalalerta.com.br\/index.php\/wp-json\/wp\/v2\/posts\/47059","targetHints":{"allow":["GET"]}}],"collection":[{"href":"https:\/\/www.portalalerta.com.br\/index.php\/wp-json\/wp\/v2\/posts"}],"about":[{"href":"https:\/\/www.portalalerta.com.br\/index.php\/wp-json\/wp\/v2\/types\/post"}],"author":[{"embeddable":true,"href":"https:\/\/www.portalalerta.com.br\/index.php\/wp-json\/wp\/v2\/users\/2"}],"replies":[{"embeddable":true,"href":"https:\/\/www.portalalerta.com.br\/index.php\/wp-json\/wp\/v2\/comments?post=47059"}],"version-history":[{"count":1,"href":"https:\/\/www.portalalerta.com.br\/index.php\/wp-json\/wp\/v2\/posts\/47059\/revisions"}],"predecessor-version":[{"id":47061,"href":"https:\/\/www.portalalerta.com.br\/index.php\/wp-json\/wp\/v2\/posts\/47059\/revisions\/47061"}],"wp:featuredmedia":[{"embeddable":true,"href":"https:\/\/www.portalalerta.com.br\/index.php\/wp-json\/wp\/v2\/media\/47060"}],"wp:attachment":[{"href":"https:\/\/www.portalalerta.com.br\/index.php\/wp-json\/wp\/v2\/media?parent=47059"}],"wp:term":[{"taxonomy":"category","embeddable":true,"href":"https:\/\/www.portalalerta.com.br\/index.php\/wp-json\/wp\/v2\/categories?post=47059"},{"taxonomy":"post_tag","embeddable":true,"href":"https:\/\/www.portalalerta.com.br\/index.php\/wp-json\/wp\/v2\/tags?post=47059"}],"curies":[{"name":"wp","href":"https:\/\/api.w.org\/{rel}","templated":true}]}}