{"id":47068,"date":"2023-01-30T18:35:58","date_gmt":"2023-01-30T21:35:58","guid":{"rendered":"https:\/\/www.portalalerta.com.br\/?p=47068"},"modified":"2023-01-30T18:36:00","modified_gmt":"2023-01-30T21:36:00","slug":"bolsonaro-pede-visto-para-ficar-mais-seis-meses-nos-estados-unidos","status":"publish","type":"post","link":"https:\/\/www.portalalerta.com.br\/index.php\/2023\/01\/30\/bolsonaro-pede-visto-para-ficar-mais-seis-meses-nos-estados-unidos\/","title":{"rendered":"Bolsonaro pede visto para ficar mais seis meses nos Estados Unidos"},"content":{"rendered":"\n<p>Informa\u00e7\u00e3o foi dada por um advogado do ex-presidente ao jornal Financial Times<\/p>\n\n\n\n<!--more-->\n\n\n\n<p>Um dos representantes do ex-presidente Jair Bolsonaro (PL), o advogado Felipe Alexandre, disse ao jornal brit\u00e2nico Financial Times, que o ex-chefe do Executivo brasileiro deu entrada em um pedido para um visto de turismo que o permita permanecer nos Estados Unidos por mais seis meses. Segundo ele, a requisi\u00e7\u00e3o foi feita na sexta-feira, 27.<\/p>\n\n\n<div class=\"wp-block-image\">\n<figure class=\"alignleft size-large is-resized\"><img fetchpriority=\"high\" decoding=\"async\" src=\"https:\/\/www.portalalerta.com.br\/wp-content\/uploads\/2023\/01\/Real-Volta-as-Aulas-2023-816x1024.jpeg\" alt=\"\" class=\"wp-image-46862\" width=\"404\" height=\"507\"\/><\/figure><\/div>\n\n\n<p>Felipe Alexandre destacou ainda que ele mesmo tem aconselhado Bolsonaro a permanecer nos Estados Unidos enquanto espera pela an\u00e1lise do seu pedido de aumento no prazo do visto. <strong><em>\u201cEu acho que a Fl\u00f3rida ser\u00e1 sua casa tempor\u00e1ria fora de casa\u201d, disse o advogado ao jornal brit\u00e2nico. \u201cAgora, com essa situa\u00e7\u00e3o, acho que ele precisa de um pouco de estabilidade\u201d<\/em><\/strong>.<\/p>\n\n\n\n<p>Inicialmente, o ex-presidente deixou o Brasil no dia 30 de dezembro, dois dias antes do final do seu mandato e a previs\u00e3o era de que ficasse nos Estados Unidos at\u00e9 o dia 31 de janeiro. Desde que chegou em Orlando, na Fl\u00f3rida, ele est\u00e1 hospedado na casa do ex-lutador de MMA Jos\u00e9 Aldo, em um condom\u00ednio de luxo.<\/p>\n\n\n\n<p>De acordo com o jornal Folha de S. Paulo, contudo, Bolsonaro h\u00e1 semana j\u00e1 estudava uma forma de permanecer longe de territ\u00f3rio brasileiro temendo um cerco judicial no pa\u00eds contra ele, sobretudo ap\u00f3s os atos antidemocr\u00e1ticos ocorridos em Bras\u00edlia no dia 8 de janeiro por bolsonaristas radicais, que depredaram a sede dos Tr\u00eas Poderes.<\/p>\n\n\n\n<p>Ainda segundo a Folha, um grupo de empres\u00e1rios bolsonaristas se disp\u00f4s a custear as despesas do ex-presidente enquanto ele estiver fora do pa\u00eds.<\/p>\n\n\n\n<p>A sua esposa, a ex-primeira-dama Michelle Bolsonaro deixou a companhia do marido nos Estados Unidos e desembarcou no aeroporto de Bras\u00edlia na quinta-feira, 26.<\/p>\n\n\n\n<p><em>Fonte: A Tarde<\/em><\/p>\n","protected":false},"excerpt":{"rendered":"<p>Informa\u00e7\u00e3o foi dada por um advogado do ex-presidente ao jornal Financial Times<\/p>\n","protected":false},"author":2,"featured_media":31367,"comment_status":"open","ping_status":"open","sticky":false,"template":"","format":"standard","meta":{"om_disable_all_campaigns":false,"_monsterinsights_skip_tracking":false,"_monsterinsights_sitenote_active":false,"_monsterinsights_sitenote_note":"","_monsterinsights_sitenote_category":0,"footnotes":""},"categories":[34,70,35,69,21],"tags":[100,71,48,4179,93,75,4178,4180,327,129,874,107,4181,132,1395,230,339,3828,106,203,120,51,109,88,47,111,190,5881],"class_list":["post-47068","post","type-post","status-publish","format-standard","has-post-thumbnail","hentry","category-brasil","category-destaques","category-mundo","category-noticias2","category-politica","tag-adustina","tag-antas","tag-araci","tag-banzae-2","tag-brasil","tag-cicero-dantas","tag-cipo-2","tag-crisopolis-2","tag-eua","tag-euclides-da-cunha","tag-ex-presidente","tag-fatima","tag-heliopolis-2","tag-itapicuru","tag-jair-bolsonaro","tag-jeremoabo","tag-mundo","tag-noticias","tag-nova-soure","tag-novo-triunfo","tag-olindina","tag-paripiranga","tag-quijingue","tag-ribeira-do-amparo","tag-ribeira-do-pombal","tag-sitio-do-quinto","tag-tucano","tag-visto"],"aioseo_notices":[],"_links":{"self":[{"href":"https:\/\/www.portalalerta.com.br\/index.php\/wp-json\/wp\/v2\/posts\/47068","targetHints":{"allow":["GET"]}}],"collection":[{"href":"https:\/\/www.portalalerta.com.br\/index.php\/wp-json\/wp\/v2\/posts"}],"about":[{"href":"https:\/\/www.portalalerta.com.br\/index.php\/wp-json\/wp\/v2\/types\/post"}],"author":[{"embeddable":true,"href":"https:\/\/www.portalalerta.com.br\/index.php\/wp-json\/wp\/v2\/users\/2"}],"replies":[{"embeddable":true,"href":"https:\/\/www.portalalerta.com.br\/index.php\/wp-json\/wp\/v2\/comments?post=47068"}],"version-history":[{"count":1,"href":"https:\/\/www.portalalerta.com.br\/index.php\/wp-json\/wp\/v2\/posts\/47068\/revisions"}],"predecessor-version":[{"id":47069,"href":"https:\/\/www.portalalerta.com.br\/index.php\/wp-json\/wp\/v2\/posts\/47068\/revisions\/47069"}],"wp:featuredmedia":[{"embeddable":true,"href":"https:\/\/www.portalalerta.com.br\/index.php\/wp-json\/wp\/v2\/media\/31367"}],"wp:attachment":[{"href":"https:\/\/www.portalalerta.com.br\/index.php\/wp-json\/wp\/v2\/media?parent=47068"}],"wp:term":[{"taxonomy":"category","embeddable":true,"href":"https:\/\/www.portalalerta.com.br\/index.php\/wp-json\/wp\/v2\/categories?post=47068"},{"taxonomy":"post_tag","embeddable":true,"href":"https:\/\/www.portalalerta.com.br\/index.php\/wp-json\/wp\/v2\/tags?post=47068"}],"curies":[{"name":"wp","href":"https:\/\/api.w.org\/{rel}","templated":true}]}}