{"id":47103,"date":"2023-02-01T07:00:00","date_gmt":"2023-02-01T10:00:00","guid":{"rendered":"https:\/\/www.portalalerta.com.br\/?p=47103"},"modified":"2023-02-01T00:15:34","modified_gmt":"2023-02-01T03:15:34","slug":"sada-cruzeiro-afasta-wallace-apos-post-sugerindo-tiro-em-lula","status":"publish","type":"post","link":"https:\/\/www.portalalerta.com.br\/index.php\/2023\/02\/01\/sada-cruzeiro-afasta-wallace-apos-post-sugerindo-tiro-em-lula\/","title":{"rendered":"Sada Cruzeiro afasta Wallace ap\u00f3s post sugerindo tiro em Lula"},"content":{"rendered":"\n<p>A medida foi comunicada por meio de nota oficial assinada pela diretoria da associa\u00e7\u00e3o esportiva<\/p>\n\n\n\n<!--more-->\n\n\n\n<p>O Sada Cruzeiro anunciou na tarde desta ter\u00e7a (31) o afastamento de Wallace ap\u00f3s o oposto abrir uma enquete no Instagram perguntando se seus seguidores dariam um tiro no rosto do presidente Luis In\u00e1cio Lula da Silva.<\/p>\n\n\n\n<p>A medida foi comunicada por meio de nota oficial assinada pela diretoria da associa\u00e7\u00e3o esportiva. Segundo o clube, a decis\u00e3o contou com a participa\u00e7\u00e3o de seu principal patrocinador, o Grupo Sada.<\/p>\n\n\n\n<p><strong><em>A Diretoria da Associa\u00e7\u00e3o Esportiva e Social SADA repudia qualquer ato que possa significar incita\u00e7\u00e3o \u00e0 viol\u00eancia e esclarece que N\u00c3O COMPACTUA DE MANEIRA ALGUMA com as recentes publica\u00e7\u00f5es do atleta Wallace de Souza em suas redes sociais. Dentro do que cabe ao patrocinador master do Sada Cruzeiro, foi definido o AFASTAMENTO IMEDIATO do atleta por TEMPO INDETERMINADO, e exigidos a plena retrata\u00e7\u00e3o e pedido p\u00fablico de desculpas. Permanecemos atentos aos desdobramentos legais deste lament\u00e1vel epis\u00f3dio e novas medidas ser\u00e3o estudadas.<\/em><\/strong><\/p>\n\n\n\n<p>Anteriormente, a equipe j\u00e1 havia se manifestado contra a postagem de Wallace:<\/p>\n\n\n\n<p><strong><em>O Sada Cruzeiro tamb\u00e9m se manifestou contr\u00e1rio ao post de Wallace: &#8220;O Sada Cruzeiro lamenta profundamente a publica\u00e7\u00e3o realizada pelo nosso atleta Wallace e o seu conte\u00fado. Vivemos um momento delicado, em que precisamos ter muita cautela com as nossas manifesta\u00e7\u00f5es. As redes sociais podem parecer um espa\u00e7o em que tudo est\u00e1 liberado, sem muita avalia\u00e7\u00e3o das possibilidades de interpreta\u00e7\u00e3o, e isso \u00e9 uma armadilha gigantesca. Refor\u00e7aremos com todo o nosso staff, atletas e comiss\u00e3o t\u00e9cnica sobre a import\u00e2ncia da responsabilidade no uso das m\u00eddias digitais. Ressaltamos, principalmente, que a viol\u00eancia nunca deve ser exaltada ou estimulada, e da parte do Sada Cruzeiro pedimos sinceras desculpas a todos.<\/em><\/strong><\/p>\n\n\n\n<p><strong>Jogador pede desculpas<\/strong><\/p>\n\n\n\n<p>Em v\u00eddeo publicado nas redes sociais, Wallace reconheceu ter errado ao incitar a viol\u00eancia contra o Presidente Lula: &#8220;Quem me conhece sabe que eu jamais incitaria viol\u00eancia em hip\u00f3tese alguma, principalmente ao nosso Presidente. Ent\u00e3o, venho aqui pedir desculpas, foi um post infeliz que eu acabei fazendo. Errei&#8221;.<\/p>\n\n\n\n<p>Depois de usar as redes sociais para incentivar viol\u00eancia contra o presidente Lula, Wallace publica v\u00eddeo com pedido de desculpa.&nbsp;<a href=\"https:\/\/t.co\/vR9j12EOvn\" target=\"_blank\" rel=\"noreferrer noopener\">pic.twitter.com\/vR9j12EOvn<\/a><\/p>\n\n\n\n<p>\u2014 Melhor do Volei (@MelhordoVolei)&nbsp;<a href=\"https:\/\/twitter.com\/MelhordoVolei\/status\/1620488119069081600?ref_src=twsrc%5Etfw\" target=\"_blank\" rel=\"noreferrer noopener\">January 31, 2023<\/a><\/p>\n\n\n\n<p><strong>Entenda o caso<\/strong><\/p>\n\n\n\n<p>Bolsonarista assumido, o jogador fez uma enquete em sua conta pessoal no Instagram onde perguntava se \u201calgu\u00e9m daria um tiro de 12 na cara do Lula\u201d. A postagem foi apagada pouco tempo depois, mas viralizou nas redes sociais.<\/p>\n\n\n\n<p>Diversos f\u00e3s do esportista mostraram indigna\u00e7\u00e3o com a publica\u00e7\u00e3o feita pelo jogador que tem muitos t\u00edtulos na modalidade.<\/p>\n\n\n\n<p>Internautas chegaram a sugerir que a Ministra do Esporte, Ana Moser, que tamb\u00e9m fez carreira no v\u00f4lei e a Confedera\u00e7\u00e3o Brasileira da modalidade se posicionem e fa\u00e7am algum tipo de puni\u00e7\u00e3o para Wallace.<\/p>\n\n\n\n<p><strong><em>\u201cIsso n\u00e3o pode parar aqui. Tem que ser investigado e preso imediatamente\u201d<\/em><\/strong>, escreveu um dos internautas.<\/p>\n\n\n\n<p>Vale lembrar que Wallace fez gestos junto com o companheiro de Sele\u00e7\u00e3o Maur\u00edcio Souza com o n\u00famero \u201917\u2019, n\u00famero de vota\u00e7\u00e3o de Bolsonaro nas elei\u00e7\u00f5es de 2018, ap\u00f3s as vit\u00f3rias contra Egito e Fran\u00e7a no Mundial realizado na Bulg\u00e1ria e It\u00e1lia.<\/p>\n\n\n\n<p>Wallace Leandro, jogador do SADA Cruzeiro e da sele\u00e7\u00e3o brasileira de v\u00f4lei, publicou agora pouco uma enquete perguntando se \u201calgu\u00e9m daria um tiro de 12 na cara do Lula\u201d. Logo em seguida, ele apagou.&nbsp;<a href=\"https:\/\/t.co\/wfGTRI5Kul\" target=\"_blank\" rel=\"noreferrer noopener\">pic.twitter.com\/wfGTRI5Kul<\/a><\/p>\n\n\n\n<p>\u2014 William De Lucca (@delucca)&nbsp;<a href=\"https:\/\/twitter.com\/delucca\/status\/1620408001462173696?ref_src=twsrc%5Etfw\" target=\"_blank\" rel=\"noreferrer noopener\">January 31, 2023<\/a><\/p>\n\n\n\n<p>Em 2021, o medalhista ol\u00edmpico chegou a anunciar a aposentadoria da Sele\u00e7\u00e3o mas no ano seguinte voltou para ajudar o v\u00f4lei brasileiro em momento de reformula\u00e7\u00e3o, mas ap\u00f3s o mundial que o Brasil terminou em terceiro, voltou a se despedir do selecionado.<\/p>\n\n\n\n<p><em>Fonte: Yahoo Not\u00edcias<\/em><\/p>\n","protected":false},"excerpt":{"rendered":"<p>A medida foi comunicada por meio de nota oficial assinada pela diretoria da associa\u00e7\u00e3o esportiva<\/p>\n","protected":false},"author":2,"featured_media":47104,"comment_status":"open","ping_status":"open","sticky":false,"template":"","format":"standard","meta":{"om_disable_all_campaigns":false,"_monsterinsights_skip_tracking":false,"_monsterinsights_sitenote_active":false,"_monsterinsights_sitenote_note":"","_monsterinsights_sitenote_category":0,"footnotes":""},"categories":[34,70,2,69,21,22],"tags":[100,71,48,4179,93,75,4178,4180,129,107,4181,132,230,303,3828,106,203,120,51,109,88,47,111,190,5884],"class_list":["post-47103","post","type-post","status-publish","format-standard","has-post-thumbnail","hentry","category-brasil","category-destaques","category-esportes","category-noticias2","category-politica","category-seguranca","tag-adustina","tag-antas","tag-araci","tag-banzae-2","tag-brasil","tag-cicero-dantas","tag-cipo-2","tag-crisopolis-2","tag-euclides-da-cunha","tag-fatima","tag-heliopolis-2","tag-itapicuru","tag-jeremoabo","tag-lula","tag-noticias","tag-nova-soure","tag-novo-triunfo","tag-olindina","tag-paripiranga","tag-quijingue","tag-ribeira-do-amparo","tag-ribeira-do-pombal","tag-sitio-do-quinto","tag-tucano","tag-wallace"],"aioseo_notices":[],"_links":{"self":[{"href":"https:\/\/www.portalalerta.com.br\/index.php\/wp-json\/wp\/v2\/posts\/47103","targetHints":{"allow":["GET"]}}],"collection":[{"href":"https:\/\/www.portalalerta.com.br\/index.php\/wp-json\/wp\/v2\/posts"}],"about":[{"href":"https:\/\/www.portalalerta.com.br\/index.php\/wp-json\/wp\/v2\/types\/post"}],"author":[{"embeddable":true,"href":"https:\/\/www.portalalerta.com.br\/index.php\/wp-json\/wp\/v2\/users\/2"}],"replies":[{"embeddable":true,"href":"https:\/\/www.portalalerta.com.br\/index.php\/wp-json\/wp\/v2\/comments?post=47103"}],"version-history":[{"count":1,"href":"https:\/\/www.portalalerta.com.br\/index.php\/wp-json\/wp\/v2\/posts\/47103\/revisions"}],"predecessor-version":[{"id":47105,"href":"https:\/\/www.portalalerta.com.br\/index.php\/wp-json\/wp\/v2\/posts\/47103\/revisions\/47105"}],"wp:featuredmedia":[{"embeddable":true,"href":"https:\/\/www.portalalerta.com.br\/index.php\/wp-json\/wp\/v2\/media\/47104"}],"wp:attachment":[{"href":"https:\/\/www.portalalerta.com.br\/index.php\/wp-json\/wp\/v2\/media?parent=47103"}],"wp:term":[{"taxonomy":"category","embeddable":true,"href":"https:\/\/www.portalalerta.com.br\/index.php\/wp-json\/wp\/v2\/categories?post=47103"},{"taxonomy":"post_tag","embeddable":true,"href":"https:\/\/www.portalalerta.com.br\/index.php\/wp-json\/wp\/v2\/tags?post=47103"}],"curies":[{"name":"wp","href":"https:\/\/api.w.org\/{rel}","templated":true}]}}