{"id":47109,"date":"2023-02-01T07:02:00","date_gmt":"2023-02-01T10:02:00","guid":{"rendered":"https:\/\/www.portalalerta.com.br\/?p=47109"},"modified":"2023-02-01T00:36:31","modified_gmt":"2023-02-01T03:36:31","slug":"rui-costa-quer-emplacar-esposa-enfermeira-como-conselheira-do-tcm","status":"publish","type":"post","link":"https:\/\/www.portalalerta.com.br\/index.php\/2023\/02\/01\/rui-costa-quer-emplacar-esposa-enfermeira-como-conselheira-do-tcm\/","title":{"rendered":"Rui Costa quer emplacar esposa enfermeira como conselheira do TCM"},"content":{"rendered":"\n<p>Caso seja indicada para uma cadeira na Corte de Contas, Aline Peixoto ter\u00e1 um sal\u00e1rio mensal de R$ 41,8 mil e poder\u00e1 permanecer no cargo at\u00e9 a aposentadoria compuls\u00f3ria aos 75 anos<\/p>\n\n\n\n<!--more-->\n\n\n\n<p>O ex-governador da Bahia e atual ministro da Casa Civil, Rui Costa (PT), tenta emplacar a esposa, que \u00e9 enfermeira, como conselheira do Tribunal de Contas dos Munic\u00edpios (TCM).&nbsp;<\/p>\n\n\n<div class=\"wp-block-image\">\n<figure class=\"alignleft size-full is-resized\"><img fetchpriority=\"high\" decoding=\"async\" src=\"https:\/\/www.portalalerta.com.br\/wp-content\/uploads\/2021\/04\/ELAB.jpg\" alt=\"\" class=\"wp-image-34795\" width=\"423\" height=\"338\" srcset=\"https:\/\/www.portalalerta.com.br\/wp-content\/uploads\/2021\/04\/ELAB.jpg 1000w, https:\/\/www.portalalerta.com.br\/wp-content\/uploads\/2021\/04\/ELAB-300x240.jpg 300w, https:\/\/www.portalalerta.com.br\/wp-content\/uploads\/2021\/04\/ELAB-768x614.jpg 768w, https:\/\/www.portalalerta.com.br\/wp-content\/uploads\/2021\/04\/ELAB-183x146.jpg 183w, https:\/\/www.portalalerta.com.br\/wp-content\/uploads\/2021\/04\/ELAB-50x40.jpg 50w, https:\/\/www.portalalerta.com.br\/wp-content\/uploads\/2021\/04\/ELAB-94x75.jpg 94w\" sizes=\"(max-width: 423px) 100vw, 423px\" \/><\/figure><\/div>\n\n\n<p>Caso seja indicada para uma cadeira na Corte de Contas, Aline Peixoto ter\u00e1 um sal\u00e1rio mensal de R$ 41,8 mil e poder\u00e1 permanecer no cargo at\u00e9 a aposentadoria compuls\u00f3ria aos 75 anos.<\/p>\n\n\n\n<p>A vaga para o tribunal est\u00e1 aberta desde maio de 2022, quando o conselheiro Raimundo Moreira se aposentou. &nbsp;A articula\u00e7\u00e3o em torno de Aline Peixoto ganhou for\u00e7a nesta semana ap\u00f3s o deputado estadual Alex Lima (PSB), aliado pr\u00f3ximo a Rui Costa, desistir de concorrer a vaga para apoiar a ex-primeira-dama.&nbsp;<\/p>\n\n\n\n<p>L\u00edder da oposi\u00e7\u00e3o na Assembleia Legislativa da Bahia (AL-BA), Alan Sanches (Uni\u00e3o) criticou a poss\u00edvel indica\u00e7\u00e3o de Aline Peixoto para o TCM. &#8220;N\u00e3o tenho absolutamente nada contra a ex-primeira-dama. Mas, se ela realmente for candidata, cai por terra o discurso do PT de valorizar os quadros que t\u00eam uma milit\u00e2ncia no partido ou base aliada&#8221;, afirmou, em entrevista ao jornal Folha de S. Paulo.&nbsp;<\/p>\n\n\n\n<p><em>Fonte: Metro1<\/em><\/p>\n","protected":false},"excerpt":{"rendered":"<p>Caso seja indicada para uma cadeira na Corte de Contas, Aline Peixoto ter\u00e1 um sal\u00e1rio mensal de R$ 41,8 mil e poder\u00e1 permanecer no cargo at\u00e9 a aposentadoria compuls\u00f3ria aos 75 anos<\/p>\n","protected":false},"author":2,"featured_media":47110,"comment_status":"open","ping_status":"open","sticky":false,"template":"","format":"standard","meta":{"om_disable_all_campaigns":false,"_monsterinsights_skip_tracking":false,"_monsterinsights_sitenote_active":false,"_monsterinsights_sitenote_note":"","_monsterinsights_sitenote_category":0,"footnotes":""},"categories":[33,70,69,21],"tags":[100,5885,71,48,54,4179,75,4178,4180,129,107,4181,132,230,3828,106,203,120,51,199,109,88,47,282,111,72],"class_list":["post-47109","post","type-post","status-publish","format-standard","has-post-thumbnail","hentry","category-bahia","category-destaques","category-noticias2","category-politica","tag-adustina","tag-aline-peixoto","tag-antas","tag-araci","tag-bahia","tag-banzae-2","tag-cicero-dantas","tag-cipo-2","tag-crisopolis-2","tag-euclides-da-cunha","tag-fatima","tag-heliopolis-2","tag-itapicuru","tag-jeremoabo","tag-noticias","tag-nova-soure","tag-novo-triunfo","tag-olindina","tag-paripiranga","tag-politica","tag-quijingue","tag-ribeira-do-amparo","tag-ribeira-do-pombal","tag-rui-costa","tag-sitio-do-quinto","tag-tcm"],"aioseo_notices":[],"_links":{"self":[{"href":"https:\/\/www.portalalerta.com.br\/index.php\/wp-json\/wp\/v2\/posts\/47109","targetHints":{"allow":["GET"]}}],"collection":[{"href":"https:\/\/www.portalalerta.com.br\/index.php\/wp-json\/wp\/v2\/posts"}],"about":[{"href":"https:\/\/www.portalalerta.com.br\/index.php\/wp-json\/wp\/v2\/types\/post"}],"author":[{"embeddable":true,"href":"https:\/\/www.portalalerta.com.br\/index.php\/wp-json\/wp\/v2\/users\/2"}],"replies":[{"embeddable":true,"href":"https:\/\/www.portalalerta.com.br\/index.php\/wp-json\/wp\/v2\/comments?post=47109"}],"version-history":[{"count":1,"href":"https:\/\/www.portalalerta.com.br\/index.php\/wp-json\/wp\/v2\/posts\/47109\/revisions"}],"predecessor-version":[{"id":47111,"href":"https:\/\/www.portalalerta.com.br\/index.php\/wp-json\/wp\/v2\/posts\/47109\/revisions\/47111"}],"wp:featuredmedia":[{"embeddable":true,"href":"https:\/\/www.portalalerta.com.br\/index.php\/wp-json\/wp\/v2\/media\/47110"}],"wp:attachment":[{"href":"https:\/\/www.portalalerta.com.br\/index.php\/wp-json\/wp\/v2\/media?parent=47109"}],"wp:term":[{"taxonomy":"category","embeddable":true,"href":"https:\/\/www.portalalerta.com.br\/index.php\/wp-json\/wp\/v2\/categories?post=47109"},{"taxonomy":"post_tag","embeddable":true,"href":"https:\/\/www.portalalerta.com.br\/index.php\/wp-json\/wp\/v2\/tags?post=47109"}],"curies":[{"name":"wp","href":"https:\/\/api.w.org\/{rel}","templated":true}]}}