{"id":47119,"date":"2023-02-01T11:01:00","date_gmt":"2023-02-01T14:01:00","guid":{"rendered":"https:\/\/www.portalalerta.com.br\/?p=47119"},"modified":"2023-02-01T01:28:02","modified_gmt":"2023-02-01T04:28:02","slug":"alexandre-de-moraes-manda-pf-ouvir-valdemar-da-costa-neto-sobre-minuta-golpista","status":"publish","type":"post","link":"https:\/\/www.portalalerta.com.br\/index.php\/2023\/02\/01\/alexandre-de-moraes-manda-pf-ouvir-valdemar-da-costa-neto-sobre-minuta-golpista\/","title":{"rendered":"Alexandre de Moraes manda PF ouvir Valdemar da Costa Neto sobre minuta golpista"},"content":{"rendered":"\n<p>Ministro do STF atende pedido da Pol\u00edcia Federal sobre documento golpista encontrado na casa de Anderson Torres<\/p>\n\n\n\n<!--more-->\n\n\n\n<p>O ministro do Supremo Tribunal Federal (STF) Alexandre de Moraes determinou que a Pol\u00edcia Federal tome depoimento de Valdemar Costa Neto, presidente do PL, em at\u00e9 cinco dias sobre a minuta golpista encontrada na casa do ex-ministro Anderson Torres.<\/p>\n\n\n<div class=\"wp-block-image\">\n<figure class=\"alignleft size-full is-resized\"><img fetchpriority=\"high\" decoding=\"async\" src=\"https:\/\/www.portalalerta.com.br\/wp-content\/uploads\/2021\/04\/ELAB.jpg\" alt=\"\" class=\"wp-image-34795\" width=\"450\" height=\"359\" srcset=\"https:\/\/www.portalalerta.com.br\/wp-content\/uploads\/2021\/04\/ELAB.jpg 1000w, https:\/\/www.portalalerta.com.br\/wp-content\/uploads\/2021\/04\/ELAB-300x240.jpg 300w, https:\/\/www.portalalerta.com.br\/wp-content\/uploads\/2021\/04\/ELAB-768x614.jpg 768w, https:\/\/www.portalalerta.com.br\/wp-content\/uploads\/2021\/04\/ELAB-183x146.jpg 183w, https:\/\/www.portalalerta.com.br\/wp-content\/uploads\/2021\/04\/ELAB-50x40.jpg 50w, https:\/\/www.portalalerta.com.br\/wp-content\/uploads\/2021\/04\/ELAB-94x75.jpg 94w\" sizes=\"(max-width: 450px) 100vw, 450px\" \/><\/figure><\/div>\n\n\n<p>A decis\u00e3o de Moraes atende a um pedido da PF, que encontrou a minuta durante uma busca na casa de Torres, que \u00e9 alvo da investiga\u00e7\u00e3o que busca esclarecer eventuais omiss\u00f5es de autoridades p\u00fablicas sobre os ataques golpistas do dia 8 de janeiro.<\/p>\n\n\n\n<p>Em entrevista ao jornal O Globo, Costa Neto disse que diversos membros e interlocutores do governo Bolsonaro tinham, em suas casas, propostas similares \u00e0 minuta do golpe.<\/p>\n\n\n\n<p><strong><em>&#8220;Aquela proposta que tinha na casa do ministro da Justi\u00e7a, isso tinha na casa de todo mundo&#8221;<\/em><\/strong>, disse, acrescentando que Bolsonaro <strong><em>&#8220;n\u00e3o quis fazer nada fora da lei&#8221;<\/em><\/strong>.<\/p>\n\n\n\n<p>O objetivo do documento seria reverter o resultado da elei\u00e7\u00e3o, em que Luiz In\u00e1cio Lula da Silva (PT) saiu vencedor. Tal medida seria inconstitucional.<\/p>\n\n\n\n<p>Al\u00e9m da apura\u00e7\u00e3o que tramita no Supremo, a Justi\u00e7a Eleitoral tamb\u00e9m avalia o teor do documento encontrado na resid\u00eancia de Torres.<\/p>\n\n\n\n<p>O corregedor eleitoral, ministro Benedito Gon\u00e7alves, incluiu a minuta do golpe em uma a\u00e7\u00e3o na qual o ex-presidente \u00e9 investigado por ataques \u00e0s urnas em fala a embaixadores.<\/p>\n\n\n\n<p>A decis\u00e3o atendeu a um pedido do PDT, que, na semana passada, protocolou peti\u00e7\u00e3o para que o documento fosse anexado \u00e0s investiga\u00e7\u00f5es referentes \u00e0 reuni\u00e3o com representantes estrangeiros em que o ent\u00e3o chefe do Executivo.<\/p>\n\n\n\n<p><em>Fonte: Yahoo Not\u00edcias<\/em><\/p>\n","protected":false},"excerpt":{"rendered":"<p>Ministro do STF atende pedido da Pol\u00edcia Federal sobre documento golpista encontrado na casa de Anderson Torres<\/p>\n","protected":false},"author":2,"featured_media":44870,"comment_status":"open","ping_status":"open","sticky":false,"template":"","format":"standard","meta":{"om_disable_all_campaigns":false,"_monsterinsights_skip_tracking":false,"_monsterinsights_sitenote_active":false,"_monsterinsights_sitenote_note":"","_monsterinsights_sitenote_category":0,"footnotes":""},"categories":[34,70,69,21],"tags":[100,1173,71,48,4179,93,75,4178,4180,129,107,839,4181,132,230,3828,106,203,120,51,3391,173,109,88,47,111,190,5065],"class_list":["post-47119","post","type-post","status-publish","format-standard","has-post-thumbnail","hentry","category-brasil","category-destaques","category-noticias2","category-politica","tag-adustina","tag-alexandre-de-moraes","tag-antas","tag-araci","tag-banzae-2","tag-brasil","tag-cicero-dantas","tag-cipo-2","tag-crisopolis-2","tag-euclides-da-cunha","tag-fatima","tag-golpe","tag-heliopolis-2","tag-itapicuru","tag-jeremoabo","tag-noticias","tag-nova-soure","tag-novo-triunfo","tag-olindina","tag-paripiranga","tag-pl","tag-policia-federal","tag-quijingue","tag-ribeira-do-amparo","tag-ribeira-do-pombal","tag-sitio-do-quinto","tag-tucano","tag-valdemar-costa-neto"],"aioseo_notices":[],"_links":{"self":[{"href":"https:\/\/www.portalalerta.com.br\/index.php\/wp-json\/wp\/v2\/posts\/47119","targetHints":{"allow":["GET"]}}],"collection":[{"href":"https:\/\/www.portalalerta.com.br\/index.php\/wp-json\/wp\/v2\/posts"}],"about":[{"href":"https:\/\/www.portalalerta.com.br\/index.php\/wp-json\/wp\/v2\/types\/post"}],"author":[{"embeddable":true,"href":"https:\/\/www.portalalerta.com.br\/index.php\/wp-json\/wp\/v2\/users\/2"}],"replies":[{"embeddable":true,"href":"https:\/\/www.portalalerta.com.br\/index.php\/wp-json\/wp\/v2\/comments?post=47119"}],"version-history":[{"count":1,"href":"https:\/\/www.portalalerta.com.br\/index.php\/wp-json\/wp\/v2\/posts\/47119\/revisions"}],"predecessor-version":[{"id":47120,"href":"https:\/\/www.portalalerta.com.br\/index.php\/wp-json\/wp\/v2\/posts\/47119\/revisions\/47120"}],"wp:featuredmedia":[{"embeddable":true,"href":"https:\/\/www.portalalerta.com.br\/index.php\/wp-json\/wp\/v2\/media\/44870"}],"wp:attachment":[{"href":"https:\/\/www.portalalerta.com.br\/index.php\/wp-json\/wp\/v2\/media?parent=47119"}],"wp:term":[{"taxonomy":"category","embeddable":true,"href":"https:\/\/www.portalalerta.com.br\/index.php\/wp-json\/wp\/v2\/categories?post=47119"},{"taxonomy":"post_tag","embeddable":true,"href":"https:\/\/www.portalalerta.com.br\/index.php\/wp-json\/wp\/v2\/tags?post=47119"}],"curies":[{"name":"wp","href":"https:\/\/api.w.org\/{rel}","templated":true}]}}