{"id":47153,"date":"2023-02-03T11:41:16","date_gmt":"2023-02-03T14:41:16","guid":{"rendered":"https:\/\/www.portalalerta.com.br\/?p=47153"},"modified":"2023-02-03T11:41:18","modified_gmt":"2023-02-03T14:41:18","slug":"minuta-do-golpe-defesa-de-torres-diz-que-documento-foi-escrito-por-tiririca","status":"publish","type":"post","link":"https:\/\/www.portalalerta.com.br\/index.php\/2023\/02\/03\/minuta-do-golpe-defesa-de-torres-diz-que-documento-foi-escrito-por-tiririca\/","title":{"rendered":"Minuta do golpe: Defesa de Torres diz que documento foi \u2018escrito\u2019 por Tiririca"},"content":{"rendered":"\n<p>&#8220;Possivelmente, foi feita pelo Tiririca. Tem mais de 50 erros de portugu\u00eas\u201d, acusou o advogado do ex-ministro.<\/p>\n\n\n\n<!--more-->\n\n\n\n<p>A defesa de Anderson Torres, ex-ministro da Justi\u00e7a e ex-secret\u00e1rio de Seguran\u00e7a do DF, ironizou a\u00a0\u201cminuta do golpe\u201d\u00a0e disse que, devido aos \u201cerros de portugu\u00eas\u201d, teria sido escrita pelo deputado federal Tiririca (PL).<\/p>\n\n\n\n<p><strong><em>\u201c[A minuta], possivelmente, foi feita pelo Tiririca. Tem mais de 50 erros de portugu\u00eas\u201d<\/em><\/strong>, acusou o advogado Dem\u00f3stenes Torres.<\/p>\n\n\n<div class=\"wp-block-image\">\n<figure class=\"alignleft size-full\"><img fetchpriority=\"high\" decoding=\"async\" width=\"400\" height=\"300\" src=\"https:\/\/www.portalalerta.com.br\/wp-content\/uploads\/2023\/01\/Auto-Escola-Sonho.jpg\" alt=\"\" class=\"wp-image-47083\" srcset=\"https:\/\/www.portalalerta.com.br\/wp-content\/uploads\/2023\/01\/Auto-Escola-Sonho.jpg 400w, https:\/\/www.portalalerta.com.br\/wp-content\/uploads\/2023\/01\/Auto-Escola-Sonho-320x240.jpg 320w\" sizes=\"(max-width: 400px) 100vw, 400px\" \/><\/figure><\/div>\n\n\n<p>Ainda de acordo com a defesa de Torres, o ex-ministro teria levado o documento para sua casa sem saber ao menos quem o entregou.<\/p>\n\n\n\n<p><strong><em>\u201cAquilo \u00e9 uma presepada que algu\u00e9m deixou no Minist\u00e9rio da Justi\u00e7a e ele levou para casa e ficou por l\u00e1. Ele n\u00e3o lembra quem entregou porque n\u00e3o recebe documentos diretamente\u201d<\/em><\/strong>, disse o advogado.<\/p>\n\n\n\n<p>Dem\u00f3stenes aproveitou a situa\u00e7\u00e3o para criticar a \u2018minuta do golpe\u2019, que segundo ele, o documento n\u00e3o tinha \u2018qualquer repercuss\u00e3o\u2019.<\/p>\n\n\n\n<p><strong><em>\u201cAo come\u00e7ar a ler, j\u00e1 viu que era uma coisa terr\u00edvel, boba e que n\u00e3o tinha qualquer repercuss\u00e3o. Tanto \u00e9 que aquilo ficou para ser jogado fora\u201d<\/em><\/strong>, completou ao se referir sobre uma poss\u00edvel leitura de Anderson no documento.<\/p>\n\n\n\n<p>At\u00e9 a pr\u00f3xima segunda-feira (6), a defesa de Torres deve pedir a suspens\u00e3o da pris\u00e3o preventiva do ex-ministro. Segundo Dem\u00f3stenes, o caso n\u00e3o cabe habeas corpus.<\/p>\n\n\n\n<p>O ex-ministro da Justi\u00e7a do ex-presidente Jair Bolsonaro (PL), foi preso no dia 14 de janeiro no aeroporto de Bras\u00edlia,\u00a0ele \u00e9 investigado por suposta &#8220;omiss\u00e3o e coniv\u00eancia&#8221; com o ataque \u00e0 capital em 8 de janeiro. Afastado do cargo em decorr\u00eancia do ataque, ele estava de f\u00e9rias nos Estados Unidos e foi preso ao desembarcar no Brasil.<\/p>\n\n\n\n<p>Nesta quinta-feira (2), com mais de 10 horas de dura\u00e7\u00e3o, Torres prestou depoimento \u00e0 Pol\u00edcia Federal (PF). A defesa do ex-ministro disse que a demora aconteceu devido a outros fatos terem sido questionados no interrogat\u00f3rio.<\/p>\n\n\n\n<p><strong><em>\u201c[Demorou] porque s\u00e3o muitas coisas que foram perguntadas, n\u00e3o s\u00f3 sobre o que aconteceu no dia 8, mas sobre fatos anteriores\u201d,<\/em><\/strong> disse o defensor.<\/p>\n\n\n\n<p><em>Fonte: Yahoo Not\u00edcias<\/em><\/p>\n","protected":false},"excerpt":{"rendered":"<p>&#8220;Possivelmente, foi feita pelo Tiririca. Tem mais de 50 erros de portugu\u00eas\u201d, acusou o advogado do ex-ministro.<\/p>\n","protected":false},"author":2,"featured_media":45061,"comment_status":"open","ping_status":"open","sticky":false,"template":"","format":"standard","meta":{"om_disable_all_campaigns":false,"_monsterinsights_skip_tracking":false,"_monsterinsights_sitenote_active":false,"_monsterinsights_sitenote_note":"","_monsterinsights_sitenote_category":0,"footnotes":""},"categories":[34,70,69,21],"tags":[100,4871,71,48,4179,93,75,4178,4180,2063,129,107,839,4181,132,230,3828,106,203,120,51,199,109,88,47,111,5420,190],"class_list":["post-47153","post","type-post","status-publish","format-standard","has-post-thumbnail","hentry","category-brasil","category-destaques","category-noticias2","category-politica","tag-adustina","tag-anderson-torres","tag-antas","tag-araci","tag-banzae-2","tag-brasil","tag-cicero-dantas","tag-cipo-2","tag-crisopolis-2","tag-defesa","tag-euclides-da-cunha","tag-fatima","tag-golpe","tag-heliopolis-2","tag-itapicuru","tag-jeremoabo","tag-noticias","tag-nova-soure","tag-novo-triunfo","tag-olindina","tag-paripiranga","tag-politica","tag-quijingue","tag-ribeira-do-amparo","tag-ribeira-do-pombal","tag-sitio-do-quinto","tag-tiririca","tag-tucano"],"aioseo_notices":[],"_links":{"self":[{"href":"https:\/\/www.portalalerta.com.br\/index.php\/wp-json\/wp\/v2\/posts\/47153","targetHints":{"allow":["GET"]}}],"collection":[{"href":"https:\/\/www.portalalerta.com.br\/index.php\/wp-json\/wp\/v2\/posts"}],"about":[{"href":"https:\/\/www.portalalerta.com.br\/index.php\/wp-json\/wp\/v2\/types\/post"}],"author":[{"embeddable":true,"href":"https:\/\/www.portalalerta.com.br\/index.php\/wp-json\/wp\/v2\/users\/2"}],"replies":[{"embeddable":true,"href":"https:\/\/www.portalalerta.com.br\/index.php\/wp-json\/wp\/v2\/comments?post=47153"}],"version-history":[{"count":1,"href":"https:\/\/www.portalalerta.com.br\/index.php\/wp-json\/wp\/v2\/posts\/47153\/revisions"}],"predecessor-version":[{"id":47154,"href":"https:\/\/www.portalalerta.com.br\/index.php\/wp-json\/wp\/v2\/posts\/47153\/revisions\/47154"}],"wp:featuredmedia":[{"embeddable":true,"href":"https:\/\/www.portalalerta.com.br\/index.php\/wp-json\/wp\/v2\/media\/45061"}],"wp:attachment":[{"href":"https:\/\/www.portalalerta.com.br\/index.php\/wp-json\/wp\/v2\/media?parent=47153"}],"wp:term":[{"taxonomy":"category","embeddable":true,"href":"https:\/\/www.portalalerta.com.br\/index.php\/wp-json\/wp\/v2\/categories?post=47153"},{"taxonomy":"post_tag","embeddable":true,"href":"https:\/\/www.portalalerta.com.br\/index.php\/wp-json\/wp\/v2\/tags?post=47153"}],"curies":[{"name":"wp","href":"https:\/\/api.w.org\/{rel}","templated":true}]}}