{"id":47155,"date":"2023-02-03T11:48:28","date_gmt":"2023-02-03T14:48:28","guid":{"rendered":"https:\/\/www.portalalerta.com.br\/?p=47155"},"modified":"2023-02-03T11:48:30","modified_gmt":"2023-02-03T14:48:30","slug":"prefeito-ricardo-maia-anuncia-novo-secretariado-em-tucano-ba-confira-os-novos-nomes","status":"publish","type":"post","link":"https:\/\/www.portalalerta.com.br\/index.php\/2023\/02\/03\/prefeito-ricardo-maia-anuncia-novo-secretariado-em-tucano-ba-confira-os-novos-nomes\/","title":{"rendered":"Prefeito Ricardo Maia anuncia novo secretariado em Tucano-BA. Confira os novos nomes!"},"content":{"rendered":"\n<p>Na \u00faltima quarta-feira, (1\u00ba), houve o an\u00fancio oficial do novo secretariado municipal no munic\u00edpio de Tucano-BA. Sendo assim composto:<\/p>\n\n\n\n<!--more-->\n\n\n<div class=\"wp-block-image\">\n<figure class=\"alignright size-large is-resized\"><img fetchpriority=\"high\" decoding=\"async\" src=\"https:\/\/www.portalalerta.com.br\/wp-content\/uploads\/2023\/01\/Real-Volta-as-Aulas-2023-816x1024.jpeg\" alt=\"\" class=\"wp-image-46862\" width=\"404\" height=\"507\"\/><\/figure><\/div>\n\n\n<p><strong>Chefe de Gabinete \u2013 <\/strong>Ma\u00edsa de Jesus Macedo<\/p>\n\n\n\n<p><strong>Procurador Geral do Munic\u00edpio \u2013 <\/strong>Jeferson Miranda da Silva<\/p>\n\n\n\n<p><strong>Secret\u00e1rio de Administra\u00e7\u00e3o e Finan\u00e7as \u2013 <\/strong>Victor Manoel Chaves Dias<\/p>\n\n\n\n<p><strong>Secret\u00e1rio de Governo \u2013<\/strong> Ronaldo Moura Dantas<\/p>\n\n\n\n<p><strong>Secret\u00e1ria de Sa\u00fade \u2013<\/strong> Denise Correia de Jesus<\/p>\n\n\n\n<p><strong>Secret\u00e1rio de Turismo, Desenvolvimento Econ\u00f4mico e Cultura \u2013<\/strong> Thiago Nascimento<\/p>\n\n\n\n<p><strong>Secret\u00e1rio de Urbanismo, Obras e Servi\u00e7os P\u00fablicos \u2013 <\/strong>Jorge Costa Seixas<\/p>\n\n\n\n<p><strong>Secret\u00e1ria de Educa\u00e7\u00e3o \u2013<\/strong> Gerusa dos Santos Ara\u00fajo<\/p>\n\n\n\n<p><strong>Secret\u00e1rio de Agropecu\u00e1ria, Meio Ambiente e Recursos H\u00eddricos \u2013<\/strong> Romilson do Carmo de Oliveira<\/p>\n\n\n\n<p><strong>Secret\u00e1rio de Assist\u00eancia Social \u2013<\/strong> Wlisses Miranda de Brito<\/p>\n\n\n\n<p><strong>Secret\u00e1rio de Administra\u00e7\u00e3o de Caldas do Jorro \u2013<\/strong> Neto do Herlon.<\/p>\n\n\n\n<p><em>Fonte: Fique Por Dentro Agora<\/em><\/p>\n\n\n\n<p><em>Com informa\u00e7\u00f5es: SECOM\/ Tucano<\/em>&nbsp;<\/p>\n","protected":false},"excerpt":{"rendered":"<p>Na \u00faltima quarta-feira, (1\u00ba), houve o an\u00fancio oficial do novo secretariado municipal no munic\u00edpio de Tucano-BA. Sendo assim composto:<\/p>\n","protected":false},"author":2,"featured_media":47156,"comment_status":"open","ping_status":"open","sticky":false,"template":"","format":"standard","meta":{"om_disable_all_campaigns":false,"_monsterinsights_skip_tracking":false,"_monsterinsights_sitenote_active":false,"_monsterinsights_sitenote_note":"","_monsterinsights_sitenote_category":0,"footnotes":""},"categories":[70,69,21,32,12],"tags":[100,71,48,4179,75,4178,4180,129,107,4181,132,230,3828,106,203,120,51,109,88,47,422,111,190],"class_list":["post-47155","post","type-post","status-publish","format-standard","has-post-thumbnail","hentry","category-destaques","category-noticias2","category-politica","category-regiao","category-tucano","tag-adustina","tag-antas","tag-araci","tag-banzae-2","tag-cicero-dantas","tag-cipo-2","tag-crisopolis-2","tag-euclides-da-cunha","tag-fatima","tag-heliopolis-2","tag-itapicuru","tag-jeremoabo","tag-noticias","tag-nova-soure","tag-novo-triunfo","tag-olindina","tag-paripiranga","tag-quijingue","tag-ribeira-do-amparo","tag-ribeira-do-pombal","tag-secretarias","tag-sitio-do-quinto","tag-tucano"],"aioseo_notices":[],"_links":{"self":[{"href":"https:\/\/www.portalalerta.com.br\/index.php\/wp-json\/wp\/v2\/posts\/47155","targetHints":{"allow":["GET"]}}],"collection":[{"href":"https:\/\/www.portalalerta.com.br\/index.php\/wp-json\/wp\/v2\/posts"}],"about":[{"href":"https:\/\/www.portalalerta.com.br\/index.php\/wp-json\/wp\/v2\/types\/post"}],"author":[{"embeddable":true,"href":"https:\/\/www.portalalerta.com.br\/index.php\/wp-json\/wp\/v2\/users\/2"}],"replies":[{"embeddable":true,"href":"https:\/\/www.portalalerta.com.br\/index.php\/wp-json\/wp\/v2\/comments?post=47155"}],"version-history":[{"count":1,"href":"https:\/\/www.portalalerta.com.br\/index.php\/wp-json\/wp\/v2\/posts\/47155\/revisions"}],"predecessor-version":[{"id":47157,"href":"https:\/\/www.portalalerta.com.br\/index.php\/wp-json\/wp\/v2\/posts\/47155\/revisions\/47157"}],"wp:featuredmedia":[{"embeddable":true,"href":"https:\/\/www.portalalerta.com.br\/index.php\/wp-json\/wp\/v2\/media\/47156"}],"wp:attachment":[{"href":"https:\/\/www.portalalerta.com.br\/index.php\/wp-json\/wp\/v2\/media?parent=47155"}],"wp:term":[{"taxonomy":"category","embeddable":true,"href":"https:\/\/www.portalalerta.com.br\/index.php\/wp-json\/wp\/v2\/categories?post=47155"},{"taxonomy":"post_tag","embeddable":true,"href":"https:\/\/www.portalalerta.com.br\/index.php\/wp-json\/wp\/v2\/tags?post=47155"}],"curies":[{"name":"wp","href":"https:\/\/api.w.org\/{rel}","templated":true}]}}