{"id":47158,"date":"2023-02-05T15:46:52","date_gmt":"2023-02-05T18:46:52","guid":{"rendered":"https:\/\/www.portalalerta.com.br\/?p=47158"},"modified":"2023-02-05T15:46:54","modified_gmt":"2023-02-05T18:46:54","slug":"camara-municipal-aprova-doacao-de-area-para-implantacao-de-campus-uneb-em-jeremoabo-ba","status":"publish","type":"post","link":"https:\/\/www.portalalerta.com.br\/index.php\/2023\/02\/05\/camara-municipal-aprova-doacao-de-area-para-implantacao-de-campus-uneb-em-jeremoabo-ba\/","title":{"rendered":"C\u00e2mara Municipal aprova doa\u00e7\u00e3o de \u00e1rea para implanta\u00e7\u00e3o de Campus UNEB em Jeremoabo BA"},"content":{"rendered":"\n<p>A C\u00e2mara Municipal de Jeremoabo-BA, em sess\u00e3o extraordin\u00e1ria realizada na \u00faltima ter\u00e7a-feira (31), aprovou o Projeto de Lei 01\/2023, de 23.01.2023, que autoriza o Chefe do Poder Executivo a doar im\u00f3vel a UNEB \u2013 Universidade Estadual da Bahia.<\/p>\n\n\n\n<!--more-->\n\n\n\n<p>O im\u00f3vel, de 50 hectares, de propriedade do munic\u00edpio \u00e9 no local onde est\u00e1 instalado o CETEP (CENTRO TERRITORIAL DE EDUCA\u00c7\u00c3O PROFISSIONAL DO SEMI\u00c1RIDO DO NORDESTE II) ter\u00e1 a finalidade de implanta\u00e7\u00e3o e Campus da UNEB no munic\u00edpio, mantendo-se os cursos t\u00e9cnicos j\u00e1 em funcionamento na Escola.<\/p>\n\n\n\n<p>O projeto foi aprovado por unanimidade dos vereadores presentes, ausentes apenas o Presidente da Casa, Kak\u00e1 de Sonso (PSD) e do vereador Z\u00e9 Mi\u00fado (Republicanos) que n\u00e3o conseguiram conciliar agenda pra participa\u00e7\u00e3o e estavam em viagem. Em fun\u00e7\u00e3o da aus\u00eancia do Presidente a sess\u00e3o foi conduzida pelo vice-presidente, vereador Sidnei Reis Macedo (Republicanos).<\/p>\n\n\n\n<p>Da sess\u00e3o, participaram as professoras Floriza Sena e Valda Aroucha, que fizeram uma apresenta\u00e7\u00e3o do Projeto e utilizaram a tribuna livre.<\/p>\n\n\n\n<p>Em sua fala, a professora Floriza destacou que<\/p>\n\n\n\n<p><em><strong>\u201cJeremoabo tem uma grande representa\u00e7\u00e3o regional e \u00e9 preciso unir poder p\u00fablico, institui\u00e7\u00f5es&#8230; todos de bra\u00e7os dados &#8230; para superar dificuldades que a regi\u00e3o tem&#8230; a universidade vai permitir que todos continuem no campo, mas com dignidade&#8230; nosso compromisso \u00e9 social e humano&#8230;\u201d<\/strong><\/em><\/p>\n\n\n\n<p>Os vereadores, quase de maneira un\u00e2nime, destacaram a import\u00e2ncia da data e a alegria de ter um sonho coletivo come\u00e7ando a se tornar realidade.<\/p>\n\n\n\n<p>Destaque-se ainda que em reuni\u00e3o especial com os vereadores, pela manh\u00e3, antes da vota\u00e7\u00e3o, al\u00e9m das professoras, tamb\u00e9m participaram o Diretor do Departamento UNEB de Paulo Afonso, Vinicius; a t\u00e9cnica J\u00e9ssica da UNEB e o pesquisador do OPAR\u00c0, o jeremoabense Pedro Son, que tamb\u00e9m assina esta mat\u00e9ria, um dos lutadores pela vinda da institui\u00e7\u00e3o.<\/p>\n\n\n\n<p>O momento tamb\u00e9m \u00e9 de destacar o pronto acolhimento da gest\u00e3o municipal, atrav\u00e9s do Prefeito Municipal, Derisvaldo Jos\u00e9 dos Santos; Secret\u00e1rio de Administra\u00e7\u00e3o, Jo\u00e3o Batista Andrade e Secret\u00e1ria de Educa\u00e7\u00e3o, Alessandra, que abra\u00e7aram a ideia e permitiram que o projeto tenha segmento.<\/p>\n\n\n\n<p>O Campus, al\u00e9m do funcionamento dos cursos, acolher\u00e1 o centro de pesquisas OPAR\u00c0 da UNEB e ter\u00e1 parceria, na implanta\u00e7\u00e3o, do COMIT\u00ca DE BACIA HIDROGR\u00c1FICA DO S\u00c3O FRANCISCO.<\/p>\n\n\n\n<p>O an\u00fancio da aprova\u00e7\u00e3o e da chegada da institui\u00e7\u00e3o ao munic\u00edpio foi recebida com muita alegria pela regi\u00e3o, principalmente os quilombolas, ind\u00edgenas, camponeses, agricultores rurais e juventude rural e urbana e traz esperan\u00e7a e um estado de \u00e2nimo gela muito positivo.<\/p>\n\n\n\n<p><em>Fonte: Jeremoabo.com.br<\/em><\/p>\n","protected":false},"excerpt":{"rendered":"<p>A C\u00e2mara Municipal de Jeremoabo-BA, em sess\u00e3o extraordin\u00e1ria realizada na \u00faltima ter\u00e7a-feira (31), aprovou o Projeto de Lei 01\/2023, de 23.01.2023, que autoriza o Chefe do Poder Executivo a doar im\u00f3vel a UNEB \u2013 Universidade Estadual da Bahia.<\/p>\n","protected":false},"author":2,"featured_media":43642,"comment_status":"open","ping_status":"open","sticky":false,"template":"","format":"standard","meta":{"om_disable_all_campaigns":false,"_monsterinsights_skip_tracking":false,"_monsterinsights_sitenote_active":false,"_monsterinsights_sitenote_note":"","_monsterinsights_sitenote_category":0,"footnotes":""},"categories":[33,70,20,9,69,32],"tags":[100,71,48,4179,211,75,4178,4180,148,129,107,4181,132,230,3828,106,203,120,51,145,109,88,47,111,5064,1369],"class_list":["post-47158","post","type-post","status-publish","format-standard","has-post-thumbnail","hentry","category-bahia","category-destaques","category-educacao","category-jeremoabo","category-noticias2","category-regiao","tag-adustina","tag-antas","tag-araci","tag-banzae-2","tag-camara-de-vereadores","tag-cicero-dantas","tag-cipo-2","tag-crisopolis-2","tag-doacao","tag-euclides-da-cunha","tag-fatima","tag-heliopolis-2","tag-itapicuru","tag-jeremoabo","tag-noticias","tag-nova-soure","tag-novo-triunfo","tag-olindina","tag-paripiranga","tag-prefeitura","tag-quijingue","tag-ribeira-do-amparo","tag-ribeira-do-pombal","tag-sitio-do-quinto","tag-terreno","tag-uneb"],"aioseo_notices":[],"_links":{"self":[{"href":"https:\/\/www.portalalerta.com.br\/index.php\/wp-json\/wp\/v2\/posts\/47158","targetHints":{"allow":["GET"]}}],"collection":[{"href":"https:\/\/www.portalalerta.com.br\/index.php\/wp-json\/wp\/v2\/posts"}],"about":[{"href":"https:\/\/www.portalalerta.com.br\/index.php\/wp-json\/wp\/v2\/types\/post"}],"author":[{"embeddable":true,"href":"https:\/\/www.portalalerta.com.br\/index.php\/wp-json\/wp\/v2\/users\/2"}],"replies":[{"embeddable":true,"href":"https:\/\/www.portalalerta.com.br\/index.php\/wp-json\/wp\/v2\/comments?post=47158"}],"version-history":[{"count":1,"href":"https:\/\/www.portalalerta.com.br\/index.php\/wp-json\/wp\/v2\/posts\/47158\/revisions"}],"predecessor-version":[{"id":47159,"href":"https:\/\/www.portalalerta.com.br\/index.php\/wp-json\/wp\/v2\/posts\/47158\/revisions\/47159"}],"wp:featuredmedia":[{"embeddable":true,"href":"https:\/\/www.portalalerta.com.br\/index.php\/wp-json\/wp\/v2\/media\/43642"}],"wp:attachment":[{"href":"https:\/\/www.portalalerta.com.br\/index.php\/wp-json\/wp\/v2\/media?parent=47158"}],"wp:term":[{"taxonomy":"category","embeddable":true,"href":"https:\/\/www.portalalerta.com.br\/index.php\/wp-json\/wp\/v2\/categories?post=47158"},{"taxonomy":"post_tag","embeddable":true,"href":"https:\/\/www.portalalerta.com.br\/index.php\/wp-json\/wp\/v2\/tags?post=47158"}],"curies":[{"name":"wp","href":"https:\/\/api.w.org\/{rel}","templated":true}]}}