{"id":47160,"date":"2023-02-05T16:15:05","date_gmt":"2023-02-05T19:15:05","guid":{"rendered":"https:\/\/www.portalalerta.com.br\/?p=47160"},"modified":"2023-02-05T16:15:07","modified_gmt":"2023-02-05T19:15:07","slug":"como-a-trama-denunciada-por-marcos-do-val-se-conecta-a-minuta-golpista-e-8-de-janeiro","status":"publish","type":"post","link":"https:\/\/www.portalalerta.com.br\/index.php\/2023\/02\/05\/como-a-trama-denunciada-por-marcos-do-val-se-conecta-a-minuta-golpista-e-8-de-janeiro\/","title":{"rendered":"Como a trama denunciada por Marcos do Val se conecta a minuta golpista e 8 de janeiro"},"content":{"rendered":"\n<p>Em um mesmo dia,\u00a0Alexandre de Moraes mandou prender Daniel Silveira,\u00a0Anderson Torres disse \u00e0 Pol\u00edcia Federal que perdeu seu celular nos EUA, Valdemar Costa Neto disse que o plano para implodir a Justi\u00e7a Eleitoral era s\u00f3 uma \u201cmet\u00e1fora\u201d e o\u00a0senador Marcos do Val (Podemos-ES)\u00a0soltou uma bomba sobre a participa\u00e7\u00e3o de Jair Bolsonaro (PL) em uma trama golpista.<\/p>\n\n\n\n<!--more-->\n\n\n\n<p><strong>Os eventos est\u00e3o todos interconectados.<\/strong><\/p>\n\n\n\n<p>Silveira voltou \u00e0 pris\u00e3o assim que se tornou oficialmente um ex-deputado. Sem foro, foi levado para a pris\u00e3o em cela comum por ordem do ministro do Supremo Tribunal Federal ap\u00f3s descumprir uma s\u00e9rie de medidas cautelares, como o uso de tornozeleira eletr\u00f4nica. Ele \u00e9 investigado por estimular a viol\u00eancia contra ministros do STF.<\/p>\n\n\n<div class=\"wp-block-image\">\n<figure class=\"alignleft size-full is-resized\"><img fetchpriority=\"high\" decoding=\"async\" src=\"https:\/\/www.portalalerta.com.br\/wp-content\/uploads\/2021\/04\/ELAB.jpg\" alt=\"\" class=\"wp-image-34795\" width=\"393\" height=\"314\" srcset=\"https:\/\/www.portalalerta.com.br\/wp-content\/uploads\/2021\/04\/ELAB.jpg 1000w, https:\/\/www.portalalerta.com.br\/wp-content\/uploads\/2021\/04\/ELAB-300x240.jpg 300w, https:\/\/www.portalalerta.com.br\/wp-content\/uploads\/2021\/04\/ELAB-768x614.jpg 768w, https:\/\/www.portalalerta.com.br\/wp-content\/uploads\/2021\/04\/ELAB-183x146.jpg 183w, https:\/\/www.portalalerta.com.br\/wp-content\/uploads\/2021\/04\/ELAB-50x40.jpg 50w, https:\/\/www.portalalerta.com.br\/wp-content\/uploads\/2021\/04\/ELAB-94x75.jpg 94w\" sizes=\"(max-width: 393px) 100vw, 393px\" \/><\/figure><\/div>\n\n\n<p>Torres, ex-ministro da Justi\u00e7a e ex-secret\u00e1rio respons\u00e1vel pela seguran\u00e7a do Distrito Federal no dia em que as sedes dos Tr\u00eas Poderes foram invadidas e depredadas, disse no mesmo dia, em depoimento \u00e0 PF, que n\u00e3o tem ideia de quem redigiu a minuta golpista apreendida em sua resid\u00eancia.<\/p>\n\n\n\n<p>S\u00f3 n\u00e3o tem como provar o que diz porque estava nos EUA, perto do ex-chefe, quando recebeu a ordem de pris\u00e3o e, com a cabe\u00e7a na lua, viajou sem o aparelho na bagagem. Acontece muito.<\/p>\n\n\n\n<p>Costa Neto, chefe do partido de Bolsonaro, disse que minutas do tipo eram \u201cplantadas\u201d no bolso de todo mundo o tempo todo. Chamado \u00e0 pol\u00edcia para se justificar, disse que tudo n\u00e3o passou de figura de linguagem.<\/p>\n\n\n\n<p>Curioso porque os atos de 8 de janeiro n\u00e3o eram nada metaf\u00f3ricos: os rastros de destrui\u00e7\u00e3o nos pr\u00e9dios do Executivo, do Legislativo e, principalmente, do Judici\u00e1rio s\u00e3o consequ\u00eancias da escalada golpista alimentada por Bolsonaro enquanto tramava um jeito de evitar a posse de Lula (PT).<\/p>\n\n\n\n<p>Bolsonaro fugiu do Brasil \u00e0s v\u00e9speras da cerim\u00f4nia, n\u00e3o passou a faixa presidencial ao seu sucessor, e antes de partir deixou claro que tentou de todo jeito ampliar sua estadia no Planalto. Faltou apoio. E algo mais.<\/p>\n\n\n\n<p>A minuta golpista, que de met\u00e1fora tamb\u00e9m n\u00e3o tinha nada, era um passo a passo de como Bolsonaro pretendia tomar de assalto a Justi\u00e7a Federal, por meio de um decreto de Estado de Defesa.<\/p>\n\n\n\n<p>O barril de p\u00f3lvora estava cheio; faltava quem acendesse a fagulha.<\/p>\n\n\n\n<p>Isso teria acontecido se Do Val tivesse aceitado a miss\u00e3o de gravar uma conversa com Alexandre de Moraes para flagrar algum ind\u00edcio de que ele atuou \u201cfora das quatro linhas\u201d durante a elei\u00e7\u00e3o. A ironia \u00e9 que o mentor intelectual (sic) de tudo isso era ningu\u00e9m menos que Daniel Silveira, um ex-policial obtuso que Bolsonaro jurava mal conhecer at\u00e9 conceder a ele um indulto para livr\u00e1-lo da pris\u00e3o enquanto fosse presidente.<\/p>\n\n\n\n<p>Da conversa armada com Moraes, pensavam os espert\u00f5es, surgiriam trechos comprometedores e facilmente edit\u00e1veis para serem jogados como bomba na multid\u00e3o reunida e bem alimentada por patrocinadores interessados na causa em frente aos quart\u00e9is.<\/p>\n\n\n\n<p>A como\u00e7\u00e3o levaria Bolsonaro a decretar estado de emerg\u00eancia e anular as elei\u00e7\u00f5es sem que nada ou ningu\u00e9m pudesse det\u00ea-lo, j\u00e1 que Moraes estaria preso em flagrante.<\/p>\n\n\n\n<p>Como se sabe, nada disso aconteceu.<\/p>\n\n\n\n<p>Do Val n\u00e3o topou a empreitada e Lula tomou posse.<\/p>\n\n\n\n<p>O plano B de Bolsonaro e dos detentores da minuta, ao que tudo indica, era deixar o Brasil e legar aos generais o controle do territ\u00f3rio nacional por meio de um decreto de Garantia da Lei e da Ordem assinada n\u00e3o por ele, mas por seu sucessor, Lula. O petista percebeu a armadilha no dia 8 e n\u00e3o caiu. Restringiu a interven\u00e7\u00e3o federal ao Distrito Federal, onde reorganizou, aos trancos, a estrutura da seguran\u00e7a do DF. Os respons\u00e1veis pela invas\u00e3o est\u00e3o presos e\/ou investigados.<\/p>\n\n\n\n<p>Todos os eventos est\u00e3o conectados, e s\u00f3 n\u00e3o se sabe por que um bolsonarista de quatro costados como Marcos Do Val resolveu denunciar o plano golpista quase dois meses ap\u00f3s a tramoia. Por dor na consci\u00eancia n\u00e3o foi.<\/p>\n\n\n\n<p>H\u00e1 quem veja na estrat\u00e9gia uma \u00faltima tentativa de tirar Alexandre de Moraes do jogo tornando-o suspeito para relatar um inqu\u00e9rito do qual \u00e9 citado como parte \u2013 mesmo que como testemunha ou poss\u00edvel v\u00edtima.<\/p>\n\n\n\n<p>Mais dif\u00edcil ainda \u00e9 saber o que motiva o senador capixaba a mudar tantas vezes de vers\u00e3o desde que soltou a \u201cbomba\u201d.<\/p>\n\n\n\n<p>Em seus tempos de (mau) militar, Bolsonaro era descrito por seus superiores como algu\u00e9m que <strong><em>\u201ctinha permanentemente a inten\u00e7\u00e3o de liderar os oficiais subalternos, no que foi sempre repelido, tanto em raz\u00e3o do tratamento agressivo dispensado a seus camaradas, como pela falta de l\u00f3gica, racionalidade e equil\u00edbrio na apresenta\u00e7\u00e3o de seus argumentos\u201d<\/em><\/strong>.<\/p>\n\n\n\n<p>Pelo jeito nem todos os subalternos o repeliam. Alguns foram tamb\u00e9m contagiados.<\/p>\n\n\n\n<p><em>Fonte: Yahoo Not\u00edcias<\/em><\/p>\n","protected":false},"excerpt":{"rendered":"<p>Em um mesmo dia,\u00a0Alexandre de Moraes mandou prender Daniel Silveira,\u00a0Anderson Torres disse \u00e0 Pol\u00edcia Federal que perdeu seu celular nos EUA, Valdemar Costa Neto disse que o plano para implodir a Justi\u00e7a Eleitoral era s\u00f3 uma \u201cmet\u00e1fora\u201d e o\u00a0senador Marcos do Val (Podemos-ES)\u00a0soltou uma bomba sobre a participa\u00e7\u00e3o de Jair Bolsonaro (PL) em uma trama &hellip;<\/p>\n","protected":false},"author":2,"featured_media":47161,"comment_status":"open","ping_status":"open","sticky":false,"template":"","format":"standard","meta":{"om_disable_all_campaigns":false,"_monsterinsights_skip_tracking":false,"_monsterinsights_sitenote_active":false,"_monsterinsights_sitenote_note":"","_monsterinsights_sitenote_category":0,"footnotes":""},"categories":[34,70,69,21],"tags":[100,1173,71,48,4179,93,75,4178,4180,129,107,4181,132,230,5891,3828,106,203,120,51,109,88,47,111,190],"class_list":["post-47160","post","type-post","status-publish","format-standard","has-post-thumbnail","hentry","category-brasil","category-destaques","category-noticias2","category-politica","tag-adustina","tag-alexandre-de-moraes","tag-antas","tag-araci","tag-banzae-2","tag-brasil","tag-cicero-dantas","tag-cipo-2","tag-crisopolis-2","tag-euclides-da-cunha","tag-fatima","tag-heliopolis-2","tag-itapicuru","tag-jeremoabo","tag-marcos-do-val","tag-noticias","tag-nova-soure","tag-novo-triunfo","tag-olindina","tag-paripiranga","tag-quijingue","tag-ribeira-do-amparo","tag-ribeira-do-pombal","tag-sitio-do-quinto","tag-tucano"],"aioseo_notices":[],"_links":{"self":[{"href":"https:\/\/www.portalalerta.com.br\/index.php\/wp-json\/wp\/v2\/posts\/47160","targetHints":{"allow":["GET"]}}],"collection":[{"href":"https:\/\/www.portalalerta.com.br\/index.php\/wp-json\/wp\/v2\/posts"}],"about":[{"href":"https:\/\/www.portalalerta.com.br\/index.php\/wp-json\/wp\/v2\/types\/post"}],"author":[{"embeddable":true,"href":"https:\/\/www.portalalerta.com.br\/index.php\/wp-json\/wp\/v2\/users\/2"}],"replies":[{"embeddable":true,"href":"https:\/\/www.portalalerta.com.br\/index.php\/wp-json\/wp\/v2\/comments?post=47160"}],"version-history":[{"count":1,"href":"https:\/\/www.portalalerta.com.br\/index.php\/wp-json\/wp\/v2\/posts\/47160\/revisions"}],"predecessor-version":[{"id":47162,"href":"https:\/\/www.portalalerta.com.br\/index.php\/wp-json\/wp\/v2\/posts\/47160\/revisions\/47162"}],"wp:featuredmedia":[{"embeddable":true,"href":"https:\/\/www.portalalerta.com.br\/index.php\/wp-json\/wp\/v2\/media\/47161"}],"wp:attachment":[{"href":"https:\/\/www.portalalerta.com.br\/index.php\/wp-json\/wp\/v2\/media?parent=47160"}],"wp:term":[{"taxonomy":"category","embeddable":true,"href":"https:\/\/www.portalalerta.com.br\/index.php\/wp-json\/wp\/v2\/categories?post=47160"},{"taxonomy":"post_tag","embeddable":true,"href":"https:\/\/www.portalalerta.com.br\/index.php\/wp-json\/wp\/v2\/tags?post=47160"}],"curies":[{"name":"wp","href":"https:\/\/api.w.org\/{rel}","templated":true}]}}