{"id":47166,"date":"2023-02-05T16:32:53","date_gmt":"2023-02-05T19:32:53","guid":{"rendered":"https:\/\/www.portalalerta.com.br\/?p=47166"},"modified":"2023-02-05T16:32:54","modified_gmt":"2023-02-05T19:32:54","slug":"governo-recebe-informacoes-sobre-saidas-espontaneas-de-garimpeiros-da-terra-yanomami","status":"publish","type":"post","link":"https:\/\/www.portalalerta.com.br\/index.php\/2023\/02\/05\/governo-recebe-informacoes-sobre-saidas-espontaneas-de-garimpeiros-da-terra-yanomami\/","title":{"rendered":"Governo recebe informa\u00e7\u00f5es sobre sa\u00eddas espont\u00e2neas de garimpeiros da terra Yanomami"},"content":{"rendered":"\n<p>O\u00a0governo federal\u00a0teve not\u00edcias sobre a eventual retirada espont\u00e2nea de alguns grupos de garimpeiros que invadiram a\u00a0Terra Ind\u00edgena Yanomami. A ministra dos Povos Ind\u00edgenas, S\u00f4nia Guajajara, confirmou a informa\u00e7\u00e3o sobre a detec\u00e7\u00e3o de fluxos de garimpeiros quando visitou Boa Vista neste s\u00e1bado (4), para acompanhar o andamento da declara\u00e7\u00e3o de estado de emerg\u00eancia em sa\u00fade p\u00fablica na terra ind\u00edgena. As a\u00e7\u00f5es de emerg\u00eancia foram iniciadas pelo governo\u00a0Lula (PT)\u00a0no dia 20.<\/p>\n\n\n\n<!--more-->\n\n\n\n<p>H\u00e1 sinais de que houve grupos de garimpeiros recentemente, procurando \u00e1reas com minera\u00e7\u00e3o de ouro.<\/p>\n\n\n\n<p><strong><em>\u201cTemos essa informa\u00e7\u00e3o de que muitos garimpeiros est\u00e3o saindo. \u00c9 bom que saiam mesmo. Retirar 20 mil garimpeiros demora um tempinho\u201d,<\/em><\/strong> disse Guajajara na tarde deste s\u00e1bado. <strong><em>\u201cSe eles come\u00e7am a sair, est\u00e3o corretos. Melhor para todo mundo se saem sem precisar da a\u00e7\u00e3o da for\u00e7a de seguran\u00e7a.\u201d<\/em><\/strong><\/p>\n\n\n<div class=\"wp-block-image\">\n<figure class=\"alignleft size-large is-resized\"><img fetchpriority=\"high\" decoding=\"async\" src=\"https:\/\/www.portalalerta.com.br\/wp-content\/uploads\/2023\/01\/Real-Volta-as-Aulas-2023-816x1024.jpeg\" alt=\"\" class=\"wp-image-46862\" width=\"395\" height=\"496\"\/><\/figure><\/div>\n\n\n<p>A ministra disse que as not\u00edcias sobre a poss\u00edvel sa\u00edda de alguns garimpeiros foram relatadas por agentes de intelig\u00eancia do governo, por funcion\u00e1rios que est\u00e3o na \u00e1rea desde que o estado de emerg\u00eancia foi declarado, por equipes que fazem sobrevoo no Distrito Sanit\u00e1rio Especial Ind\u00edgena (DSEI) e por membros de associa\u00e7\u00f5es de ind\u00edgenas.<\/p>\n\n\n\n<p>Lula anunciou que as mais de 20 mil pessoas que invadiram a terra ind\u00edgena ser\u00e3o retiradas em opera\u00e7\u00f5es do governo federal, sem especificar uma data. Os pormenores sobre essa expuls\u00e3o, que j\u00e1 foi determinada pelo Supremo Tribunal Federal (STF), cabem ao Minist\u00e9rio da Justi\u00e7a e Seguran\u00e7a P\u00fablica, segundo a ministra dos Povos Ind\u00edgenas.<\/p>\n\n\n\n<p>Acompanhando a ministra, a diretora de Promo\u00e7\u00e3o ao Desenvolvimento Sustent\u00e1vel da Funai (Funda\u00e7\u00e3o Nacional dos Povos Ind\u00edgenas), Lucia Alberta Andrade, disse que a retirada dos garimpeiros deve impedir que se repitam os erros cometidos nos anos 90, quando tamb\u00e9m houve uma ocupa\u00e7\u00e3o do territ\u00f3rio por invasores, em quantidade at\u00e9 mesmo superior \u00e0 atual, pelas estimativas existentes.<\/p>\n\n\n\n<p><strong><em>\u201cDeve haver muito cuidado para que n\u00e3o ocorra como na d\u00e9cada de 90, quando garimpeiros foram para Raposa Serra do Sol [outra terra ind\u00edgena em Roraima] e para outros garimpos ilegais\u201d,<\/em><\/strong> disse Andrade.<\/p>\n\n\n\n<p>De acordo com ela, qualquer a\u00e7\u00e3o de remo\u00e7\u00e3o dos invasores deve considerar a presen\u00e7a dos nativos isolados na terra yanomami.<\/p>\n\n\n\n<p>H\u00e1 registros de garimpeiros que, ap\u00f3s caminharem pela vegeta\u00e7\u00e3o, procuram pistas de pouso ilegais para abandonar as \u00e1reas de garimpo.&nbsp;A\u00e7\u00f5es s\u00e3o pensadas com o governo de Roraima para transportar quem quiser sair.<\/p>\n\n\n\n<p><strong><em>\u201c\u00c9 preciso combater a raiz, que \u00e9 o garimpo ilegal. N\u00e3o \u00e9 poss\u00edvel que mais de 30 mil ind\u00edgenas yanomamis sigam convivendo com 20 mil garimpeiros em seu territ\u00f3rio\u201d,<\/em><\/strong> disse Guajajara.&nbsp;<\/p>\n\n\n\n<p><strong><em>\u201cO governo federal est\u00e1 organizando a\u00e7\u00f5es de retirada de garimpeiros, perfura\u00e7\u00e3o de po\u00e7os artesianos e servi\u00e7os de comunica\u00e7\u00e3o\u201d<\/em><\/strong>, completou.<\/p>\n\n\n\n<p>A ministra, no entanto, n\u00e3o informou quando a retirada ir\u00e1 ocorrer. Segundo ela,&nbsp;equipes de sa\u00fade enviadas \u00e0s regi\u00f5es de Surucucu e Auaris, as mais impactadas pela crise de sa\u00fade, com explos\u00e3o de casos de mal\u00e1ria e desnutri\u00e7\u00e3o grave, precisam ser mantidas em seguran\u00e7a.<\/p>\n\n\n\n<p>Em janeiro, 223 yanomamis foram levados da terra ind\u00edgena a unidades de sa\u00fade em Boa Vista. O principal motivo foram quadros graves de mal\u00e1ria, desnutri\u00e7\u00e3o, pneumonia e outras doen\u00e7as oportunistas da fome.<\/p>\n\n\n\n<p><em>Fonte: Chico Sabe Tudo<\/em><\/p>\n","protected":false},"excerpt":{"rendered":"<p>O\u00a0governo federal\u00a0teve not\u00edcias sobre a eventual retirada espont\u00e2nea de alguns grupos de garimpeiros que invadiram a\u00a0Terra Ind\u00edgena Yanomami. A ministra dos Povos Ind\u00edgenas, S\u00f4nia Guajajara, confirmou a informa\u00e7\u00e3o sobre a detec\u00e7\u00e3o de fluxos de garimpeiros quando visitou Boa Vista neste s\u00e1bado (4), para acompanhar o andamento da declara\u00e7\u00e3o de estado de emerg\u00eancia em sa\u00fade p\u00fablica &hellip;<\/p>\n","protected":false},"author":2,"featured_media":47096,"comment_status":"open","ping_status":"open","sticky":false,"template":"","format":"standard","meta":{"om_disable_all_campaigns":false,"_monsterinsights_skip_tracking":false,"_monsterinsights_sitenote_active":false,"_monsterinsights_sitenote_note":"","_monsterinsights_sitenote_category":0,"footnotes":""},"categories":[34,70,69,21,22],"tags":[100,71,48,4179,93,75,4178,4180,129,107,5892,800,4181,132,230,3828,106,203,120,51,109,88,47,111,190,5863],"class_list":["post-47166","post","type-post","status-publish","format-standard","has-post-thumbnail","hentry","category-brasil","category-destaques","category-noticias2","category-politica","category-seguranca","tag-adustina","tag-antas","tag-araci","tag-banzae-2","tag-brasil","tag-cicero-dantas","tag-cipo-2","tag-crisopolis-2","tag-euclides-da-cunha","tag-fatima","tag-garimpeiros","tag-garimpo","tag-heliopolis-2","tag-itapicuru","tag-jeremoabo","tag-noticias","tag-nova-soure","tag-novo-triunfo","tag-olindina","tag-paripiranga","tag-quijingue","tag-ribeira-do-amparo","tag-ribeira-do-pombal","tag-sitio-do-quinto","tag-tucano","tag-yanomami"],"aioseo_notices":[],"_links":{"self":[{"href":"https:\/\/www.portalalerta.com.br\/index.php\/wp-json\/wp\/v2\/posts\/47166","targetHints":{"allow":["GET"]}}],"collection":[{"href":"https:\/\/www.portalalerta.com.br\/index.php\/wp-json\/wp\/v2\/posts"}],"about":[{"href":"https:\/\/www.portalalerta.com.br\/index.php\/wp-json\/wp\/v2\/types\/post"}],"author":[{"embeddable":true,"href":"https:\/\/www.portalalerta.com.br\/index.php\/wp-json\/wp\/v2\/users\/2"}],"replies":[{"embeddable":true,"href":"https:\/\/www.portalalerta.com.br\/index.php\/wp-json\/wp\/v2\/comments?post=47166"}],"version-history":[{"count":1,"href":"https:\/\/www.portalalerta.com.br\/index.php\/wp-json\/wp\/v2\/posts\/47166\/revisions"}],"predecessor-version":[{"id":47167,"href":"https:\/\/www.portalalerta.com.br\/index.php\/wp-json\/wp\/v2\/posts\/47166\/revisions\/47167"}],"wp:featuredmedia":[{"embeddable":true,"href":"https:\/\/www.portalalerta.com.br\/index.php\/wp-json\/wp\/v2\/media\/47096"}],"wp:attachment":[{"href":"https:\/\/www.portalalerta.com.br\/index.php\/wp-json\/wp\/v2\/media?parent=47166"}],"wp:term":[{"taxonomy":"category","embeddable":true,"href":"https:\/\/www.portalalerta.com.br\/index.php\/wp-json\/wp\/v2\/categories?post=47166"},{"taxonomy":"post_tag","embeddable":true,"href":"https:\/\/www.portalalerta.com.br\/index.php\/wp-json\/wp\/v2\/tags?post=47166"}],"curies":[{"name":"wp","href":"https:\/\/api.w.org\/{rel}","templated":true}]}}