{"id":47182,"date":"2023-02-06T09:03:00","date_gmt":"2023-02-06T12:03:00","guid":{"rendered":"https:\/\/www.portalalerta.com.br\/?p=47182"},"modified":"2023-02-05T20:56:21","modified_gmt":"2023-02-05T23:56:21","slug":"embaixador-da-ue-critica-postura-de-lula-com-paises-de-esquerda","status":"publish","type":"post","link":"https:\/\/www.portalalerta.com.br\/index.php\/2023\/02\/06\/embaixador-da-ue-critica-postura-de-lula-com-paises-de-esquerda\/","title":{"rendered":"Embaixador da UE critica postura de Lula com pa\u00edses de esquerda"},"content":{"rendered":"\n<p>Petista \u00e9 questionado sobre a postura com a Venezuela, Cuba e Nicar\u00e1gua<\/p>\n\n\n\n<!--more-->\n\n\n\n<p>O embaixador da Uni\u00e3o Europeia no Brasil, Ignacio Yb\u00e1\u00f1ez, disse que a\u00a0 postura do presidente\u00a0Lula\u00a0(PT) em rela\u00e7\u00e3o aos regimes da Venezuela, de Cuba e da Nicar\u00e1gua.<\/p>\n\n\n\n<p>O parlamentar compartilhou um artigo de Dem\u00e9trio Magnolli, no jornal Folha de S.Paulo, com o verso <strong><em>&#8220;O tempo passou na janela e s\u00f3 Carolina n\u00e3o viu&#8221;<\/em><\/strong>. A letra \u00e9 de uma can\u00e7\u00e3o de Chico Buarque, que \u00e9 citado na coluna.<\/p>\n\n\n\n<p>No texto, Magnoli diz que Lula n\u00e3o aproveitou a <strong><em>&#8220;oportunidade de levantar a voz por elei\u00e7\u00f5es livres na Venezuela, uma abertura pol\u00edtica em Cuba e o fim da selvagem repress\u00e3o do regime de Ortega na Nicar\u00e1gua&#8221;<\/em><\/strong>.<\/p>\n\n\n\n<p>Neste come\u00e7o de governo, Lula retomou sua pol\u00edtica externa com pa\u00edses da Am\u00e9rica Latina. O Brasil retornou para a Comunidade dos Estados Latino-americanos e Caribenhos (Celac).&nbsp;<\/p>\n\n\n\n<p><strong><em>\u201cO tempo passou na janela e s\u00f3 Carolina n\u00e3o viu.\u201d<\/em><\/strong> Dem\u00e9trio Magnoli&nbsp;<a href=\"https:\/\/t.co\/kLMbwSXBdN\">https:\/\/t.co\/kLMbwSXBdN<\/a><\/p>\n\n\n\n<p>\u2014 Ignacio Yb\u00e1\u00f1ez \ud83c\uddea\ud83c\uddfa (@IgnacioYbanez)&nbsp;<a href=\"https:\/\/twitter.com\/IgnacioYbanez\/status\/1622226136745779202?ref_src=twsrc%5Etfw\">February 5, 2023<\/a><\/p>\n\n\n\n<p><em>Fonte: A Tarde<\/em><\/p>\n","protected":false},"excerpt":{"rendered":"<p>Petista \u00e9 questionado sobre a postura com a Venezuela, Cuba e Nicar\u00e1gua<\/p>\n","protected":false},"author":2,"featured_media":32169,"comment_status":"open","ping_status":"open","sticky":false,"template":"","format":"standard","meta":{"om_disable_all_campaigns":false,"_monsterinsights_skip_tracking":false,"_monsterinsights_sitenote_active":false,"_monsterinsights_sitenote_note":"","_monsterinsights_sitenote_category":0,"footnotes":""},"categories":[34,70,35,69,21],"tags":[100,71,48,4179,93,75,4178,4180,3383,129,107,4181,132,230,303,339,3828,106,203,120,51,199,109,88,47,111,190,2089],"class_list":["post-47182","post","type-post","status-publish","format-standard","has-post-thumbnail","hentry","category-brasil","category-destaques","category-mundo","category-noticias2","category-politica","tag-adustina","tag-antas","tag-araci","tag-banzae-2","tag-brasil","tag-cicero-dantas","tag-cipo-2","tag-crisopolis-2","tag-embaixador","tag-euclides-da-cunha","tag-fatima","tag-heliopolis-2","tag-itapicuru","tag-jeremoabo","tag-lula","tag-mundo","tag-noticias","tag-nova-soure","tag-novo-triunfo","tag-olindina","tag-paripiranga","tag-politica","tag-quijingue","tag-ribeira-do-amparo","tag-ribeira-do-pombal","tag-sitio-do-quinto","tag-tucano","tag-uniao-europeia"],"aioseo_notices":[],"_links":{"self":[{"href":"https:\/\/www.portalalerta.com.br\/index.php\/wp-json\/wp\/v2\/posts\/47182","targetHints":{"allow":["GET"]}}],"collection":[{"href":"https:\/\/www.portalalerta.com.br\/index.php\/wp-json\/wp\/v2\/posts"}],"about":[{"href":"https:\/\/www.portalalerta.com.br\/index.php\/wp-json\/wp\/v2\/types\/post"}],"author":[{"embeddable":true,"href":"https:\/\/www.portalalerta.com.br\/index.php\/wp-json\/wp\/v2\/users\/2"}],"replies":[{"embeddable":true,"href":"https:\/\/www.portalalerta.com.br\/index.php\/wp-json\/wp\/v2\/comments?post=47182"}],"version-history":[{"count":1,"href":"https:\/\/www.portalalerta.com.br\/index.php\/wp-json\/wp\/v2\/posts\/47182\/revisions"}],"predecessor-version":[{"id":47183,"href":"https:\/\/www.portalalerta.com.br\/index.php\/wp-json\/wp\/v2\/posts\/47182\/revisions\/47183"}],"wp:featuredmedia":[{"embeddable":true,"href":"https:\/\/www.portalalerta.com.br\/index.php\/wp-json\/wp\/v2\/media\/32169"}],"wp:attachment":[{"href":"https:\/\/www.portalalerta.com.br\/index.php\/wp-json\/wp\/v2\/media?parent=47182"}],"wp:term":[{"taxonomy":"category","embeddable":true,"href":"https:\/\/www.portalalerta.com.br\/index.php\/wp-json\/wp\/v2\/categories?post=47182"},{"taxonomy":"post_tag","embeddable":true,"href":"https:\/\/www.portalalerta.com.br\/index.php\/wp-json\/wp\/v2\/tags?post=47182"}],"curies":[{"name":"wp","href":"https:\/\/api.w.org\/{rel}","templated":true}]}}