{"id":47184,"date":"2023-02-06T16:00:00","date_gmt":"2023-02-06T19:00:00","guid":{"rendered":"https:\/\/www.portalalerta.com.br\/?p=47184"},"modified":"2023-02-05T21:05:03","modified_gmt":"2023-02-06T00:05:03","slug":"policia-civil-conclui-investigacoes-sequestro-de-crianca-no-sul-da-bahia-para-ser-usada-em-ritual","status":"publish","type":"post","link":"https:\/\/www.portalalerta.com.br\/index.php\/2023\/02\/06\/policia-civil-conclui-investigacoes-sequestro-de-crianca-no-sul-da-bahia-para-ser-usada-em-ritual\/","title":{"rendered":"Pol\u00edcia Civil conclui investiga\u00e7\u00f5es sequestro de crian\u00e7a no sul da Bahia para ser usada em ritual"},"content":{"rendered":"\n<p>Pol\u00edcia afirma que outras duas pessoas est\u00e3o sendo procuradas pelo crime<\/p>\n\n\n\n<!--more-->\n\n\n<div class=\"wp-block-image\">\n<figure class=\"alignleft size-full\"><img fetchpriority=\"high\" decoding=\"async\" width=\"400\" height=\"300\" src=\"https:\/\/www.portalalerta.com.br\/wp-content\/uploads\/2023\/01\/Auto-Escola-Sonho.jpg\" alt=\"\" class=\"wp-image-47083\" srcset=\"https:\/\/www.portalalerta.com.br\/wp-content\/uploads\/2023\/01\/Auto-Escola-Sonho.jpg 400w, https:\/\/www.portalalerta.com.br\/wp-content\/uploads\/2023\/01\/Auto-Escola-Sonho-320x240.jpg 320w\" sizes=\"(max-width: 400px) 100vw, 400px\" \/><\/figure><\/div>\n\n\n<p>A Pol\u00edcia Civil concluiu as investiga\u00e7\u00f5es do caso de sequestro de uma crian\u00e7a na cidade de Caravelas, no sul da Bahia, que seria usada em um ritual \u201cde cura de c\u00e2ncer\u201d.<\/p>\n\n\n\n<p>De acordo com as autoridades, as investiga\u00e7\u00f5es foram conclu\u00eddas na quinta-feira (2). O sequestro da crian\u00e7a aconteceu no dia 14 de janeiro, duas pessoas foram detidas, Sthefany de Jesus Silva, de 25 anos, e Ailton Ferreira dos Santos, 53, dois dias ap\u00f3s o crime.<\/p>\n\n\n<div class=\"wp-block-image\">\n<figure class=\"aligncenter size-full\"><img decoding=\"async\" width=\"1024\" height=\"614\" src=\"https:\/\/www.portalalerta.com.br\/wp-content\/uploads\/2023\/02\/Sthefany-de-Jesus-Silva-e-e-Ailton-Ferreira-dos-Santos.jpg\" alt=\"\" class=\"wp-image-47185\" srcset=\"https:\/\/www.portalalerta.com.br\/wp-content\/uploads\/2023\/02\/Sthefany-de-Jesus-Silva-e-e-Ailton-Ferreira-dos-Santos.jpg 1024w, https:\/\/www.portalalerta.com.br\/wp-content\/uploads\/2023\/02\/Sthefany-de-Jesus-Silva-e-e-Ailton-Ferreira-dos-Santos-400x240.jpg 400w, https:\/\/www.portalalerta.com.br\/wp-content\/uploads\/2023\/02\/Sthefany-de-Jesus-Silva-e-e-Ailton-Ferreira-dos-Santos-768x461.jpg 768w\" sizes=\"(max-width: 1024px) 100vw, 1024px\" \/><figcaption class=\"wp-element-caption\">Foto: Reprodu\u00e7\u00e3o\/ TV Bahia<\/figcaption><\/figure><\/div>\n\n\n<p>O beb\u00ea sequestrado foi encontrado com a dupla dentro de uma mochila, em um ponto de \u00f4nibus da cidade.<\/p>\n\n\n\n<p>A pol\u00edcia afirma que outras duas pessoas est\u00e3o sendo procuradas pelo crime, s\u00e3o elas Leila de Menezes Dias e Michelle da Silva. O quarteto est\u00e1 sendo acusado de c\u00e1rcere privado e sequestro.<\/p>\n\n\n\n<p>Leila teria ajudado no sequestro, enquanto Michelle seria a mulher beneficiada no ritual. Segundo as investiga\u00e7\u00f5es, o grupo buscava crian\u00e7as na cidade e tirava fotos dos beb\u00eas para escolher o melhor. A exig\u00eancia de Michelle era um rec\u00e9m-nascido.<\/p>\n\n\n\n<p><em>Fonte: iBahia<\/em><\/p>\n","protected":false},"excerpt":{"rendered":"<p>Pol\u00edcia afirma que outras duas pessoas est\u00e3o sendo procuradas pelo crime<\/p>\n","protected":false},"author":2,"featured_media":47186,"comment_status":"open","ping_status":"open","sticky":false,"template":"","format":"standard","meta":{"om_disable_all_campaigns":false,"_monsterinsights_skip_tracking":false,"_monsterinsights_sitenote_active":false,"_monsterinsights_sitenote_note":"","_monsterinsights_sitenote_category":0,"footnotes":""},"categories":[33,70,69,22],"tags":[100,71,48,54,4179,75,4178,4180,129,107,4181,1649,132,230,3828,106,203,120,51,122,109,88,47,590,136,111,190],"class_list":["post-47184","post","type-post","status-publish","format-standard","has-post-thumbnail","hentry","category-bahia","category-destaques","category-noticias2","category-seguranca","tag-adustina","tag-antas","tag-araci","tag-bahia","tag-banzae-2","tag-cicero-dantas","tag-cipo-2","tag-crisopolis-2","tag-euclides-da-cunha","tag-fatima","tag-heliopolis-2","tag-inquerito","tag-itapicuru","tag-jeremoabo","tag-noticias","tag-nova-soure","tag-novo-triunfo","tag-olindina","tag-paripiranga","tag-policia-civil","tag-quijingue","tag-ribeira-do-amparo","tag-ribeira-do-pombal","tag-sequestradores","tag-sequestro","tag-sitio-do-quinto","tag-tucano"],"aioseo_notices":[],"_links":{"self":[{"href":"https:\/\/www.portalalerta.com.br\/index.php\/wp-json\/wp\/v2\/posts\/47184","targetHints":{"allow":["GET"]}}],"collection":[{"href":"https:\/\/www.portalalerta.com.br\/index.php\/wp-json\/wp\/v2\/posts"}],"about":[{"href":"https:\/\/www.portalalerta.com.br\/index.php\/wp-json\/wp\/v2\/types\/post"}],"author":[{"embeddable":true,"href":"https:\/\/www.portalalerta.com.br\/index.php\/wp-json\/wp\/v2\/users\/2"}],"replies":[{"embeddable":true,"href":"https:\/\/www.portalalerta.com.br\/index.php\/wp-json\/wp\/v2\/comments?post=47184"}],"version-history":[{"count":1,"href":"https:\/\/www.portalalerta.com.br\/index.php\/wp-json\/wp\/v2\/posts\/47184\/revisions"}],"predecessor-version":[{"id":47187,"href":"https:\/\/www.portalalerta.com.br\/index.php\/wp-json\/wp\/v2\/posts\/47184\/revisions\/47187"}],"wp:featuredmedia":[{"embeddable":true,"href":"https:\/\/www.portalalerta.com.br\/index.php\/wp-json\/wp\/v2\/media\/47186"}],"wp:attachment":[{"href":"https:\/\/www.portalalerta.com.br\/index.php\/wp-json\/wp\/v2\/media?parent=47184"}],"wp:term":[{"taxonomy":"category","embeddable":true,"href":"https:\/\/www.portalalerta.com.br\/index.php\/wp-json\/wp\/v2\/categories?post=47184"},{"taxonomy":"post_tag","embeddable":true,"href":"https:\/\/www.portalalerta.com.br\/index.php\/wp-json\/wp\/v2\/tags?post=47184"}],"curies":[{"name":"wp","href":"https:\/\/api.w.org\/{rel}","templated":true}]}}