{"id":47190,"date":"2023-02-06T16:02:00","date_gmt":"2023-02-06T19:02:00","guid":{"rendered":"https:\/\/www.portalalerta.com.br\/?p=47190"},"modified":"2023-02-05T21:43:32","modified_gmt":"2023-02-06T00:43:32","slug":"apos-denuncias-michelle-bolsonaro-vira-alvo-de-acao-por-suposto-envolvimento-com-corrupcao","status":"publish","type":"post","link":"https:\/\/www.portalalerta.com.br\/index.php\/2023\/02\/06\/apos-denuncias-michelle-bolsonaro-vira-alvo-de-acao-por-suposto-envolvimento-com-corrupcao\/","title":{"rendered":"Ap\u00f3s den\u00fancias, Michelle Bolsonaro vira alvo de a\u00e7\u00e3o por suposto envolvimento com corrup\u00e7\u00e3o"},"content":{"rendered":"\n<p>Al\u00e9m disso, a ex-primeira-dama tamb\u00e9m virou alvo de a\u00e7\u00f5es por conta de supostos ass\u00e9dios morais e apropria\u00e7\u00e3o ind\u00e9bita<\/p>\n\n\n\n<!--more-->\n\n\n\n<p>O senador Humberto Costa (PT), neste s\u00e1bado (4), comunicou atrav\u00e9s de suas redes sociais que ir\u00e1 mover a\u00e7\u00f5es contra a ex-primeira-dama Michelle Bolsonaro por ela supostamente ter se envolvido em um esquema de corrup\u00e7\u00e3o e praticado ass\u00e9dio moral, assim como apropria\u00e7\u00e3o ind\u00e9bita.<\/p>\n\n\n<div class=\"wp-block-image\">\n<figure class=\"alignleft size-large is-resized\"><img fetchpriority=\"high\" decoding=\"async\" src=\"https:\/\/www.portalalerta.com.br\/wp-content\/uploads\/2023\/01\/Real-Volta-as-Aulas-2023-816x1024.jpeg\" alt=\"\" class=\"wp-image-46862\" width=\"397\" height=\"498\"\/><\/figure><\/div>\n\n\n<p>As den\u00fancias \u00e0 respeito de Michelle foram divulgadas por meio de uma mat\u00e9ria do portal Metr\u00f3poles, onde&nbsp;s\u00e3o expostas situa\u00e7\u00f5es em&nbsp;que a ex-primeira-dama supostamente se envolveu.<\/p>\n\n\n\n<p>Entre as den\u00fancias, \u00e9 citada&nbsp;a participa\u00e7\u00e3o de Michelle em um esquema de rachadinha e casos de ass\u00e9dio contra servidores do Pal\u00e1cio do Planalto.<\/p>\n\n\n\n<p><strong><em>&#8220;Ap\u00f3s as graves den\u00fancias apresentadas pelo Metr\u00f3poles &#8211; que ligam Michelle Bolsonaro a s\u00e9rie de crimes como pr\u00e1tica de &#8216;rachadinha&#8217;, ass\u00e9dio moral e corrup\u00e7\u00e3o &#8211; decidi entrar com uma s\u00e9rie de representa\u00e7\u00f5es nos \u00f3rg\u00e3os competentes para a apura\u00e7\u00e3o dos fatos. Vou solicitar ao Minist\u00e9rio P\u00fablico Federal (MPF) e a Pol\u00edcia Federal (PF) que apurem os poss\u00edveis crimes de apropria\u00e7\u00e3o ind\u00e9bita, corrup\u00e7\u00e3o e atos de improbidade administrativa cometidos pela ex-primeira-dama&#8221;,<\/em><\/strong> escreveu Humberto Costa.<\/p>\n\n\n\n<p><strong><em>&#8220;Vamos acionar tamb\u00e9m o Minist\u00e9rio P\u00fablico do Trabalho (MPT) para apura\u00e7\u00e3o de responsabilidades em virtude dos maus tratos aos funcion\u00e1rios terceirizados que prestavam servi\u00e7os no Pal\u00e1cio da Alvorada e vamos pedir para Controladoria-Geral da Uni\u00e3o (CGU) que apure as responsabilidades funcionais e administrativas dos servidores envolvidos.&#8221;<\/em><\/strong><\/p>\n\n\n\n<p>Al\u00e9m disso, o parlamentar afirmou que solicitar\u00e1 ao Tribunal de Contas da Uni\u00e3o (TCU) a apura\u00e7\u00e3o voltada a poss\u00edveis desvios de recursos p\u00fablicos e danos ao patrim\u00f4nio p\u00fablico de forma geral.<\/p>\n\n\n\n<p><em>Fonte: Metro1<\/em><\/p>\n","protected":false},"excerpt":{"rendered":"<p>Al\u00e9m disso, a ex-primeira-dama tamb\u00e9m virou alvo de a\u00e7\u00f5es por conta de supostos ass\u00e9dios morais e apropria\u00e7\u00e3o ind\u00e9bita<\/p>\n","protected":false},"author":2,"featured_media":47191,"comment_status":"open","ping_status":"open","sticky":false,"template":"","format":"standard","meta":{"om_disable_all_campaigns":false,"_monsterinsights_skip_tracking":false,"_monsterinsights_sitenote_active":false,"_monsterinsights_sitenote_note":"","_monsterinsights_sitenote_category":0,"footnotes":""},"categories":[34,70,69,21],"tags":[100,71,48,4179,93,75,4178,115,4180,129,107,4181,132,230,4488,3828,106,203,120,51,199,109,88,47,111,190],"class_list":["post-47190","post","type-post","status-publish","format-standard","has-post-thumbnail","hentry","category-brasil","category-destaques","category-noticias2","category-politica","tag-adustina","tag-antas","tag-araci","tag-banzae-2","tag-brasil","tag-cicero-dantas","tag-cipo-2","tag-corrupcao","tag-crisopolis-2","tag-euclides-da-cunha","tag-fatima","tag-heliopolis-2","tag-itapicuru","tag-jeremoabo","tag-michele-bolsonaro","tag-noticias","tag-nova-soure","tag-novo-triunfo","tag-olindina","tag-paripiranga","tag-politica","tag-quijingue","tag-ribeira-do-amparo","tag-ribeira-do-pombal","tag-sitio-do-quinto","tag-tucano"],"aioseo_notices":[],"_links":{"self":[{"href":"https:\/\/www.portalalerta.com.br\/index.php\/wp-json\/wp\/v2\/posts\/47190","targetHints":{"allow":["GET"]}}],"collection":[{"href":"https:\/\/www.portalalerta.com.br\/index.php\/wp-json\/wp\/v2\/posts"}],"about":[{"href":"https:\/\/www.portalalerta.com.br\/index.php\/wp-json\/wp\/v2\/types\/post"}],"author":[{"embeddable":true,"href":"https:\/\/www.portalalerta.com.br\/index.php\/wp-json\/wp\/v2\/users\/2"}],"replies":[{"embeddable":true,"href":"https:\/\/www.portalalerta.com.br\/index.php\/wp-json\/wp\/v2\/comments?post=47190"}],"version-history":[{"count":1,"href":"https:\/\/www.portalalerta.com.br\/index.php\/wp-json\/wp\/v2\/posts\/47190\/revisions"}],"predecessor-version":[{"id":47192,"href":"https:\/\/www.portalalerta.com.br\/index.php\/wp-json\/wp\/v2\/posts\/47190\/revisions\/47192"}],"wp:featuredmedia":[{"embeddable":true,"href":"https:\/\/www.portalalerta.com.br\/index.php\/wp-json\/wp\/v2\/media\/47191"}],"wp:attachment":[{"href":"https:\/\/www.portalalerta.com.br\/index.php\/wp-json\/wp\/v2\/media?parent=47190"}],"wp:term":[{"taxonomy":"category","embeddable":true,"href":"https:\/\/www.portalalerta.com.br\/index.php\/wp-json\/wp\/v2\/categories?post=47190"},{"taxonomy":"post_tag","embeddable":true,"href":"https:\/\/www.portalalerta.com.br\/index.php\/wp-json\/wp\/v2\/tags?post=47190"}],"curies":[{"name":"wp","href":"https:\/\/api.w.org\/{rel}","templated":true}]}}