{"id":47193,"date":"2023-02-06T16:03:00","date_gmt":"2023-02-06T19:03:00","guid":{"rendered":"https:\/\/www.portalalerta.com.br\/?p=47193"},"modified":"2023-02-05T21:50:18","modified_gmt":"2023-02-06T00:50:18","slug":"cipo-ba-esta-entre-as-mais-de-60-cidades-do-interior-da-bahia-que-tera-carnaval-em-2023","status":"publish","type":"post","link":"https:\/\/www.portalalerta.com.br\/index.php\/2023\/02\/06\/cipo-ba-esta-entre-as-mais-de-60-cidades-do-interior-da-bahia-que-tera-carnaval-em-2023\/","title":{"rendered":"Cip\u00f3-BA est\u00e1 entre as mais de 60 cidades do interior da Bahia que ter\u00e1 Carnaval em 2023"},"content":{"rendered":"\n<p>O governador Jer\u00f4nimo Rodrigues lan\u00e7ou, neste s\u00e1bado (4), o Carnaval do interior da Bahia. Em cerim\u00f4nia realizada em Itacar\u00e9, no litoral sul, o gestor anunciou os investimentos da folia, ap\u00f3s dois anos sem a festa.&nbsp;Para abrir os festejos, a cantora Daniela Mercury se apresentou no trio el\u00e9trico, na Pra\u00e7a S\u00e3o Miguel.<\/p>\n\n\n\n<!--more-->\n\n\n\n<p>Com o tema <strong>\u2018Balan\u00e7a o Ch\u00e3o da Pra\u00e7a\u2019<\/strong>, em refer\u00eancia \u00e0 can\u00e7\u00e3o de Moraes Moreira, a folia homenageia o cantor, que foi o primeiro da hist\u00f3ria do trio el\u00e9trico. A festa&nbsp;come\u00e7ar\u00e1&nbsp;no dia 17 e vai at\u00e9 o dia 21 de fevereiro.&nbsp;<\/p>\n\n\n\n<p>O Carnaval do interior&nbsp;vai acontecer em mais de 60 cidades, entre as quais est\u00e3o: <strong>Alcoba\u00e7a, Angical, Barra do Mendes, Belmonte, Bom Jesus da Lapa, Brotas de Maca\u00fabas, Cabeceiras do Paragua\u00e7u, C\u00e2ndido Sales, Camamu, Caravelas, Correntina, Cip\u00f3, Esplanada, Itabuna, Itacar\u00e9, Itiuba, Jussiape, Lap\u00e3o, Madre de Deus, Lauro de Freitas, Nova F\u00e1tima, Palmeiras, Paramirim, Porto Seguro, Prado, Rio do Pires, Santa B\u00e1rbara, Tanquinho, V\u00e1rzea do Po\u00e7o, Paratinga e Itaparica<\/strong>.<\/p>\n\n\n\n<p>Durante o evento, Jer\u00f4nimo refor\u00e7ou a import\u00e2ncia de apoiar a programa\u00e7\u00e3o fora de Salvador.&nbsp;<strong><em>\u201cA for\u00e7a maior que o Estado faz \u00e9 dando seguran\u00e7a no interior quando acontece algum movimento cultural. S\u00e3o homens e mulheres da Pol\u00edcia Militar, Civil e Bombeiros que trabalham diariamente no Carnaval. Ent\u00e3o, resolvemos juntar isso, aportando trabalhos de sa\u00fade, seguran\u00e7a p\u00fablica e apoiando atividades culturais\u201d<\/em><\/strong>, detalhou.<\/p>\n\n\n\n<p><em>Fonte: Metro1<\/em><\/p>\n","protected":false},"excerpt":{"rendered":"<p>O governador Jer\u00f4nimo Rodrigues lan\u00e7ou, neste s\u00e1bado (4), o Carnaval do interior da Bahia. Em cerim\u00f4nia realizada em Itacar\u00e9, no litoral sul, o gestor anunciou os investimentos da folia, ap\u00f3s dois anos sem a festa.&nbsp;Para abrir os festejos, a cantora Daniela Mercury se apresentou no trio el\u00e9trico, na Pra\u00e7a S\u00e3o Miguel.<\/p>\n","protected":false},"author":2,"featured_media":47194,"comment_status":"open","ping_status":"open","sticky":false,"template":"","format":"standard","meta":{"om_disable_all_campaigns":false,"_monsterinsights_skip_tracking":false,"_monsterinsights_sitenote_active":false,"_monsterinsights_sitenote_note":"","_monsterinsights_sitenote_category":0,"footnotes":""},"categories":[33,13,70,36,69,32],"tags":[5704,100,5894,5896,71,48,54,4179,2397,3115,2399,5897,5895,1810,2641,932,448,75,4178,408,4180,934,129,107,4181,1006,3548,1952,132,5898,230,2426,3409,1553,1909,3828,2440,106,203,120,1907,2444,51,333,1054,109,88,47,2453,290,111,1912,190,2468],"class_list":["post-47193","post","type-post","status-publish","format-standard","has-post-thumbnail","hentry","category-bahia","category-cipo","category-destaques","category-lazer","category-noticias2","category-regiao","tag-5704","tag-adustina","tag-alcobaca","tag-angical","tag-antas","tag-araci","tag-bahia","tag-banzae-2","tag-barra-do-mendes","tag-belmonte","tag-bom-jesus-da-lapa","tag-brotas-de-macaubas-2","tag-cabeceiras-do-paraguacu","tag-camamu","tag-candido-sales","tag-caravelas","tag-carnaval","tag-cicero-dantas","tag-cipo-2","tag-correntina","tag-crisopolis-2","tag-esplanada","tag-euclides-da-cunha","tag-fatima","tag-heliopolis-2","tag-itabuna","tag-itacare","tag-itaparica","tag-itapicuru","tag-itiuba-2","tag-jeremoabo","tag-jussiape","tag-lapao","tag-lauro-de-freitas","tag-madre-de-deus","tag-noticias","tag-nova-fatima","tag-nova-soure","tag-novo-triunfo","tag-olindina","tag-palmeiras","tag-paramirim","tag-paripiranga","tag-porto-seguro","tag-prado","tag-quijingue","tag-ribeira-do-amparo","tag-ribeira-do-pombal","tag-rio-do-pires","tag-santa-barbara","tag-sitio-do-quinto","tag-tanquinho","tag-tucano","tag-varzea-do-poco"],"aioseo_notices":[],"_links":{"self":[{"href":"https:\/\/www.portalalerta.com.br\/index.php\/wp-json\/wp\/v2\/posts\/47193","targetHints":{"allow":["GET"]}}],"collection":[{"href":"https:\/\/www.portalalerta.com.br\/index.php\/wp-json\/wp\/v2\/posts"}],"about":[{"href":"https:\/\/www.portalalerta.com.br\/index.php\/wp-json\/wp\/v2\/types\/post"}],"author":[{"embeddable":true,"href":"https:\/\/www.portalalerta.com.br\/index.php\/wp-json\/wp\/v2\/users\/2"}],"replies":[{"embeddable":true,"href":"https:\/\/www.portalalerta.com.br\/index.php\/wp-json\/wp\/v2\/comments?post=47193"}],"version-history":[{"count":1,"href":"https:\/\/www.portalalerta.com.br\/index.php\/wp-json\/wp\/v2\/posts\/47193\/revisions"}],"predecessor-version":[{"id":47195,"href":"https:\/\/www.portalalerta.com.br\/index.php\/wp-json\/wp\/v2\/posts\/47193\/revisions\/47195"}],"wp:featuredmedia":[{"embeddable":true,"href":"https:\/\/www.portalalerta.com.br\/index.php\/wp-json\/wp\/v2\/media\/47194"}],"wp:attachment":[{"href":"https:\/\/www.portalalerta.com.br\/index.php\/wp-json\/wp\/v2\/media?parent=47193"}],"wp:term":[{"taxonomy":"category","embeddable":true,"href":"https:\/\/www.portalalerta.com.br\/index.php\/wp-json\/wp\/v2\/categories?post=47193"},{"taxonomy":"post_tag","embeddable":true,"href":"https:\/\/www.portalalerta.com.br\/index.php\/wp-json\/wp\/v2\/tags?post=47193"}],"curies":[{"name":"wp","href":"https:\/\/api.w.org\/{rel}","templated":true}]}}