{"id":47284,"date":"2023-02-10T14:35:04","date_gmt":"2023-02-10T17:35:04","guid":{"rendered":"https:\/\/www.portalalerta.com.br\/?p=47284"},"modified":"2023-02-10T14:35:05","modified_gmt":"2023-02-10T17:35:05","slug":"houve-excesso-de-justificativa-em-sigilos-diz-ministro-da-cgu","status":"publish","type":"post","link":"https:\/\/www.portalalerta.com.br\/index.php\/2023\/02\/10\/houve-excesso-de-justificativa-em-sigilos-diz-ministro-da-cgu\/","title":{"rendered":"Houve excesso de justificativa em sigilos, diz ministro da CGU"},"content":{"rendered":"\n<p><em>\u00d3rg\u00e3o est\u00e1 revisando 234 casos de acesso \u00e0 informa\u00e7\u00e3o<\/em><\/p>\n\n\n\n<!--more-->\n\n\n\n<p>O ministro da Controladoria-Geral da Uni\u00e3o (CGU), Vin\u00edcius de Carvalho, disse que a pasta encontrou excesso de justificativas para impor sigilo a documentos da administra\u00e7\u00e3o p\u00fablica federal nos \u00faltimos anos, o que restringe ao acesso p\u00fablico.<\/p>\n\n\n<div class=\"wp-block-image\">\n<figure class=\"alignleft size-full is-resized\"><img fetchpriority=\"high\" decoding=\"async\" src=\"https:\/\/www.portalalerta.com.br\/wp-content\/uploads\/2021\/04\/ELAB.jpg\" alt=\"\" class=\"wp-image-34795\" width=\"416\" height=\"332\" srcset=\"https:\/\/www.portalalerta.com.br\/wp-content\/uploads\/2021\/04\/ELAB.jpg 1000w, https:\/\/www.portalalerta.com.br\/wp-content\/uploads\/2021\/04\/ELAB-300x240.jpg 300w, https:\/\/www.portalalerta.com.br\/wp-content\/uploads\/2021\/04\/ELAB-768x614.jpg 768w, https:\/\/www.portalalerta.com.br\/wp-content\/uploads\/2021\/04\/ELAB-183x146.jpg 183w, https:\/\/www.portalalerta.com.br\/wp-content\/uploads\/2021\/04\/ELAB-50x40.jpg 50w, https:\/\/www.portalalerta.com.br\/wp-content\/uploads\/2021\/04\/ELAB-94x75.jpg 94w\" sizes=\"(max-width: 416px) 100vw, 416px\" \/><\/figure><\/div>\n\n\n<p>A\u00a0CGU est\u00e1 revisando 234 casos de acesso\u00a0\u00e0 informa\u00e7\u00e3o negados nos \u00faltimos anos. De acordo com o ministro, a maioria das justificativas para o n\u00e3o atendimento foi por envolverem dados pessoais, seguran\u00e7a nacional, a\u00e7\u00f5es de intelig\u00eancia e quest\u00f5es relativas \u00e0 seguran\u00e7a do presidente da Rep\u00fablica e familiares.<\/p>\n\n\n\n<p><strong><em>\u201cNotamos um excesso de justificativas para restringir o acesso \u00e0 informa\u00e7\u00e3o\u201d, disse em entrevista ao programa&nbsp;A Voz do Brasil. \u201cMesmo em rela\u00e7\u00e3o a dados pessoais, voc\u00ea pode abrir o sigilo, desde haja um interesse p\u00fablico que prevale\u00e7a no caso\u201d<\/em><\/strong>, complementou.<\/p>\n\n\n\n<p>Entre os casos em an\u00e1lise, est\u00e3o registros de entrada e sa\u00edda de pr\u00e9dios p\u00fablicos e procedimentos disciplinares de militares.<\/p>\n\n\n\n<p>A reavalia\u00e7\u00e3o dos sigilos dos documentos foi determinada pelo presidente Luiz In\u00e1cio Lula da Silva. Ap\u00f3s a determina\u00e7\u00e3o, foram divulgados gastos com o cart\u00e3o corporativo dos ex-presidentes da Rep\u00fablica entre 2003 e 2022. As informa\u00e7\u00f5es liberadas abrangem os mandatos de Luiz In\u00e1cio Lula da Silva (2003-2010), Dilma Rousseff (2011-2016), Michel Temer (2016-2018) e Jair Bolsonaro (2019-2022).<\/p>\n\n\n\n<p><strong><em>\u201cA publicidade \u00e9 um valor, a transpar\u00eancia \u00e9 um valor, o sigilo \u00e9 uma exce\u00e7\u00e3o\u201d<\/em><\/strong>, ressaltou.<\/p>\n\n\n\n<p><em>Fonte: Ag\u00eancia Brasil &nbsp;<\/em><\/p>\n","protected":false},"excerpt":{"rendered":"<p>\u00d3rg\u00e3o est\u00e1 revisando 234 casos de acesso \u00e0 informa\u00e7\u00e3o<\/p>\n","protected":false},"author":2,"featured_media":47285,"comment_status":"open","ping_status":"open","sticky":false,"template":"","format":"standard","meta":{"om_disable_all_campaigns":false,"_monsterinsights_skip_tracking":false,"_monsterinsights_sitenote_active":false,"_monsterinsights_sitenote_note":"","_monsterinsights_sitenote_category":0,"footnotes":""},"categories":[34,70,69,21],"tags":[100,71,48,4179,93,5124,75,4178,4180,129,107,4181,132,230,3828,106,203,120,51,109,88,47,4207,111,190],"class_list":["post-47284","post","type-post","status-publish","format-standard","has-post-thumbnail","hentry","category-brasil","category-destaques","category-noticias2","category-politica","tag-adustina","tag-antas","tag-araci","tag-banzae-2","tag-brasil","tag-cgu","tag-cicero-dantas","tag-cipo-2","tag-crisopolis-2","tag-euclides-da-cunha","tag-fatima","tag-heliopolis-2","tag-itapicuru","tag-jeremoabo","tag-noticias","tag-nova-soure","tag-novo-triunfo","tag-olindina","tag-paripiranga","tag-quijingue","tag-ribeira-do-amparo","tag-ribeira-do-pombal","tag-sigilo","tag-sitio-do-quinto","tag-tucano"],"aioseo_notices":[],"_links":{"self":[{"href":"https:\/\/www.portalalerta.com.br\/index.php\/wp-json\/wp\/v2\/posts\/47284","targetHints":{"allow":["GET"]}}],"collection":[{"href":"https:\/\/www.portalalerta.com.br\/index.php\/wp-json\/wp\/v2\/posts"}],"about":[{"href":"https:\/\/www.portalalerta.com.br\/index.php\/wp-json\/wp\/v2\/types\/post"}],"author":[{"embeddable":true,"href":"https:\/\/www.portalalerta.com.br\/index.php\/wp-json\/wp\/v2\/users\/2"}],"replies":[{"embeddable":true,"href":"https:\/\/www.portalalerta.com.br\/index.php\/wp-json\/wp\/v2\/comments?post=47284"}],"version-history":[{"count":1,"href":"https:\/\/www.portalalerta.com.br\/index.php\/wp-json\/wp\/v2\/posts\/47284\/revisions"}],"predecessor-version":[{"id":47286,"href":"https:\/\/www.portalalerta.com.br\/index.php\/wp-json\/wp\/v2\/posts\/47284\/revisions\/47286"}],"wp:featuredmedia":[{"embeddable":true,"href":"https:\/\/www.portalalerta.com.br\/index.php\/wp-json\/wp\/v2\/media\/47285"}],"wp:attachment":[{"href":"https:\/\/www.portalalerta.com.br\/index.php\/wp-json\/wp\/v2\/media?parent=47284"}],"wp:term":[{"taxonomy":"category","embeddable":true,"href":"https:\/\/www.portalalerta.com.br\/index.php\/wp-json\/wp\/v2\/categories?post=47284"},{"taxonomy":"post_tag","embeddable":true,"href":"https:\/\/www.portalalerta.com.br\/index.php\/wp-json\/wp\/v2\/tags?post=47284"}],"curies":[{"name":"wp","href":"https:\/\/api.w.org\/{rel}","templated":true}]}}