{"id":47290,"date":"2023-02-10T14:44:19","date_gmt":"2023-02-10T17:44:19","guid":{"rendered":"https:\/\/www.portalalerta.com.br\/?p=47290"},"modified":"2023-02-10T14:44:21","modified_gmt":"2023-02-10T17:44:21","slug":"justica-do-rio-libera-sergio-cabral-de-prisao-domiciliar","status":"publish","type":"post","link":"https:\/\/www.portalalerta.com.br\/index.php\/2023\/02\/10\/justica-do-rio-libera-sergio-cabral-de-prisao-domiciliar\/","title":{"rendered":"Justi\u00e7a do Rio libera S\u00e9rgio Cabral de pris\u00e3o domiciliar"},"content":{"rendered":"\n<p><strong>TRF2 (Tribunal Regional Federal da 2\u00aa Regi\u00e3o) decidiu que o ex-governador do Rio dever\u00e1 cumprir somente medidas cautelares<\/strong><\/p>\n\n\n\n<!--more-->\n\n\n\n<p>A Justi\u00e7a Federal do Rio decidiu, nesta quinta-feira (9), liberar o ex-governador S\u00e9rgio Cabral da pris\u00e3o domiciliar. A determina\u00e7\u00e3o do TRF2 (Tribunal Regional Federal da 2\u00aa Regi\u00e3o) estabelece somente o cumprimento de medidas cautelares, como uso de tornozeleira eletr\u00f4nica, entrega do passaporte, recolhimento noturno e proibi\u00e7\u00e3o de falar com outros investigados.<\/p>\n\n\n\n<p>A decis\u00e3o da 1\u00aa Se\u00e7\u00e3o Especializada do Tribunal foi tomada no \u00e2mbito da\u00a0opera\u00e7\u00e3o Calicute, que prendeu o ex-governador do Rio em 2016, sob a acusa\u00e7\u00e3o de desvio de recursos federais em obras p\u00fablicas.<\/p>\n\n\n\n<p>No entendimento dos desembargadores, n\u00e3o persistem, atualmente, os motivos que levaram \u00e0 decreta\u00e7\u00e3o da pris\u00e3o preventiva do r\u00e9u, que n\u00e3o oferece mais risco \u00e0 ordem p\u00fablica nem \u00e0 instru\u00e7\u00e3o da a\u00e7\u00e3o penal, j\u00e1 conclu\u00edda.<\/p>\n\n\n\n<p><strong>Pris\u00e3o domiciliar<\/strong><\/p>\n\n\n\n<p>Em dezembro de 2022, Cabral\u00a0deixou a cadeia ap\u00f3s ter ficado seis anos na pris\u00e3o, pelas acusa\u00e7\u00f5es de corrup\u00e7\u00e3o em processos ligados \u00e0 opera\u00e7\u00e3o Lava Jato no Rio. Monitorado por tornozeleira eletr\u00f4nica, ele passou a viver em um apartamento em \u00e1rea nobre na zona sul.\u00a0<\/p>\n\n\n\n<p>Apesar das condena\u00e7\u00f5es do ex-governador, que somam mais de 400 anos em a\u00e7\u00f5es judiciais, o STF (Supremo Tribunal Federal)\u00a0entendeu que havia excesso de prazo no cumprimento da pris\u00e3o preventiva.<\/p>\n\n\n\n<p>Por meio de nota, os advogados Patr\u00edcia Proetti, Thayn\u00e1 Duarte, Daniel Bialski e Bruno Borragine comentaram a nova decis\u00e3o, que beneficia S\u00e9rgio Cabral:<\/p>\n\n\n\n<p><strong><em>&#8220;A defesa celebra o reconhecimento pela Justi\u00e7a da aus\u00eancia de motivos e do extenso e absurdo lapso temporal da pris\u00e3o do ex-governador&#8221;.&nbsp;<\/em><\/strong><\/p>\n\n\n\n<p><em>Fonte: R7<\/em><\/p>\n","protected":false},"excerpt":{"rendered":"<p>TRF2 (Tribunal Regional Federal da 2\u00aa Regi\u00e3o) decidiu que o ex-governador do Rio dever\u00e1 cumprir somente medidas cautelares<\/p>\n","protected":false},"author":2,"featured_media":3506,"comment_status":"open","ping_status":"open","sticky":false,"template":"","format":"standard","meta":{"om_disable_all_campaigns":false,"_monsterinsights_skip_tracking":false,"_monsterinsights_sitenote_active":false,"_monsterinsights_sitenote_note":"","_monsterinsights_sitenote_category":0,"footnotes":""},"categories":[34,70,69,21],"tags":[100,71,48,4179,93,75,4178,4180,129,117,107,4181,132,230,218,3828,106,203,120,51,199,109,88,47,301,111,190],"class_list":["post-47290","post","type-post","status-publish","format-standard","has-post-thumbnail","hentry","category-brasil","category-destaques","category-noticias2","category-politica","tag-adustina","tag-antas","tag-araci","tag-banzae-2","tag-brasil","tag-cicero-dantas","tag-cipo-2","tag-crisopolis-2","tag-euclides-da-cunha","tag-ex-governador","tag-fatima","tag-heliopolis-2","tag-itapicuru","tag-jeremoabo","tag-liberdade","tag-noticias","tag-nova-soure","tag-novo-triunfo","tag-olindina","tag-paripiranga","tag-politica","tag-quijingue","tag-ribeira-do-amparo","tag-ribeira-do-pombal","tag-sergio-cabral","tag-sitio-do-quinto","tag-tucano"],"aioseo_notices":[],"_links":{"self":[{"href":"https:\/\/www.portalalerta.com.br\/index.php\/wp-json\/wp\/v2\/posts\/47290","targetHints":{"allow":["GET"]}}],"collection":[{"href":"https:\/\/www.portalalerta.com.br\/index.php\/wp-json\/wp\/v2\/posts"}],"about":[{"href":"https:\/\/www.portalalerta.com.br\/index.php\/wp-json\/wp\/v2\/types\/post"}],"author":[{"embeddable":true,"href":"https:\/\/www.portalalerta.com.br\/index.php\/wp-json\/wp\/v2\/users\/2"}],"replies":[{"embeddable":true,"href":"https:\/\/www.portalalerta.com.br\/index.php\/wp-json\/wp\/v2\/comments?post=47290"}],"version-history":[{"count":1,"href":"https:\/\/www.portalalerta.com.br\/index.php\/wp-json\/wp\/v2\/posts\/47290\/revisions"}],"predecessor-version":[{"id":47291,"href":"https:\/\/www.portalalerta.com.br\/index.php\/wp-json\/wp\/v2\/posts\/47290\/revisions\/47291"}],"wp:featuredmedia":[{"embeddable":true,"href":"https:\/\/www.portalalerta.com.br\/index.php\/wp-json\/wp\/v2\/media\/3506"}],"wp:attachment":[{"href":"https:\/\/www.portalalerta.com.br\/index.php\/wp-json\/wp\/v2\/media?parent=47290"}],"wp:term":[{"taxonomy":"category","embeddable":true,"href":"https:\/\/www.portalalerta.com.br\/index.php\/wp-json\/wp\/v2\/categories?post=47290"},{"taxonomy":"post_tag","embeddable":true,"href":"https:\/\/www.portalalerta.com.br\/index.php\/wp-json\/wp\/v2\/tags?post=47290"}],"curies":[{"name":"wp","href":"https:\/\/api.w.org\/{rel}","templated":true}]}}