{"id":47292,"date":"2023-02-10T21:08:04","date_gmt":"2023-02-11T00:08:04","guid":{"rendered":"https:\/\/www.portalalerta.com.br\/?p=47292"},"modified":"2023-02-10T21:08:06","modified_gmt":"2023-02-11T00:08:06","slug":"nos-eua-lula-diz-que-nao-pedira-a-extradicao-de-bolsonaro","status":"publish","type":"post","link":"https:\/\/www.portalalerta.com.br\/index.php\/2023\/02\/10\/nos-eua-lula-diz-que-nao-pedira-a-extradicao-de-bolsonaro\/","title":{"rendered":"Nos EUA, Lula diz que n\u00e3o pedir\u00e1 a extradi\u00e7\u00e3o de Bolsonaro"},"content":{"rendered":"\n<p>O presidente Luiz In\u00e1cio Lula da Silva (PT) disse que n\u00e3o ir\u00e1 falar com o hom\u00f3logo americano, Joe Biden, sobre a extradi\u00e7\u00e3o de Jair Bolsonaro (PL), que est\u00e1 nos Estado Unidos, e que essa decis\u00e3o depende da Justi\u00e7a brasileira. A afirma\u00e7\u00e3o foi feita em entrevista \u00e0 CNN Internacional em Washington, nesta sexta (10), onde Lula se encontra com Biden.<\/p>\n\n\n\n<!--more-->\n\n\n\n<p><strong><em>&#8220;Um dia ele vai ter que voltar ao Brasil e enfrentar os processos que ele responde. Eu n\u00e3o vou falar com Biden sobre a extradi\u00e7\u00e3o do Bolsonaro, isso vai depender dos tribunais, e eu quero que ele seja considerado inocente at\u00e9 que seja provado o contr\u00e1rio, o que n\u00e3o aconteceu comigo&#8221;<\/em><\/strong>, afirmou Lula. <strong><em>&#8220;S\u00f3 falo com Biden sobre o assunto se ele falar disso.&#8221;<\/em><\/strong><\/p>\n\n\n<div class=\"wp-block-image\">\n<figure class=\"alignleft size-full is-resized\"><img fetchpriority=\"high\" decoding=\"async\" src=\"https:\/\/www.portalalerta.com.br\/wp-content\/uploads\/2021\/04\/ELAB.jpg\" alt=\"\" class=\"wp-image-34795\" width=\"432\" height=\"345\" srcset=\"https:\/\/www.portalalerta.com.br\/wp-content\/uploads\/2021\/04\/ELAB.jpg 1000w, https:\/\/www.portalalerta.com.br\/wp-content\/uploads\/2021\/04\/ELAB-300x240.jpg 300w, https:\/\/www.portalalerta.com.br\/wp-content\/uploads\/2021\/04\/ELAB-768x614.jpg 768w, https:\/\/www.portalalerta.com.br\/wp-content\/uploads\/2021\/04\/ELAB-183x146.jpg 183w, https:\/\/www.portalalerta.com.br\/wp-content\/uploads\/2021\/04\/ELAB-50x40.jpg 50w, https:\/\/www.portalalerta.com.br\/wp-content\/uploads\/2021\/04\/ELAB-94x75.jpg 94w\" sizes=\"(max-width: 432px) 100vw, 432px\" \/><\/figure><\/div>\n\n\n<p>O ex-presidente est\u00e1 no estado da Fl\u00f3rida, para onde foi antes da cerim\u00f4nia de posse de Lula. No \u00faltimo dia 30, Bolsonaro pediu visto de turista para permanecer mais tempo nos Estados Unidos, j\u00e1 que seu visto diplom\u00e1tico iria expirar.<\/p>\n\n\n\n<p>Em Washington, Lula deve apresentar a Biden a ideia do <strong><em>&#8220;clube da paz&#8221;<\/em><\/strong>, grupo de pa\u00edses que, na vis\u00e3o do Planalto, n\u00e3o est\u00e3o envolvidos diretamente no conflito e, portanto, poderiam negociar a paz entre R\u00fassia e Ucr\u00e2nia. Ele voltou a defender o plano durante a entrevista, quando perguntado se estava comprometido com a democracia fora do pa\u00eds como se diz com rela\u00e7\u00e3o ao sistema democr\u00e1tico brasileiro.<\/p>\n\n\n\n<p><strong><em>&#8220;Estou comprometido com a democracia. No caso da Ucr\u00e2nia e da R\u00fassia, \u00e9 preciso que algu\u00e9m esteja falando sobre paz. Precisamos falar com o presidente Putin sobre o erro que foi a invas\u00e3o [do territ\u00f3rio ucraniano], e devemos falar para a Ucr\u00e2nia conversar mais. O que quero dizer a Biden \u00e9 que \u00e9 necess\u00e1rio um grupo de pa\u00edses pela paz&#8221;<\/em><\/strong>, afirmou.<\/p>\n\n\n\n<p>Um alto funcion\u00e1rio do governo americano indicou, no entanto, que os Estados Unidos t\u00eam muitas ressalvas \u00e0 ideia. Segundo ele, os esfor\u00e7os pela paz devem reconhecer que h\u00e1 viola\u00e7\u00e3o da integridade territorial e da soberania ucranianas pela R\u00fassia, seguindo os crit\u00e9rios da Carta da ONU.<\/p>\n\n\n\n<p>Lula defende que um dos pa\u00edses que poderia participar dos di\u00e1logos pelo fim do conflito \u00e9 a China, aliada do presidente russo Vladimir Putin, com quem disse ter &#8220;amizade sem limites&#8221; poucas semanas antes do in\u00edcio da guerra. Pequim, no entanto, evita participar diretamente da disputa.<\/p>\n\n\n\n<p>Como adiantou a Folha de S.Paulo no \u00faltimo dia 27, o presidente Lula negou o pedido da Alemanha e vetou o envio de muni\u00e7\u00f5es de tanques Leopard-1, operados pelo Brasil, \u00e0 Ucr\u00e2nia, sob o argumento de que, se as enviasse, estaria se envolvendo diretamente com o conflito.<\/p>\n\n\n\n<p><strong><em>&#8220;Eu n\u00e3o quis mandar [muni\u00e7\u00e3o], porque se eu mandar, eu entrei na guerra. E eu n\u00e3o quero entrar na guerra, eu quero acabar com a guerra&#8221;<\/em><\/strong>, disse Lula, repetindo a segunda frase em seguida. <strong><em>&#8220;Esse \u00e9 meu dilema e o meu compromisso.&#8221;<\/em><\/strong><\/p>\n\n\n\n<p>O movimento vem na contram\u00e3o da intensifica\u00e7\u00e3o do envio de armas \u00e0 Ucr\u00e2nia que tem sido feita pelos aliados ocidentais de Kiev. Recentemente, americanos e europeus enviaram tanques Leopard-2 e Leopard-1, no caso dos alem\u00e3es, e M1 Abrams, no caso de Washington.<\/p>\n\n\n\n<p>Lula tem viagem confirmada para a China em mar\u00e7o, onde deve se encontrar o l\u00edder chin\u00eas Xi Jinping, em meio a tens\u00f5es entre Washington e Pequim relativas ao conflito europeu, aos incidentes dos bal\u00f5es chineses considerados espi\u00f5es pelos americanos e \u00e0 expans\u00e3o da presen\u00e7a militar dos Estados Unidos no Indo-Pac\u00edfico.<\/p>\n\n\n\n<p>Durante a entrevista, o presidente brasileiro tamb\u00e9m falou sobre os compromissos do Brasil com a redu\u00e7\u00e3o do desmatamento e dos planos de integrar as a\u00e7\u00f5es relativas ao clima e ao meio ambiente do governo federal com estados e munic\u00edpios.<\/p>\n\n\n\n<p>Ap\u00f3s o encontro na Casa Branca, os Estados Unidos devem anunciar a inten\u00e7\u00e3o de injetar recursos no Fundo Amaz\u00f4nia, principal iniciativa de arrecada\u00e7\u00e3o de verba para conserva\u00e7\u00e3o da floresta e combate ao desmatamento. Atualmente, \u00e9 gerido pelo BNDES (Banco Nacional de Desenvolvimento) e bancado pela Noruega e pela Alemanha, al\u00e9m de, em menor parte, pela Petrobras.<\/p>\n\n\n\n<p><em>Fonte: Yahoo Not\u00edcias<\/em><\/p>\n","protected":false},"excerpt":{"rendered":"<p>O presidente Luiz In\u00e1cio Lula da Silva (PT) disse que n\u00e3o ir\u00e1 falar com o hom\u00f3logo americano, Joe Biden, sobre a extradi\u00e7\u00e3o de Jair Bolsonaro (PL), que est\u00e1 nos Estado Unidos, e que essa decis\u00e3o depende da Justi\u00e7a brasileira. A afirma\u00e7\u00e3o foi feita em entrevista \u00e0 CNN Internacional em Washington, nesta sexta (10), onde Lula &hellip;<\/p>\n","protected":false},"author":2,"featured_media":47293,"comment_status":"open","ping_status":"open","sticky":false,"template":"","format":"standard","meta":{"om_disable_all_campaigns":false,"_monsterinsights_skip_tracking":false,"_monsterinsights_sitenote_active":false,"_monsterinsights_sitenote_note":"","_monsterinsights_sitenote_category":0,"footnotes":""},"categories":[34,70,35,69,21],"tags":[100,71,48,4179,93,75,4178,4180,327,129,107,4181,132,1395,230,3977,303,339,3828,106,203,120,51,109,88,47,111,190],"class_list":["post-47292","post","type-post","status-publish","format-standard","has-post-thumbnail","hentry","category-brasil","category-destaques","category-mundo","category-noticias2","category-politica","tag-adustina","tag-antas","tag-araci","tag-banzae-2","tag-brasil","tag-cicero-dantas","tag-cipo-2","tag-crisopolis-2","tag-eua","tag-euclides-da-cunha","tag-fatima","tag-heliopolis-2","tag-itapicuru","tag-jair-bolsonaro","tag-jeremoabo","tag-joe-biden","tag-lula","tag-mundo","tag-noticias","tag-nova-soure","tag-novo-triunfo","tag-olindina","tag-paripiranga","tag-quijingue","tag-ribeira-do-amparo","tag-ribeira-do-pombal","tag-sitio-do-quinto","tag-tucano"],"aioseo_notices":[],"_links":{"self":[{"href":"https:\/\/www.portalalerta.com.br\/index.php\/wp-json\/wp\/v2\/posts\/47292","targetHints":{"allow":["GET"]}}],"collection":[{"href":"https:\/\/www.portalalerta.com.br\/index.php\/wp-json\/wp\/v2\/posts"}],"about":[{"href":"https:\/\/www.portalalerta.com.br\/index.php\/wp-json\/wp\/v2\/types\/post"}],"author":[{"embeddable":true,"href":"https:\/\/www.portalalerta.com.br\/index.php\/wp-json\/wp\/v2\/users\/2"}],"replies":[{"embeddable":true,"href":"https:\/\/www.portalalerta.com.br\/index.php\/wp-json\/wp\/v2\/comments?post=47292"}],"version-history":[{"count":1,"href":"https:\/\/www.portalalerta.com.br\/index.php\/wp-json\/wp\/v2\/posts\/47292\/revisions"}],"predecessor-version":[{"id":47294,"href":"https:\/\/www.portalalerta.com.br\/index.php\/wp-json\/wp\/v2\/posts\/47292\/revisions\/47294"}],"wp:featuredmedia":[{"embeddable":true,"href":"https:\/\/www.portalalerta.com.br\/index.php\/wp-json\/wp\/v2\/media\/47293"}],"wp:attachment":[{"href":"https:\/\/www.portalalerta.com.br\/index.php\/wp-json\/wp\/v2\/media?parent=47292"}],"wp:term":[{"taxonomy":"category","embeddable":true,"href":"https:\/\/www.portalalerta.com.br\/index.php\/wp-json\/wp\/v2\/categories?post=47292"},{"taxonomy":"post_tag","embeddable":true,"href":"https:\/\/www.portalalerta.com.br\/index.php\/wp-json\/wp\/v2\/tags?post=47292"}],"curies":[{"name":"wp","href":"https:\/\/api.w.org\/{rel}","templated":true}]}}