{"id":47327,"date":"2023-02-13T14:44:10","date_gmt":"2023-02-13T17:44:10","guid":{"rendered":"https:\/\/www.portalalerta.com.br\/?p=47327"},"modified":"2023-02-13T14:44:12","modified_gmt":"2023-02-13T17:44:12","slug":"lula-vai-ao-nordeste-para-comecar-a-mostrar-agenda-positiva","status":"publish","type":"post","link":"https:\/\/www.portalalerta.com.br\/index.php\/2023\/02\/13\/lula-vai-ao-nordeste-para-comecar-a-mostrar-agenda-positiva\/","title":{"rendered":"Lula vai ao Nordeste para come\u00e7ar a mostrar agenda positiva"},"content":{"rendered":"\n<p>O presidente Luiz In\u00e1cio Lula da Silva dar\u00e1 sequ\u00eancia na pr\u00f3xima ter\u00e7a-feira a uma s\u00e9rie de viagens pelo pa\u00eds para tentar propagar uma agenda positiva de seu novo governo. Em visita \u00e0 cidade de Santo Amaro da Purifica\u00e7\u00e3o, na Bahia, o petista vai relan\u00e7ar o programa Minha Casa Minha Vida.<\/p>\n\n\n\n<!--more-->\n\n\n\n<p>No governo Jair Bolsonaro, o programa de moradia foi substitu\u00eddo pelo Casa Verde e Amarela. O foco da retomada do Minha Casa Minha Vida ser\u00e1 a contrata\u00e7\u00e3o e constru\u00e7\u00e3o de im\u00f3veis para a chamada Faixa 1, voltada para as fam\u00edlias de menor renda e cujo valor \u00e9 quase todo subsidiado.<\/p>\n\n\n<div class=\"wp-block-image\">\n<figure class=\"alignleft size-full is-resized\"><img fetchpriority=\"high\" decoding=\"async\" src=\"https:\/\/www.portalalerta.com.br\/wp-content\/uploads\/2021\/04\/ELAB.jpg\" alt=\"\" class=\"wp-image-34795\" width=\"361\" height=\"288\" srcset=\"https:\/\/www.portalalerta.com.br\/wp-content\/uploads\/2021\/04\/ELAB.jpg 1000w, https:\/\/www.portalalerta.com.br\/wp-content\/uploads\/2021\/04\/ELAB-300x240.jpg 300w, https:\/\/www.portalalerta.com.br\/wp-content\/uploads\/2021\/04\/ELAB-768x614.jpg 768w, https:\/\/www.portalalerta.com.br\/wp-content\/uploads\/2021\/04\/ELAB-183x146.jpg 183w, https:\/\/www.portalalerta.com.br\/wp-content\/uploads\/2021\/04\/ELAB-50x40.jpg 50w, https:\/\/www.portalalerta.com.br\/wp-content\/uploads\/2021\/04\/ELAB-94x75.jpg 94w\" sizes=\"(max-width: 361px) 100vw, 361px\" \/><\/figure><\/div>\n\n\n<p>No s\u00e1bado, o ministro da Casa Civil, Rui Costa, fez uma viagem preparat\u00f3ria a Santo Amaro da Purifica\u00e7\u00e3o. Ele disse que o governo apostar\u00e1 em parcerias com estados e munic\u00edpios para concluir obras paralisadas do programa. A ideia \u00e9 que os entes possam fazer reparos e adequa\u00e7\u00f5es nas \u00e1reas em que as obras est\u00e3o avan\u00e7adas. O ministro estabeleceu ainda uma meta at\u00e9 o final do ano.<\/p>\n\n\n\n<p>\u2014 <strong><em>Os estados s\u00e3o mais \u00e1geis nesse tipo de reparo, vamos chamar assim, nessa conclus\u00e3o. A ideia \u00e9 contar com essas parcerias para ganhar celeridade e, quem sabe, at\u00e9 o fim do ano entregar todas essas 170 mil<\/em><\/strong> \u2013 disse o ministro.<\/p>\n\n\n\n<p>Na quarta-feira, Lula ir\u00e1 a Sergipe para anunciar a retomada de um programa de obras em rodovias. No estado, o presidente vai visitar as interven\u00e7\u00f5es para a duplica\u00e7\u00e3o da BR-101.<\/p>\n\n\n\n<p>Na semana passada, o petista foi ao Rio inaugurar o Super Centro Carioca de Sa\u00fade, em Benfica, na zona norte da cidade. O presidente anunciou na ocasi\u00e3o um plano de investimentos na \u00e1rea da Sa\u00fade para reduzir a fila de espera por cirurgias no SUS.<\/p>\n\n\n\n<p>Lula quer que o governo acelere entregas para a popula\u00e7\u00e3o rapidamente. O presidente avalia que se a nova gest\u00e3o demorar para implantar pol\u00edticas p\u00fablicas, haver\u00e1 cobran\u00e7as da popula\u00e7\u00e3o.<\/p>\n\n\n\n<p>O petista abordou o assunto na primeira reuni\u00e3o ministerial do novo governo no dia 6 de janeiro. Desde ent\u00e3o, Rui Costa vem cobrando os colegas de Esplanada para que obras e programas sejam apresentados.<\/p>\n\n\n\n<p><em>Fonte: Yahoo Not\u00edcias<\/em><\/p>\n","protected":false},"excerpt":{"rendered":"<p>O presidente Luiz In\u00e1cio Lula da Silva dar\u00e1 sequ\u00eancia na pr\u00f3xima ter\u00e7a-feira a uma s\u00e9rie de viagens pelo pa\u00eds para tentar propagar uma agenda positiva de seu novo governo. Em visita \u00e0 cidade de Santo Amaro da Purifica\u00e7\u00e3o, na Bahia, o petista vai relan\u00e7ar o programa Minha Casa Minha Vida.<\/p>\n","protected":false},"author":2,"featured_media":23843,"comment_status":"open","ping_status":"open","sticky":false,"template":"","format":"standard","meta":{"om_disable_all_campaigns":false,"_monsterinsights_skip_tracking":false,"_monsterinsights_sitenote_active":false,"_monsterinsights_sitenote_note":"","_monsterinsights_sitenote_category":0,"footnotes":""},"categories":[33,34,70,69,21],"tags":[100,71,48,4179,93,75,4178,4180,129,107,4181,132,230,303,1068,3828,106,203,120,51,1152,109,88,47,111],"class_list":["post-47327","post","type-post","status-publish","format-standard","has-post-thumbnail","hentry","category-bahia","category-brasil","category-destaques","category-noticias2","category-politica","tag-adustina","tag-antas","tag-araci","tag-banzae-2","tag-brasil","tag-cicero-dantas","tag-cipo-2","tag-crisopolis-2","tag-euclides-da-cunha","tag-fatima","tag-heliopolis-2","tag-itapicuru","tag-jeremoabo","tag-lula","tag-nordeste","tag-noticias","tag-nova-soure","tag-novo-triunfo","tag-olindina","tag-paripiranga","tag-presidente-da-republica","tag-quijingue","tag-ribeira-do-amparo","tag-ribeira-do-pombal","tag-sitio-do-quinto"],"aioseo_notices":[],"_links":{"self":[{"href":"https:\/\/www.portalalerta.com.br\/index.php\/wp-json\/wp\/v2\/posts\/47327","targetHints":{"allow":["GET"]}}],"collection":[{"href":"https:\/\/www.portalalerta.com.br\/index.php\/wp-json\/wp\/v2\/posts"}],"about":[{"href":"https:\/\/www.portalalerta.com.br\/index.php\/wp-json\/wp\/v2\/types\/post"}],"author":[{"embeddable":true,"href":"https:\/\/www.portalalerta.com.br\/index.php\/wp-json\/wp\/v2\/users\/2"}],"replies":[{"embeddable":true,"href":"https:\/\/www.portalalerta.com.br\/index.php\/wp-json\/wp\/v2\/comments?post=47327"}],"version-history":[{"count":1,"href":"https:\/\/www.portalalerta.com.br\/index.php\/wp-json\/wp\/v2\/posts\/47327\/revisions"}],"predecessor-version":[{"id":47328,"href":"https:\/\/www.portalalerta.com.br\/index.php\/wp-json\/wp\/v2\/posts\/47327\/revisions\/47328"}],"wp:featuredmedia":[{"embeddable":true,"href":"https:\/\/www.portalalerta.com.br\/index.php\/wp-json\/wp\/v2\/media\/23843"}],"wp:attachment":[{"href":"https:\/\/www.portalalerta.com.br\/index.php\/wp-json\/wp\/v2\/media?parent=47327"}],"wp:term":[{"taxonomy":"category","embeddable":true,"href":"https:\/\/www.portalalerta.com.br\/index.php\/wp-json\/wp\/v2\/categories?post=47327"},{"taxonomy":"post_tag","embeddable":true,"href":"https:\/\/www.portalalerta.com.br\/index.php\/wp-json\/wp\/v2\/tags?post=47327"}],"curies":[{"name":"wp","href":"https:\/\/api.w.org\/{rel}","templated":true}]}}