{"id":47329,"date":"2023-02-13T21:51:52","date_gmt":"2023-02-14T00:51:52","guid":{"rendered":"https:\/\/www.portalalerta.com.br\/?p=47329"},"modified":"2023-02-13T21:51:54","modified_gmt":"2023-02-14T00:51:54","slug":"adolescente-que-usava-suastica-e-detido-apos-atentado-com-bomba-caseira-em-escola-de-sao-paulo","status":"publish","type":"post","link":"https:\/\/www.portalalerta.com.br\/index.php\/2023\/02\/13\/adolescente-que-usava-suastica-e-detido-apos-atentado-com-bomba-caseira-em-escola-de-sao-paulo\/","title":{"rendered":"Adolescente que usava su\u00e1stica \u00e9 detido ap\u00f3s atentado com bomba caseira em escola de S\u00e3o Paulo"},"content":{"rendered":"\n<p>Um atentado terrorista mobilizou for\u00e7as policiais na manh\u00e3 desta segunda-feira (13) em Monte Mor, S\u00e3o Paulo. De acordo com as informa\u00e7\u00f5es, um adolescente de 17 anos, que portava uma machadinha e tinha uma su\u00e1stica no bra\u00e7o foi detido com uma bomba caseira em uma escola do munic\u00edpio.<\/p>\n\n\n\n<!--more-->\n\n\n\n<p>Duas explos\u00f5es foram registradas, mas ningu\u00e9m ficou ferido. Segundo divulgado, o caso ocorreu na Escola Estadual Professor Antonio Sproesser, onde tamb\u00e9m funciona a Escola Municipal Vista Alegre. O adolescente \u00e9 ex-aluno. Cerca de 300 estudantes de 12 a 15 anos estudam na escola durante a manh\u00e3. Ainda conforme as informa\u00e7\u00f5es, a pol\u00edcia aprendeu garrafadas amarradas com combust\u00edvel e pregos foram apreendidas.<\/p>\n\n\n<div class=\"wp-block-image\">\n<figure class=\"alignleft size-full\"><img fetchpriority=\"high\" decoding=\"async\" width=\"400\" height=\"300\" src=\"https:\/\/www.portalalerta.com.br\/wp-content\/uploads\/2023\/01\/Auto-Escola-Sonho.jpg\" alt=\"\" class=\"wp-image-47083\" srcset=\"https:\/\/www.portalalerta.com.br\/wp-content\/uploads\/2023\/01\/Auto-Escola-Sonho.jpg 400w, https:\/\/www.portalalerta.com.br\/wp-content\/uploads\/2023\/01\/Auto-Escola-Sonho-320x240.jpg 320w\" sizes=\"(max-width: 400px) 100vw, 400px\" \/><\/figure><\/div>\n\n\n<p>O secret\u00e1rio de Seguran\u00e7a da cidade, Anderson Palmieri, informou ao G1 que o rapaz n\u00e3o conseguiu entrar na escola (corredores e salas), mas chegou a atirar bombas caseiras na entrada da institui\u00e7\u00e3o. Al\u00e9m da pol\u00edcia, ambul\u00e2ncias e o Corpo de Bombeiros tamb\u00e9m foram acionados. Em nota enviada, a prefeitura local disse que a situa\u00e7\u00e3o foi contida e os alunos foram dispensados das aulas.<\/p>\n\n\n\n<p>O adolescente teria usado um carro da fam\u00edlia para ir at\u00e9 a escola, e atirado ao menos quatro bombas na institui\u00e7\u00e3o. A prefeitura tamb\u00e9m informou que n\u00e3o houve danos significativos no pr\u00e9dio. A escola passar\u00e1 por uma limpeza e n\u00e3o foi divulgado quando voltar\u00e1 a funcionar.<\/p>\n\n\n\n<p>Segundo um dos inspetores da Guarda Municipal, um caderno com s\u00edmbolos nazistas e um texto escrito pelo jovem foi apreendido. Havia, ainda, uma r\u00e9plica de fuzil. <strong><em>\u201cNesta carta [texto] consta que ele estava com o desejo de atacar esta escola, exclusivo a Escola Antonio Sproesser [Vista Alegre]. A gente n\u00e3o sabe o motivo ainda, vai ser levantada essa informa\u00e7\u00e3o, [al\u00e9m de] uma r\u00e9plica de fuzil e livros de refer\u00eancia ao nazismo\u201d<\/em><\/strong>, disse o inspetor.<\/p>\n\n\n\n<p><em>Fonte: A Voz do Campo<\/em><\/p>\n","protected":false},"excerpt":{"rendered":"<p>Um atentado terrorista mobilizou for\u00e7as policiais na manh\u00e3 desta segunda-feira (13) em Monte Mor, S\u00e3o Paulo. De acordo com as informa\u00e7\u00f5es, um adolescente de 17 anos, que portava uma machadinha e tinha uma su\u00e1stica no bra\u00e7o foi detido com uma bomba caseira em uma escola do munic\u00edpio.<\/p>\n","protected":false},"author":2,"featured_media":47330,"comment_status":"open","ping_status":"open","sticky":false,"template":"","format":"standard","meta":{"om_disable_all_campaigns":false,"_monsterinsights_skip_tracking":false,"_monsterinsights_sitenote_active":false,"_monsterinsights_sitenote_note":"","_monsterinsights_sitenote_category":0,"footnotes":""},"categories":[34,70,69,22],"tags":[100,71,143,48,374,4179,93,75,4178,4180,129,107,4181,132,230,5907,3828,106,203,120,51,109,88,47,404,111,190],"class_list":["post-47329","post","type-post","status-publish","format-standard","has-post-thumbnail","hentry","category-brasil","category-destaques","category-noticias2","category-seguranca","tag-adustina","tag-antas","tag-apreensao","tag-araci","tag-atentado","tag-banzae-2","tag-brasil","tag-cicero-dantas","tag-cipo-2","tag-crisopolis-2","tag-euclides-da-cunha","tag-fatima","tag-heliopolis-2","tag-itapicuru","tag-jeremoabo","tag-monte-mor","tag-noticias","tag-nova-soure","tag-novo-triunfo","tag-olindina","tag-paripiranga","tag-quijingue","tag-ribeira-do-amparo","tag-ribeira-do-pombal","tag-sao-paulo","tag-sitio-do-quinto","tag-tucano"],"aioseo_notices":[],"_links":{"self":[{"href":"https:\/\/www.portalalerta.com.br\/index.php\/wp-json\/wp\/v2\/posts\/47329","targetHints":{"allow":["GET"]}}],"collection":[{"href":"https:\/\/www.portalalerta.com.br\/index.php\/wp-json\/wp\/v2\/posts"}],"about":[{"href":"https:\/\/www.portalalerta.com.br\/index.php\/wp-json\/wp\/v2\/types\/post"}],"author":[{"embeddable":true,"href":"https:\/\/www.portalalerta.com.br\/index.php\/wp-json\/wp\/v2\/users\/2"}],"replies":[{"embeddable":true,"href":"https:\/\/www.portalalerta.com.br\/index.php\/wp-json\/wp\/v2\/comments?post=47329"}],"version-history":[{"count":1,"href":"https:\/\/www.portalalerta.com.br\/index.php\/wp-json\/wp\/v2\/posts\/47329\/revisions"}],"predecessor-version":[{"id":47331,"href":"https:\/\/www.portalalerta.com.br\/index.php\/wp-json\/wp\/v2\/posts\/47329\/revisions\/47331"}],"wp:featuredmedia":[{"embeddable":true,"href":"https:\/\/www.portalalerta.com.br\/index.php\/wp-json\/wp\/v2\/media\/47330"}],"wp:attachment":[{"href":"https:\/\/www.portalalerta.com.br\/index.php\/wp-json\/wp\/v2\/media?parent=47329"}],"wp:term":[{"taxonomy":"category","embeddable":true,"href":"https:\/\/www.portalalerta.com.br\/index.php\/wp-json\/wp\/v2\/categories?post=47329"},{"taxonomy":"post_tag","embeddable":true,"href":"https:\/\/www.portalalerta.com.br\/index.php\/wp-json\/wp\/v2\/tags?post=47329"}],"curies":[{"name":"wp","href":"https:\/\/api.w.org\/{rel}","templated":true}]}}